{"id":9324,"date":"2012-09-11T22:22:48","date_gmt":"2012-09-11T20:22:48","guid":{"rendered":"http:\/\/www.djk-erlangen.de\/fussball\/?p=9324"},"modified":"2012-09-11T22:27:25","modified_gmt":"2012-09-11T20:27:25","slug":"gelungener-saisonauftakt","status":"publish","type":"post","link":"https:\/\/www.djk-erlangen.de\/fussball\/?p=9324","title":{"rendered":"gelungener Saisonauftakt"},"content":{"rendered":"<p>Nach dem Aufgalopp nach 4 Wochen Sommerpause am vergangenen Sonntag, trafen wir am heutigen Dienstag zu einem ersten Kr\u00e4ftemessen auf eine spielstarke Mannschaft aus dem N\u00fcrnberger Raum, den SV 1873 S\u00fcd.<\/p>\n<p><!--more--><\/p>\n<p>Nachdem man in der zu Ende gegangen Saison nach dem Meistertitel und dem Trainerwechsel auf ein neues Spielsystem umgestellt hatte, sollte dieses heute erstmals nach mehreren Trockeneinheiten und Probephasen in die Praxis umgesetzt werden.<br \/>\nDie Jungs standen relativ sicher auf ihren Positionen doch war die Abstimmung untereinander in der Anfangsphase des Spiels nicht ganz wunschgem\u00e4\u00df. Daraus resultierte auch der F\u00fchrungstreffer der S\u00fcder in der 2. Spielminute welche einen Abspielfehler im Mittelfeld prompt nutzen.<\/p>\n<p>So nun waren auch unsere Urlaubs Sp\u00e4theimkehrer erwacht und besannen sich aufs Wesentliche. Folgerichtig wurde auch sch\u00f6n und fl\u00fcssig kombiniert und nach einem Doppelpa\u00df aus dem Lehrbuch zwischen Ben und Arijan und einem klugen Pa\u00df auf Konstantin erzielte dieser den zu diesem Zeitpunkt verdienten Ausgleichstreffer in der 4. Minute.<\/p>\n<p>Dieser Treffer sorgte jedoch nicht f\u00fcr die n\u00f6tige Ruhe in unserem Spielaufbau und die abgekl\u00e4rtere Mannschaft der S\u00fcder nutze einen Stellungsfehler unserer gesamten Defensivabteilung und konnten fr\u00fchzeitig in der 7. Spielminute wieder in F\u00fchrung gehen. Es kam noch dicker und die G\u00e4ste erh\u00f6hten kurz vor der Pause sogar noch auf 3:1 f\u00fcr ihre Farben.<\/p>\n<p>Der Pausenpfiff und der nachfolgende Regenschauer gepaart mit Blitz und Donner verl\u00e4ngerte unfreiwillig den Seitenwechsel und wurde daher intensiv f\u00fcr Einzelgespr\u00e4che in der Kabine genutzt.<br \/>\nNach dem Wiederanpfiff eine v\u00f6llig ver\u00e4nderte Mannschaft der Wiesenwegbuben. Man \u00fcbernahm sofort die Initiative auf dem Spielfeld und stemmte sich gegen die drohende Niederlage.<\/p>\n<p>In der 32. Spielminute war es Arijan vorbehalten mit einem sensationellen Distanzschu\u00df direkt in den Winkel den Anschlu\u00df wieder herzustellen. Irgendwie kamen wir auf den regennassen Gel\u00e4uf besser zur Recht und hatten noch einige klare Einschu\u00dfm\u00f6glichkeiten. Auch waren unsere G\u00e4ste aus dem S\u00fcden N\u00fcrnbergs mit ihren schnellen Gegenst\u00f6\u00dfen gerade \u00fcber deren Nr. 4 immer brandgef\u00e4hrlich. Doch brachten wir immer einen Fu\u00df bzw. Bein dazwischen und hatten in unserem sicheren Schlu\u00dfmann auch einen starken R\u00fcckhalt.<\/p>\n<p>In der Schlu\u00dfphase erh\u00f6hten wir nochmals den Druck im Spiel nach vorne und konnten durch einen sehenswerten Alleingang von Arijan in der 47. Spielminute den zu diesem Zeitpunkt verdienten Ausgleich erzielen.<\/p>\n<p>In den verbleibenden Spielminuten wurde es dann nochmals spannend, denn beide Mannschaften spielten jetzt mit offenem Visier und wollten unbedingt den Sieg einfahren. Gerade bei Standards zeigten wir uns stark verbessert und man sah deutlich die Trainingsarbeit in diesem Bereich. Eine letztendlich brenzlige Situation vor unserem Tor wurde durch den umsichtig leitenden Referee folgerichtig eingesch\u00e4tzt und bevor der n\u00e4chste Schauer \u00fcber den Wiesengrund hernieder ging wurde die faire und abwechslungsreiche Partie mit einem letzendlich f\u00fcr beide Seiten zufriedenem Unentschieden abgepfiffen.<\/p>\n<p>Ich denke es war ein sehenswertes Spiel zweier gleichwertiger Mannschaften. An dieser Stelle ein herzliches Dankesch\u00f6n an J\u00fcrgen Baske und sein Team f\u00fcr das Freundschaftspiel. Ich denke wir werden schon noch die eine oder andere Partie gegeneinander bestreiten.<\/p>\n<p>DJK Aufgebot:<br \/>\nLuis; Hannes; Daniel; Alex; Oliver; Lorenz; Konstantin; Benedikt; Ben; Arijan<\/p>\n<p>Tore:<br \/>\nArijan (2); Konstantin (1)<\/p>\n","protected":false},"excerpt":{"rendered":"<p>Nach dem Aufgalopp nach 4 Wochen Sommerpause am vergangenen Sonntag, trafen wir am heutigen Dienstag zu einem ersten Kr\u00e4ftemessen auf eine spielstarke Mannschaft aus dem N\u00fcrnberger Raum, den SV 1873 S\u00fcd.<\/p>\n","protected":false},"author":32,"featured_media":0,"comment_status":"open","ping_status":"closed","sticky":false,"template":"","format":"standard","meta":{"jetpack_post_was_ever_published":false,"_jetpack_newsletter_access":"","_jetpack_dont_email_post_to_subs":false,"_jetpack_newsletter_tier_id":0,"_jetpack_memberships_contains_paywalled_content":false,"_jetpack_memberships_contains_paid_content":false,"footnotes":"","jetpack_publicize_message":"","jetpack_publicize_feature_enabled":true,"jetpack_social_post_already_shared":false,"jetpack_social_options":{"image_generator_settings":{"template":"highway","default_image_id":0,"font":"","enabled":false},"version":2}},"categories":[8],"tags":[],"class_list":["post-9324","post","type-post","status-publish","format-standard","hentry","category-u11-e1"],"jetpack_publicize_connections":[],"jetpack_featured_media_url":"","jetpack_shortlink":"https:\/\/wp.me\/p2ZUr0-2qo","jetpack_sharing_enabled":true,"_links":{"self":[{"href":"https:\/\/www.djk-erlangen.de\/fussball\/index.php?rest_route=\/wp\/v2\/posts\/9324","targetHints":{"allow":["GET"]}}],"collection":[{"href":"https:\/\/www.djk-erlangen.de\/fussball\/index.php?rest_route=\/wp\/v2\/posts"}],"about":[{"href":"https:\/\/www.djk-erlangen.de\/fussball\/index.php?rest_route=\/wp\/v2\/types\/post"}],"author":[{"embeddable":true,"href":"https:\/\/www.djk-erlangen.de\/fussball\/index.php?rest_route=\/wp\/v2\/users\/32"}],"replies":[{"embeddable":true,"href":"https:\/\/www.djk-erlangen.de\/fussball\/index.php?rest_route=%2Fwp%2Fv2%2Fcomments&post=9324"}],"version-history":[{"count":2,"href":"https:\/\/www.djk-erlangen.de\/fussball\/index.php?rest_route=\/wp\/v2\/posts\/9324\/revisions"}],"predecessor-version":[{"id":9329,"href":"https:\/\/www.djk-erlangen.de\/fussball\/index.php?rest_route=\/wp\/v2\/posts\/9324\/revisions\/9329"}],"wp:attachment":[{"href":"https:\/\/www.djk-erlangen.de\/fussball\/index.php?rest_route=%2Fwp%2Fv2%2Fmedia&parent=9324"}],"wp:term":[{"taxonomy":"category","embeddable":true,"href":"https:\/\/www.djk-erlangen.de\/fussball\/index.php?rest_route=%2Fwp%2Fv2%2Fcategories&post=9324"},{"taxonomy":"post_tag","embeddable":true,"href":"https:\/\/www.djk-erlangen.de\/fussball\/index.php?rest_route=%2Fwp%2Fv2%2Ftags&post=9324"}],"curies":[{"name":"wp","href":"https:\/\/api.w.org\/{rel}","templated":true}]}}