{"id":927,"date":"2009-10-04T22:12:53","date_gmt":"2009-10-04T20:12:53","guid":{"rendered":"http:\/\/www.djk-erlangen.de\/fussball\/?p=927"},"modified":"2009-10-04T22:19:54","modified_gmt":"2009-10-04T20:19:54","slug":"f1-familienausflug-zu-greuther-furth","status":"publish","type":"post","link":"https:\/\/www.djk-erlangen.de\/fussball\/?p=927","title":{"rendered":"F1 Familienausflug zu Greuther F\u00fcrth"},"content":{"rendered":"<p style=\"text-align: justify;\">Am Samstag besuchten die Trainer, Betreuer und Eltern mit ihren Jungs der F1 das Fu\u00dfballspiel Greuther F\u00fcrth gegen Fortuna D\u00fcsseldorf. Viele waren das erste Mal im Fu\u00dfballstadion und erlebten, vor fast vollem Haus, ein Spitzenspiel der 2. Bundesliga. Mit \u00fcber 30 Teilnehmer sorgten wir im Familienblock, gemeinsam mit den F\u00fcrthern, f\u00fcr beste Stimmung.<\/p>\n<p style=\"text-align: justify;\"><!--more-->Dieses unvergessliches Erlebnis wird uns sicher wieder ins F\u00fcrther Stadion locken.<\/p>\n<p style=\"text-align: justify;\">\u00dcbrigens hat F\u00fcrth 2:1 mit unserer Unterst\u00fctzung gewonnen.<\/p>\n<p style=\"text-align: center;\"><a href=\"http:\/\/www.djk-erlangen.de\/fussball\/wp-content\/uploads\/2009\/10\/F\u00fcrth_2_10-1000X451.jpg\"><img loading=\"lazy\" decoding=\"async\" class=\"aligncenter size-medium wp-image-860\" title=\"F\u00fcrth_2_10 1000X451\" src=\"http:\/\/www.djk-erlangen.de\/fussball\/wp-content\/uploads\/2009\/10\/F\u00fcrth_2_10-1000X451-300x135.jpg\" alt=\"F\u00fcrth_2_10 1000X451\" width=\"300\" height=\"135\" srcset=\"https:\/\/www.djk-erlangen.de\/fussball\/wp-content\/uploads\/2009\/10\/F\u00fcrth_2_10-1000X451-300x135.jpg 300w, https:\/\/www.djk-erlangen.de\/fussball\/wp-content\/uploads\/2009\/10\/F\u00fcrth_2_10-1000X451.jpg 1000w\" sizes=\"auto, (max-width: 300px) 100vw, 300px\" \/><\/a><\/p>\n","protected":false},"excerpt":{"rendered":"<p>Am Samstag besuchten die Trainer, Betreuer und Eltern mit ihren Jungs der F1 das Fu\u00dfballspiel Greuther F\u00fcrth gegen Fortuna D\u00fcsseldorf. Viele waren das erste Mal im Fu\u00dfballstadion und erlebten, vor fast vollem Haus, ein Spitzenspiel der 2. Bundesliga. Mit \u00fcber &hellip; <a href=\"https:\/\/www.djk-erlangen.de\/fussball\/?p=927\">Weiterlesen <span class=\"meta-nav\">&rarr;<\/span><\/a><\/p>\n","protected":false},"author":9,"featured_media":0,"comment_status":"open","ping_status":"open","sticky":false,"template":"","format":"standard","meta":{"jetpack_post_was_ever_published":false,"_jetpack_newsletter_access":"","_jetpack_dont_email_post_to_subs":false,"_jetpack_newsletter_tier_id":0,"_jetpack_memberships_contains_paywalled_content":false,"_jetpack_memberships_contains_paid_content":false,"footnotes":"","jetpack_publicize_message":"","jetpack_publicize_feature_enabled":true,"jetpack_social_post_already_shared":false,"jetpack_social_options":{"image_generator_settings":{"template":"highway","default_image_id":0,"font":"","enabled":false},"version":2}},"categories":[15],"tags":[],"class_list":["post-927","post","type-post","status-publish","format-standard","hentry","category-u9-f1"],"jetpack_publicize_connections":[],"jetpack_featured_media_url":"","jetpack_shortlink":"https:\/\/wp.me\/p2ZUr0-eX","jetpack_sharing_enabled":true,"_links":{"self":[{"href":"https:\/\/www.djk-erlangen.de\/fussball\/index.php?rest_route=\/wp\/v2\/posts\/927","targetHints":{"allow":["GET"]}}],"collection":[{"href":"https:\/\/www.djk-erlangen.de\/fussball\/index.php?rest_route=\/wp\/v2\/posts"}],"about":[{"href":"https:\/\/www.djk-erlangen.de\/fussball\/index.php?rest_route=\/wp\/v2\/types\/post"}],"author":[{"embeddable":true,"href":"https:\/\/www.djk-erlangen.de\/fussball\/index.php?rest_route=\/wp\/v2\/users\/9"}],"replies":[{"embeddable":true,"href":"https:\/\/www.djk-erlangen.de\/fussball\/index.php?rest_route=%2Fwp%2Fv2%2Fcomments&post=927"}],"version-history":[{"count":5,"href":"https:\/\/www.djk-erlangen.de\/fussball\/index.php?rest_route=\/wp\/v2\/posts\/927\/revisions"}],"predecessor-version":[{"id":930,"href":"https:\/\/www.djk-erlangen.de\/fussball\/index.php?rest_route=\/wp\/v2\/posts\/927\/revisions\/930"}],"wp:attachment":[{"href":"https:\/\/www.djk-erlangen.de\/fussball\/index.php?rest_route=%2Fwp%2Fv2%2Fmedia&parent=927"}],"wp:term":[{"taxonomy":"category","embeddable":true,"href":"https:\/\/www.djk-erlangen.de\/fussball\/index.php?rest_route=%2Fwp%2Fv2%2Fcategories&post=927"},{"taxonomy":"post_tag","embeddable":true,"href":"https:\/\/www.djk-erlangen.de\/fussball\/index.php?rest_route=%2Fwp%2Fv2%2Ftags&post=927"}],"curies":[{"name":"wp","href":"https:\/\/api.w.org\/{rel}","templated":true}]}}