{"id":9014,"date":"2012-07-06T20:51:03","date_gmt":"2012-07-06T18:51:03","guid":{"rendered":"http:\/\/www.djk-erlangen.de\/fussball\/?p=9014"},"modified":"2012-07-06T21:40:24","modified_gmt":"2012-07-06T19:40:24","slug":"heiser-kampf-im-wiesengrund","status":"publish","type":"post","link":"https:\/\/www.djk-erlangen.de\/fussball\/?p=9014","title":{"rendered":"hei\u00dfer Kampf im Wiesengrund"},"content":{"rendered":"<p>Unser erster Pokalauftritt im Kreis bescherte uns gleich einen attraktiven Gegner. Wir trafen im heimischen Wiesengrund auf die G\u00e4ste aus Eltersdorf.<!--more-->Unser neuer Trainer hat die Mannschaft gut eingestellt und dementsprechend \u00fcberzeugt gingen wir auch in die Partie. Der SCE hatte den deutlich besseren Start und \u00fcbernahm<br \/>\nvon der ersten Spielminute an das Geschehen auf dem Platz. Jedoch hielten wir dagegen und konnten mit unserem ersten Angriff auch gleich durch Benedikt in der 3. Spielminute in F\u00fchrung gehen.<br \/>\nLeider war die Freude \u00fcber den F\u00fchrungstreffer zu gro\u00df ausgefallen und so schlugen die Eltersdorfer postwendend zur\u00fcck. In selbiger Spielminute egalisierten diese unsere F\u00fchrung.<br \/>\nDer Ausgleich sorgte irgendwie aus unerkl\u00e4rlichen Gr\u00fcnden f\u00fcr eine Schockstarre bei tropischen Temparaturen in unserem Team.<\/p>\n<p>Mit zunehmender Spieldauer nahmen die G\u00e4ste das Geschehen mehr und mehr in ihre Hand und erh\u00f6hten folgerichtig nach einem individuellen Fehler in unserem Mittelfeld durch einen Distanzschu\u00df auf 1:2 in Spielminute 5. Damit noch nicht genug. Keine 3 Minuten sp\u00e4ter erh\u00f6hten die G\u00e4ste sogar noch auf 1:3<br \/>\nDieser zweite Gegentreffer innerhalb k\u00fcrzester Zeit sorgte bei den Wiesenwegbuben irgenwie befreiend. Von nun an wurde wieder richtig sch\u00f6ner Fu\u00dfball gespielt und wir konnten nach einer Standardsituation nach Ecke von Arijan durch ein Kopfballtor!!!!\u00a0 &#8211; Ja ihr habt alle richtig gelesen!!! Ein Kopfballtor &#8211; durch Tim auf 2:3 in der 15. Min. verk\u00fcrzen.<\/p>\n<p>Leider kassierten wir im Gegenzug erneut einen weiteren Treffer, soda\u00df der alte Abstand wieder hergstellt war.<\/p>\n<p>Keine 2 Minuten sp\u00e4ter schnappte sich unser wei\u00dfer B\u00fcffel aus dem Wiesengrund das Spielger\u00e4t im Mittelfeld und tankte sich auf der rechten Au\u00dfenbahn mit einem wundersch\u00f6nen Alleingang bis in den gegnerischen Strafraum durch und verk\u00fcrzte auf 3:4<\/p>\n<p>Jedoch wenn nicht wieder im Gegenzug sondern gef\u00fchlte 2 Minuten sp\u00e4ter konnten die Eltersdorfer wiederholt den alten Abstand herstellen. Mit einem 3:5 wechselte man auch die Seiten.<\/p>\n<p>Im zweiten Spielabschnitt ein ver\u00e4ndertes Bild. Die Wiesenwegbuben \u00fcbten jetzt Druck aus. Aber leider wollte der Anschlu\u00dftreffer nicht gelingen. Immer wieder das gleiche Problem, unsere Abschlu\u00dfschw\u00e4che!\u00a0 Eltersdorf hatte zwar auch noch die eine oder andere Chance, scheiterten aber immer wieder am Aluminium oder unserem Torsteher Luis.<\/p>\n<p>\u00dcberhaupt mu\u00df man die gesamte Mannschaft f\u00fcr die Leistung im zweiten Spielabschnitt lobend erw\u00e4hnen. Unser Capitano hielt hinten dicht und verteilte geschickt die B\u00e4lle nach vorne. Leider<br \/>\nmu\u00dften wir dem hohen Tempo im zweiten Spielabschnitt Tribut zollen und konnten auf grund von Verletzungen nicht mehr wie gewohnt durchwechseln.<\/p>\n<p>Somit gratulieren wir dem SC Elterdorf zum Einzug in die n\u00e4chste Runde und f\u00fcr uns beginnt ab sofort die Analysephase. Bereits schon am morgigen Samstag werden wir das Turnier in Buckenhofen nutzen um einiges auszuprobieren.<\/p>\n<p>Eine \u00fcberragende Saison mit dem Meistertitel und einem Hammerturnier am Bodensee geht so langsam zu Ende und wir m\u00f6chten uns schon heute f\u00fcr die Unterst\u00fctzung bei Euch allen recht herzlich bedanken.<br \/>\nDie Pflicht ist somit erledigt und ab sofort folgt die K\u00fcr.<br \/>\nJetzt spielen wir noch 3 Turniere als E2 welche allesamt als Vorbereitung auf die neue Saison dann als E1 angesehen werden k\u00f6nnen&#8230;&#8230;<\/p>\n<p>Vielen Dank Jungs f\u00fcr die geile Saison mit Euch!<\/p>\n<p>DJK Aufgebot<br \/>\nLuis; Hannes; Oliver; Lorenz; Tim; Benedikt; Ben; Arijan; Konstantin<\/p>\n<p>Tore:<br \/>\nBenedikt (2); Tim (1)<\/p>\n","protected":false},"excerpt":{"rendered":"<p>Unser erster Pokalauftritt im Kreis bescherte uns gleich einen attraktiven Gegner. Wir trafen im heimischen Wiesengrund auf die G\u00e4ste aus Eltersdorf.<\/p>\n","protected":false},"author":32,"featured_media":0,"comment_status":"open","ping_status":"closed","sticky":false,"template":"","format":"standard","meta":{"jetpack_post_was_ever_published":false,"_jetpack_newsletter_access":"","_jetpack_dont_email_post_to_subs":false,"_jetpack_newsletter_tier_id":0,"_jetpack_memberships_contains_paywalled_content":false,"_jetpack_memberships_contains_paid_content":false,"footnotes":"","jetpack_publicize_message":"","jetpack_publicize_feature_enabled":true,"jetpack_social_post_already_shared":false,"jetpack_social_options":{"image_generator_settings":{"template":"highway","default_image_id":0,"font":"","enabled":false},"version":2}},"categories":[26],"tags":[],"class_list":["post-9014","post","type-post","status-publish","format-standard","hentry","category-u11-e2"],"jetpack_publicize_connections":[],"jetpack_featured_media_url":"","jetpack_shortlink":"https:\/\/wp.me\/p2ZUr0-2lo","jetpack_sharing_enabled":true,"_links":{"self":[{"href":"https:\/\/www.djk-erlangen.de\/fussball\/index.php?rest_route=\/wp\/v2\/posts\/9014","targetHints":{"allow":["GET"]}}],"collection":[{"href":"https:\/\/www.djk-erlangen.de\/fussball\/index.php?rest_route=\/wp\/v2\/posts"}],"about":[{"href":"https:\/\/www.djk-erlangen.de\/fussball\/index.php?rest_route=\/wp\/v2\/types\/post"}],"author":[{"embeddable":true,"href":"https:\/\/www.djk-erlangen.de\/fussball\/index.php?rest_route=\/wp\/v2\/users\/32"}],"replies":[{"embeddable":true,"href":"https:\/\/www.djk-erlangen.de\/fussball\/index.php?rest_route=%2Fwp%2Fv2%2Fcomments&post=9014"}],"version-history":[{"count":3,"href":"https:\/\/www.djk-erlangen.de\/fussball\/index.php?rest_route=\/wp\/v2\/posts\/9014\/revisions"}],"predecessor-version":[{"id":9016,"href":"https:\/\/www.djk-erlangen.de\/fussball\/index.php?rest_route=\/wp\/v2\/posts\/9014\/revisions\/9016"}],"wp:attachment":[{"href":"https:\/\/www.djk-erlangen.de\/fussball\/index.php?rest_route=%2Fwp%2Fv2%2Fmedia&parent=9014"}],"wp:term":[{"taxonomy":"category","embeddable":true,"href":"https:\/\/www.djk-erlangen.de\/fussball\/index.php?rest_route=%2Fwp%2Fv2%2Fcategories&post=9014"},{"taxonomy":"post_tag","embeddable":true,"href":"https:\/\/www.djk-erlangen.de\/fussball\/index.php?rest_route=%2Fwp%2Fv2%2Ftags&post=9014"}],"curies":[{"name":"wp","href":"https:\/\/api.w.org\/{rel}","templated":true}]}}