{"id":8985,"date":"2012-06-27T21:19:29","date_gmt":"2012-06-27T19:19:29","guid":{"rendered":"http:\/\/www.djk-erlangen.de\/fussball\/?p=8985"},"modified":"2012-06-28T08:17:05","modified_gmt":"2012-06-28T06:17:05","slug":"c-jugend-fsv-bruck-djk-erlangen-3-1","status":"publish","type":"post","link":"https:\/\/www.djk-erlangen.de\/fussball\/?p=8985","title":{"rendered":"C-Jugend FSV Bruck \u2013 DJK Erlangen 3 : 1"},"content":{"rendered":"<p>Das Gl\u00fcckslos hat uns die BOL Mannschaft des FSV Bruck bei den Erlanger Stadtmeisterschaften beschert.<!--more--><\/p>\n<p>Unser Gegner kam wie erwartet stark ins Spiel und\u00a0gab \u00fcber seine kompakte und schnell \u00fcberbr\u00fcckende Spielweise auch gleich\u00a0die Richtung an.<\/p>\n<p>Unsere Jungs konnten sich aber nach der 10 Minute freik\u00e4mpfen und hatten mehrfach 100 % ige Torchancen. Diese konnte der Brucker Torwart aber immer wieder vereiteln.<\/p>\n<p>Aus dem Nichts gelang dann den Brucker Angreifern das bis dahin schmeichelhafte 1:0.<\/p>\n<p>Danach konnten die Brucker das 2:0 erzielen. Postwendend gelang unserer Mannschaft durch Marcel auf\u00a0 Zuspiel Patti das verdiente 2:1.<\/p>\n<p>Mit diesem Ergebnis gingen beide Teams dann auch in die Pause.<\/p>\n<p>Nach Mitte der zweiten Halbzeit hatten die Brucker das Spiel komplett in ihre Hand genommen und das 3:1 erzielt.<\/p>\n<p>Es war ein sehr schnelles und intensives Spiel, welches aber von beiden Seiten sportlich fair gef\u00fchrt wurde und von Schiedsrichter umsichtig geleitet wurde.<\/p>\n<p>Respekt Jungs, tolles Tempo und absoluter Wille \u00fcber das komplette Spiel.<\/p>\n","protected":false},"excerpt":{"rendered":"<p>Das Gl\u00fcckslos hat uns die BOL Mannschaft des FSV Bruck bei den Erlanger Stadtmeisterschaften beschert.<\/p>\n","protected":false},"author":9,"featured_media":0,"comment_status":"open","ping_status":"closed","sticky":false,"template":"","format":"standard","meta":{"jetpack_post_was_ever_published":false,"_jetpack_newsletter_access":"","_jetpack_dont_email_post_to_subs":false,"_jetpack_newsletter_tier_id":0,"_jetpack_memberships_contains_paywalled_content":false,"_jetpack_memberships_contains_paid_content":false,"footnotes":"","jetpack_publicize_message":"","jetpack_publicize_feature_enabled":true,"jetpack_social_post_already_shared":false,"jetpack_social_options":{"image_generator_settings":{"template":"highway","default_image_id":0,"font":"","enabled":false},"version":2}},"categories":[11],"tags":[],"class_list":["post-8985","post","type-post","status-publish","format-standard","hentry","category-u15"],"jetpack_publicize_connections":[],"jetpack_featured_media_url":"","jetpack_shortlink":"https:\/\/wp.me\/p2ZUr0-2kV","jetpack_sharing_enabled":true,"_links":{"self":[{"href":"https:\/\/www.djk-erlangen.de\/fussball\/index.php?rest_route=\/wp\/v2\/posts\/8985","targetHints":{"allow":["GET"]}}],"collection":[{"href":"https:\/\/www.djk-erlangen.de\/fussball\/index.php?rest_route=\/wp\/v2\/posts"}],"about":[{"href":"https:\/\/www.djk-erlangen.de\/fussball\/index.php?rest_route=\/wp\/v2\/types\/post"}],"author":[{"embeddable":true,"href":"https:\/\/www.djk-erlangen.de\/fussball\/index.php?rest_route=\/wp\/v2\/users\/9"}],"replies":[{"embeddable":true,"href":"https:\/\/www.djk-erlangen.de\/fussball\/index.php?rest_route=%2Fwp%2Fv2%2Fcomments&post=8985"}],"version-history":[{"count":4,"href":"https:\/\/www.djk-erlangen.de\/fussball\/index.php?rest_route=\/wp\/v2\/posts\/8985\/revisions"}],"predecessor-version":[{"id":8988,"href":"https:\/\/www.djk-erlangen.de\/fussball\/index.php?rest_route=\/wp\/v2\/posts\/8985\/revisions\/8988"}],"wp:attachment":[{"href":"https:\/\/www.djk-erlangen.de\/fussball\/index.php?rest_route=%2Fwp%2Fv2%2Fmedia&parent=8985"}],"wp:term":[{"taxonomy":"category","embeddable":true,"href":"https:\/\/www.djk-erlangen.de\/fussball\/index.php?rest_route=%2Fwp%2Fv2%2Fcategories&post=8985"},{"taxonomy":"post_tag","embeddable":true,"href":"https:\/\/www.djk-erlangen.de\/fussball\/index.php?rest_route=%2Fwp%2Fv2%2Ftags&post=8985"}],"curies":[{"name":"wp","href":"https:\/\/api.w.org\/{rel}","templated":true}]}}