{"id":8975,"date":"2012-06-25T21:22:20","date_gmt":"2012-06-25T19:22:20","guid":{"rendered":"http:\/\/www.djk-erlangen.de\/fussball\/?p=8975"},"modified":"2012-06-25T21:22:20","modified_gmt":"2012-06-25T19:22:20","slug":"kreispokalderby","status":"publish","type":"post","link":"https:\/\/www.djk-erlangen.de\/fussball\/?p=8975","title":{"rendered":"Kreispokalderby"},"content":{"rendered":"<p>Bei windigem Wetter durften wir im Sandkasten des BSC Erlangen unser Kreispokalspiel austragen. Kurz vor der Partie meldet sich noch unser Torh\u00fcter krank. So war es an den Trainern,\u00a0einen Keeper aus dem restlichen Kader zu bennen. Die Aufgabe ging heute an David. P\u00fcnktlich wurde angepfiffen und kaum verloren wir den Ball nach dem Ansto\u00df, zappelte er auch schon in unserem\u00a0Netz.\u00a0<!--more--><\/p>\n<p>In diesem Takt ging es nahezu zu dem Entsetzen der Trainer und zahlreichen Fans weiter. Der Gegner wurde nicht attakiert, die B\u00e4lle nicht nach vorn gebracht, die Zweik\u00e4mpfe in der Abwehr nicht gewonnen. So lag man dann zur Pause mit 5:0 zur\u00fcck und war froh, erstmal in der Kabine zu sein.<\/p>\n<p>Doch die Pausenansprache mu\u00df es in sich gehabt haben. Hochmotiviert kamen unsere Wiesenwegbuben aus der Kabine. Nach dem Anpfiff ging es gleich hei\u00df her. Nun wurde kombiniert und gest\u00fcrmt, das der Gegner sich die Augen rieb. Auf einmal war Feuer drin in der Partie, die Fans am Rande das Sandkastens machten Stimmung.<\/p>\n<p>Doch\u00a0die Gastgeber legten nach, aber sich aufgeben war heute nicht angesagt. Unerm\u00fcdlich wurde nach vorn gearbeitet und zum hochverdienten 6:1 verk\u00fcrzte unser Jonas, nachdem er dem BSC Verteidiger den Ball mal kurz gemopst hatte.\u00a0Leider wurden unsere vielen Chancen nicht im Netz untergebracht. Kurz vor Schlu\u00df fingen wir uns noch einen Konter zum 7:1 Endstand. Die 2. Halbzeit hat gezeigt, was in der Mannschaft steckt. Da wurde gek\u00e4mpft,\u00a0gerackert, in die Zweik\u00e4mpfe gegangen und auch David steigerte sich um Welten im Tor.<\/p>\n<p>Darauf mu\u00df in der Zukunft aufgebaut werden. Dann werden sicherlich die n\u00e4chsten Spiele erfolgreicher gestaltet werden k\u00f6nnen.<\/p>\n<p>&nbsp;<\/p>\n<p>DjKAufgebot:<\/p>\n<p>David, Dominik, Jojo, Lino, Ermal, Alex, Rick, Jonas, Frederick<\/p>\n<p>&nbsp;<\/p>\n<p>Tore:<\/p>\n<p>Jonas (1)<\/p>\n","protected":false},"excerpt":{"rendered":"<p>Bei windigem Wetter durften wir im Sandkasten des BSC Erlangen unser Kreispokalspiel austragen. Kurz vor der Partie meldet sich noch unser Torh\u00fcter krank. So war es an den Trainern,\u00a0einen Keeper aus dem restlichen Kader zu bennen. Die Aufgabe ging heute &hellip; <a href=\"https:\/\/www.djk-erlangen.de\/fussball\/?p=8975\">Weiterlesen <span class=\"meta-nav\">&rarr;<\/span><\/a><\/p>\n","protected":false},"author":35,"featured_media":0,"comment_status":"open","ping_status":"closed","sticky":false,"template":"","format":"standard","meta":{"jetpack_post_was_ever_published":false,"_jetpack_newsletter_access":"","_jetpack_dont_email_post_to_subs":false,"_jetpack_newsletter_tier_id":0,"_jetpack_memberships_contains_paywalled_content":false,"_jetpack_memberships_contains_paid_content":false,"footnotes":"","jetpack_publicize_message":"","jetpack_publicize_feature_enabled":true,"jetpack_social_post_already_shared":false,"jetpack_social_options":{"image_generator_settings":{"template":"highway","default_image_id":0,"font":"","enabled":false},"version":2}},"categories":[27],"tags":[],"class_list":["post-8975","post","type-post","status-publish","format-standard","hentry","category-u11-e3"],"jetpack_publicize_connections":[],"jetpack_featured_media_url":"","jetpack_shortlink":"https:\/\/wp.me\/p2ZUr0-2kL","jetpack_sharing_enabled":true,"_links":{"self":[{"href":"https:\/\/www.djk-erlangen.de\/fussball\/index.php?rest_route=\/wp\/v2\/posts\/8975","targetHints":{"allow":["GET"]}}],"collection":[{"href":"https:\/\/www.djk-erlangen.de\/fussball\/index.php?rest_route=\/wp\/v2\/posts"}],"about":[{"href":"https:\/\/www.djk-erlangen.de\/fussball\/index.php?rest_route=\/wp\/v2\/types\/post"}],"author":[{"embeddable":true,"href":"https:\/\/www.djk-erlangen.de\/fussball\/index.php?rest_route=\/wp\/v2\/users\/35"}],"replies":[{"embeddable":true,"href":"https:\/\/www.djk-erlangen.de\/fussball\/index.php?rest_route=%2Fwp%2Fv2%2Fcomments&post=8975"}],"version-history":[{"count":4,"href":"https:\/\/www.djk-erlangen.de\/fussball\/index.php?rest_route=\/wp\/v2\/posts\/8975\/revisions"}],"predecessor-version":[{"id":8979,"href":"https:\/\/www.djk-erlangen.de\/fussball\/index.php?rest_route=\/wp\/v2\/posts\/8975\/revisions\/8979"}],"wp:attachment":[{"href":"https:\/\/www.djk-erlangen.de\/fussball\/index.php?rest_route=%2Fwp%2Fv2%2Fmedia&parent=8975"}],"wp:term":[{"taxonomy":"category","embeddable":true,"href":"https:\/\/www.djk-erlangen.de\/fussball\/index.php?rest_route=%2Fwp%2Fv2%2Fcategories&post=8975"},{"taxonomy":"post_tag","embeddable":true,"href":"https:\/\/www.djk-erlangen.de\/fussball\/index.php?rest_route=%2Fwp%2Fv2%2Ftags&post=8975"}],"curies":[{"name":"wp","href":"https:\/\/api.w.org\/{rel}","templated":true}]}}