{"id":8959,"date":"2012-06-23T01:13:17","date_gmt":"2012-06-22T23:13:17","guid":{"rendered":"http:\/\/www.djk-erlangen.de\/fussball\/?p=8959"},"modified":"2012-06-23T11:44:57","modified_gmt":"2012-06-23T09:44:57","slug":"es-ist-vollbracht","status":"publish","type":"post","link":"https:\/\/www.djk-erlangen.de\/fussball\/?p=8959","title":{"rendered":"Es ist vollbracht!"},"content":{"rendered":"<p>Am letzten und alles entscheidenen Spieltag mu\u00dften wir am Freitag zum VdS Spardorf reisen. Die Vorzeichen waren klar definiert. Nur bei einem eigenen Dreier in<br \/>\nder Fremde ist uns die Meisterschaft sicher.<\/p>\n<p><!--more--><\/p>\n<p>Bis auf den privat verhinderten Ben und dem erkrankten Tim sowie wegen einer Verletzung fehlenden Benedikt konnten wir alle Kinder zum vereinbarten Treffpunkt begr\u00fc\u00dfen. Unsere Ausf\u00e4lle<br \/>\nwurden durch den in den letzten Wochen immer besser in Tritt kommenden Rick aus der E3 sowie Valentin und Tobias kompensiert. Nachdem man zum eigentlichen Spielfeld von der Umkleidekabine gef\u00fchlte 3 Km laufen mu\u00dfte, hat Cheftrainer Thomas kurzerhand die Kabinenansprache ausfallen lassen und diese auf das Spielfeld verlegt.<\/p>\n<p>Nach unserem gewohnt intensiven Aufw\u00e4rmprogramm sickerte so allm\u00e4hlich durch das der Gastgeber zum gr\u00f6\u00dften Teil mit der\u00a0 jahrgangs\u00e4lteren E1 an den Start geht. Motivtion genug f\u00fcr uns um die fehlenden Punkte einzufahren. So beschr\u00e4nkte sich auch unser Trainer auf das Wesentliche und redete jeden einzelnen Kicker stark. So ging man auch in die Begegnung und wollte von der ersten Minute an dem Gastgeber den Schneid abkaufen.<\/p>\n<p>In der 3. Spielminute war es dann auch endlich soweit. Tobias nutzte seine Schnelligkeit aus und tankte sich auf der rechten Au\u00dfenbahn durch und pa\u00dfte musterg\u00fcltig auf den heute als Sto\u00dfst\u00fcrmer agierenden Arijan, der den Ball zum vielumjubelten 0:1 der zahlreich mitgereisten Fans f\u00fcr die Wiesenwegbuben abschliesen konnte.<br \/>\nIn der Folgezeit der Begegnung kamen die Spardorfer gerade durch den wieselflinken 7er sowie den 10er immer besser ins Spiel und stellten unsere Defensive vor das eine oder andere Problem.<br \/>\nJedoch war auch heute wieder deutlich zu sehen, da\u00df die Abwehr um den umsichtigen Kapit\u00e4n Oliver und seinem ICE Hannes, kompletiert durch den Staubsauger Lorenz incl. Torh\u00fcter Luis eine eingespielte Einheit ist und so die Angriffbem\u00fchungen im Keim erstickten.<\/p>\n<p>In Spielminute 12. kr\u00f6nte Tobias seine tadellose Leistung\u00a0 mit einem wundersch\u00f6nen Tor zur 0:2\u00a0 F\u00fchrung f\u00fcr die Wiesenwegbuben. Der Anspannung an der Au\u00dfenlinie wich ein wenig der Erleichterung. Zumal auch Valentin mit einem sehenswerten Distanzschu\u00df in der 20. Minute auf 0:3 erh\u00f6hen konnte.<br \/>\nV\u00f6llig aus dem Nichts konnte nur 3 Minuten sp\u00e4ter der Gastgeber auf 1:3 verk\u00fcrzen.<br \/>\nMit diesem Ergebnis ging man auch in die Pause.<br \/>\nEin sichtlich angespannter Trainer fand die richtigen Worte um f\u00fcr die verbleibenden 25 Spielminuten die Jungs noch mal hei\u00df zu machen. So dauerte es es 5 Minuten im zweiten Spielabschnitt<br \/>\nehe Manu nach einem sch\u00f6nen Sololauf von Hannes \u00fcber die gesamte Au\u00dfenbahn zur sicheren F\u00fchrung vollstrecken konnte.<\/p>\n<p>Von nun an waren alle D\u00e4mme gebrochen und alle waren mit den Vorbereitungen zur eingefahrenen Meisterschaft besch\u00e4ftigt. So war das 5:1 nur noch eine Best\u00e4tigung einer geschlossenen Mannschaftsleistung und die Kr\u00f6nung einer erfolgreichen Saison.<\/p>\n<p>Was haben wir vor Rundenbeginn prognostiziert! Mitspielen und Lehrgeld zahlen. Das Gegenteil ist eingetreten!\u00a0 Danke an die Mannschaft, an die Trainer und Betreuer, ohne Euch w\u00e4re dieser Erfolg nie m\u00f6glich gewesen. Wir sind auf einem guten Weg!<\/p>\n<p>Final h\u00e4tte eine auch ein Unentschieden gereicht, da He\u00dfdorf in Buckenhofen nur Remis 4:4 gespielt hat!<\/p>\n<p>Somit sich wir vedient Meister der U-11<\/p>\n<p><a href=\"http:\/\/www.djk-erlangen.de\/fussball\/?attachment_id=8961\" rel=\"attachment wp-att-8961\"><img loading=\"lazy\" decoding=\"async\" class=\"size-medium wp-image-8961 alignleft\" title=\"182869_3313945448369_1568333628_n\" src=\"http:\/\/www.djk-erlangen.de\/fussball\/wp-content\/uploads\/2012\/06\/182869_3313945448369_1568333628_n-225x300.jpg\" alt=\"\" width=\"225\" height=\"300\" srcset=\"https:\/\/www.djk-erlangen.de\/fussball\/wp-content\/uploads\/2012\/06\/182869_3313945448369_1568333628_n-225x300.jpg 225w, https:\/\/www.djk-erlangen.de\/fussball\/wp-content\/uploads\/2012\/06\/182869_3313945448369_1568333628_n-112x150.jpg 112w, https:\/\/www.djk-erlangen.de\/fussball\/wp-content\/uploads\/2012\/06\/182869_3313945448369_1568333628_n.jpg 720w\" sizes=\"auto, (max-width: 225px) 100vw, 225px\" \/><\/a><\/p>\n<p><a href=\"http:\/\/www.djk-erlangen.de\/fussball\/?attachment_id=8960\" rel=\"attachment wp-att-8960\"><img loading=\"lazy\" decoding=\"async\" class=\"aligncenter size-medium wp-image-8960\" title=\"Meisterschaft DJK E2\" src=\"http:\/\/www.djk-erlangen.de\/fussball\/wp-content\/uploads\/2012\/06\/Meisterschaft-DJK-E2-300x225.jpg\" alt=\"\" width=\"300\" height=\"225\" srcset=\"https:\/\/www.djk-erlangen.de\/fussball\/wp-content\/uploads\/2012\/06\/Meisterschaft-DJK-E2-300x225.jpg 300w, https:\/\/www.djk-erlangen.de\/fussball\/wp-content\/uploads\/2012\/06\/Meisterschaft-DJK-E2-150x112.jpg 150w, https:\/\/www.djk-erlangen.de\/fussball\/wp-content\/uploads\/2012\/06\/Meisterschaft-DJK-E2.jpg 960w\" sizes=\"auto, (max-width: 300px) 100vw, 300px\" \/><\/a><\/p>\n<p>&nbsp;<\/p>\n<p>&nbsp;<\/p>\n<p>&nbsp;<\/p>\n<p>An dieser Stelle m\u00f6chte ich mich auch bei unserem scheidenden Cheftrainer Thomas ganz herzlich bedanken! Du hast wieder gro\u00dfartiges erreicht!<br \/>\nWir werden Dich vermissen! W\u00fcnschen Dir f\u00fcr Deine neuen Aufgaben den gr\u00f6\u00dftm\u00f6glichen Erfolg!<\/p>\n<p>DJK Aufgebot:<br \/>\nLuis; Hannes; Daniel; Oliver; Lorenz; Tobias; Valentin; Manu; Arijan; Rick<\/p>\n","protected":false},"excerpt":{"rendered":"<p>Am letzten und alles entscheidenen Spieltag mu\u00dften wir am Freitag zum VdS Spardorf reisen. Die Vorzeichen waren klar definiert. Nur bei einem eigenen Dreier in der Fremde ist uns die Meisterschaft sicher.<\/p>\n","protected":false},"author":32,"featured_media":0,"comment_status":"open","ping_status":"closed","sticky":false,"template":"","format":"standard","meta":{"jetpack_post_was_ever_published":false,"_jetpack_newsletter_access":"","_jetpack_dont_email_post_to_subs":false,"_jetpack_newsletter_tier_id":0,"_jetpack_memberships_contains_paywalled_content":false,"_jetpack_memberships_contains_paid_content":false,"footnotes":"","jetpack_publicize_message":"","jetpack_publicize_feature_enabled":true,"jetpack_social_post_already_shared":false,"jetpack_social_options":{"image_generator_settings":{"template":"highway","default_image_id":0,"font":"","enabled":false},"version":2}},"categories":[1,26],"tags":[],"class_list":["post-8959","post","type-post","status-publish","format-standard","hentry","category-allgemein","category-u11-e2"],"jetpack_publicize_connections":[],"jetpack_featured_media_url":"","jetpack_shortlink":"https:\/\/wp.me\/p2ZUr0-2kv","jetpack_sharing_enabled":true,"_links":{"self":[{"href":"https:\/\/www.djk-erlangen.de\/fussball\/index.php?rest_route=\/wp\/v2\/posts\/8959","targetHints":{"allow":["GET"]}}],"collection":[{"href":"https:\/\/www.djk-erlangen.de\/fussball\/index.php?rest_route=\/wp\/v2\/posts"}],"about":[{"href":"https:\/\/www.djk-erlangen.de\/fussball\/index.php?rest_route=\/wp\/v2\/types\/post"}],"author":[{"embeddable":true,"href":"https:\/\/www.djk-erlangen.de\/fussball\/index.php?rest_route=\/wp\/v2\/users\/32"}],"replies":[{"embeddable":true,"href":"https:\/\/www.djk-erlangen.de\/fussball\/index.php?rest_route=%2Fwp%2Fv2%2Fcomments&post=8959"}],"version-history":[{"count":11,"href":"https:\/\/www.djk-erlangen.de\/fussball\/index.php?rest_route=\/wp\/v2\/posts\/8959\/revisions"}],"predecessor-version":[{"id":8974,"href":"https:\/\/www.djk-erlangen.de\/fussball\/index.php?rest_route=\/wp\/v2\/posts\/8959\/revisions\/8974"}],"wp:attachment":[{"href":"https:\/\/www.djk-erlangen.de\/fussball\/index.php?rest_route=%2Fwp%2Fv2%2Fmedia&parent=8959"}],"wp:term":[{"taxonomy":"category","embeddable":true,"href":"https:\/\/www.djk-erlangen.de\/fussball\/index.php?rest_route=%2Fwp%2Fv2%2Fcategories&post=8959"},{"taxonomy":"post_tag","embeddable":true,"href":"https:\/\/www.djk-erlangen.de\/fussball\/index.php?rest_route=%2Fwp%2Fv2%2Ftags&post=8959"}],"curies":[{"name":"wp","href":"https:\/\/api.w.org\/{rel}","templated":true}]}}