{"id":8932,"date":"2012-06-16T15:23:55","date_gmt":"2012-06-16T13:23:55","guid":{"rendered":"http:\/\/www.djk-erlangen.de\/fussball\/?p=8932"},"modified":"2012-06-16T15:24:28","modified_gmt":"2012-06-16T13:24:28","slug":"fusball-kann-so-schon-sein","status":"publish","type":"post","link":"https:\/\/www.djk-erlangen.de\/fussball\/?p=8932","title":{"rendered":"Fu\u00dfball kann so sch\u00f6n sein"},"content":{"rendered":"<p>Zu unserem letzten Heimspiel in dieser Saison trafen wir im Glutofen Wiesengrund auf den SV Buckenhofen. Vorsicht war geboten, wenn man sich an das Hinspiel erinnert.<\/p>\n<p><!--more--><\/p>\n<p>Nach einer intensiven Kabinenansprache vor dem Spiel war jedem Akteuer der Wiesenwegbuben klar, welche Marschroute angegangen wird. Demensprechend war man heute<br \/>\nauch von der 1. Minute an hellwach und ging auch in dieser nach einem klugen Pa\u00df von Lorenz auf Ben, der sich an der Au\u00dfenlinie durchtankte und den Ball musterg\u00fcltig auf Arijan<br \/>\nflankte in F\u00fchrung.<\/p>\n<p>Das 2:0 nur 5. Minuten sp\u00e4ter erzielte der heute wieder sehr agile Ben noch Vorarbeit von Benedikt mit einem strammen Schu\u00df von halbrechts. So war der Bann gebrochen und die Jungs<br \/>\nfingen an Fu\u00dfball zu zelebrieren. Alle im Aufgebot stehenden Spieler f\u00fcgten sich dem Mannschaftsverbund und so konnte durch das Wechselspiel bei der Hitze keinerlei Leistungsabfall verzeichnet werden.<br \/>\nFolgerichtig erzielten wir in Spielminute 10 auch einen weiteren Treffer. Unser B\u00fcffel stand goldrichtig und vollstreckte mit einem Abpraller nach einem Lattenschu\u00df von Arijan zum 3:0.<br \/>\nWer meinte da\u00df die Wiesenwegbuben jetzt einen Gang zur\u00fcckschalteten sah sich get\u00e4uscht.<br \/>\nVielmehr zog man Mitte des ersten Spielabschnitts nochmals das Tempo richtig an und der heute erneut stark verbesserte Manu nutzte seinen Torriecher und erh\u00f6hte nach einem sch\u00f6nen Sololauf in der 12. Minute auf 4:0.<br \/>\nF\u00f6rmlich mit dem Pausenpfiff erk\u00e4mpfte sich Benedikt an der Mittellinie den Ball und zog einfach mal ab. Zur Verwunderung aller zappelte die Kugel im Netz und man wechselte mit einem Pausenstand von 5:0 die Seiten.<\/p>\n<p>Den zweiten Spielabschnitt wollten wir eigentlich ein wenig kraftsparender angehen um uns f\u00fcr die bevorstehenden Aufgaben in der kommenden Woche ein wenig zu schonen. Der zweite Spielabschnitt war keine 2 Minuten alt und schon wieder jubelten die Wiesenwegbuben. Arijan vollstreckte mit einem sch\u00f6nen Direktschuss aus halblinker Position zur hochverdienten 6:0 F\u00fchrung.<br \/>\nMit dem sicheren Vorsprung im R\u00fccken wurden mindestens 2 G\u00e4nge zur\u00fcckgeschaltet und den G\u00e4sten wurde mehr oder weniger das Feld \u00fcberlassen. In dieser Phase des Spiels konnten die<br \/>\nBuckenhofener binnen 10 Minuten durch 2 Tore das Ergebnis ein wenig korrigieren.<br \/>\nDoch in der Schlu\u00dfphase der Begegnung legten die Wiesenwegbuben nochmals einen Zahn zu und schraubten durch einen Gewaltschu\u00df von Benedikt und einem weiteren Treffer durch Ben das Ergebnis zum 8:2 Endstand nach oben. Dieses deutliche Endergebnis war das Resultat einer geschlossenen Mannschaftsleistung welche heute ohne Fehl und Tadel war.<\/p>\n<p>Somit ist man vor dem finalen Spieltag am kommenden Freitag beim Schlu\u00dflicht Spardorf wieder alleiniger Tabellenf\u00fchrer und kann mit einem Abschlu\u00dferfolg eine erfolgreiche Saison mit der Meisterschaft kr\u00f6nen. Die Mannschaft h\u00e4tte es sich verdient!<\/p>\n<p><span style=\"text-decoration: underline;\">DJK Aufgebot:<\/span><br \/>\nLuis; Hannes; Daniel;Oliver; Lorenz; Rick; Benedikt; Ben; Arijan; Manu<\/p>\n<p><span style=\"text-decoration: underline;\">Tore:<\/span><br \/>\nArijan (2); Benedikt (3); Ben (2); Manu (1)<\/p>\n","protected":false},"excerpt":{"rendered":"<p>Zu unserem letzten Heimspiel in dieser Saison trafen wir im Glutofen Wiesengrund auf den SV Buckenhofen. Vorsicht war geboten, wenn man sich an das Hinspiel erinnert.<\/p>\n","protected":false},"author":32,"featured_media":0,"comment_status":"open","ping_status":"closed","sticky":false,"template":"","format":"standard","meta":{"jetpack_post_was_ever_published":false,"_jetpack_newsletter_access":"","_jetpack_dont_email_post_to_subs":false,"_jetpack_newsletter_tier_id":0,"_jetpack_memberships_contains_paywalled_content":false,"_jetpack_memberships_contains_paid_content":false,"footnotes":"","jetpack_publicize_message":"","jetpack_publicize_feature_enabled":true,"jetpack_social_post_already_shared":false,"jetpack_social_options":{"image_generator_settings":{"template":"highway","default_image_id":0,"font":"","enabled":false},"version":2}},"categories":[26],"tags":[],"class_list":["post-8932","post","type-post","status-publish","format-standard","hentry","category-u11-e2"],"jetpack_publicize_connections":[],"jetpack_featured_media_url":"","jetpack_shortlink":"https:\/\/wp.me\/p2ZUr0-2k4","jetpack_sharing_enabled":true,"_links":{"self":[{"href":"https:\/\/www.djk-erlangen.de\/fussball\/index.php?rest_route=\/wp\/v2\/posts\/8932","targetHints":{"allow":["GET"]}}],"collection":[{"href":"https:\/\/www.djk-erlangen.de\/fussball\/index.php?rest_route=\/wp\/v2\/posts"}],"about":[{"href":"https:\/\/www.djk-erlangen.de\/fussball\/index.php?rest_route=\/wp\/v2\/types\/post"}],"author":[{"embeddable":true,"href":"https:\/\/www.djk-erlangen.de\/fussball\/index.php?rest_route=\/wp\/v2\/users\/32"}],"replies":[{"embeddable":true,"href":"https:\/\/www.djk-erlangen.de\/fussball\/index.php?rest_route=%2Fwp%2Fv2%2Fcomments&post=8932"}],"version-history":[{"count":3,"href":"https:\/\/www.djk-erlangen.de\/fussball\/index.php?rest_route=\/wp\/v2\/posts\/8932\/revisions"}],"predecessor-version":[{"id":8935,"href":"https:\/\/www.djk-erlangen.de\/fussball\/index.php?rest_route=\/wp\/v2\/posts\/8932\/revisions\/8935"}],"wp:attachment":[{"href":"https:\/\/www.djk-erlangen.de\/fussball\/index.php?rest_route=%2Fwp%2Fv2%2Fmedia&parent=8932"}],"wp:term":[{"taxonomy":"category","embeddable":true,"href":"https:\/\/www.djk-erlangen.de\/fussball\/index.php?rest_route=%2Fwp%2Fv2%2Fcategories&post=8932"},{"taxonomy":"post_tag","embeddable":true,"href":"https:\/\/www.djk-erlangen.de\/fussball\/index.php?rest_route=%2Fwp%2Fv2%2Ftags&post=8932"}],"curies":[{"name":"wp","href":"https:\/\/api.w.org\/{rel}","templated":true}]}}