{"id":8894,"date":"2012-05-23T21:58:53","date_gmt":"2012-05-23T19:58:53","guid":{"rendered":"http:\/\/www.djk-erlangen.de\/fussball\/?p=8894"},"modified":"2012-05-23T21:58:53","modified_gmt":"2012-05-23T19:58:53","slug":"lehrstunde-im-wiesengrund","status":"publish","type":"post","link":"https:\/\/www.djk-erlangen.de\/fussball\/?p=8894","title":{"rendered":"Lehrstunde im Wiesengrund"},"content":{"rendered":"<p>Nachdem ein kr\u00e4ftiger Gewittergu\u00df das Gr\u00fcn angefeuchtet und die Jungs durchn\u00e4\u00dft hatte, wurde p\u00fcnktlich zum Heimspiel gegen die Nachbarn aus Eltersdorf angepfiffen. Chefcoach Deniz hatte zum Beginn die 3-2-1 Formation gew\u00e4hlt, was nach der hohen Niederlage im Hinspiel auch nicht verwunderlich war.<!--more--><\/p>\n<p>Nach einer munteren Abtastphase machten die Eltersdorfer dann ernst. In der 7. Minute schlug dann das 0:1 bei uns ein. Doch irgendwie lief bei unseren Jungs heute aber auch gar nichts zusammen, bis auf\u00a0 wenige Ausnahmen, kein Kampf, kein Einsatz&#8230;. So erteilten die G\u00e4ste uns eine Lehrstunde, wie man mit entsprechendem Einsatz, Laufwillen, Zweikampfst\u00e4rke und genauem Pa\u00dfspiel Ball und Gegner laufen lassen kann.\u00a0Unsere wenigen Vorst\u00f6\u00dfe kl\u00e4rte meistens die gegnerische Defensive recht souver\u00e4n, wenn mal nicht, war der Torh\u00fcter zur Stelle. Der Leistung entsprechend stand es zur\u00a0Halbzeitstand\u00a00:6. Nachdem man in dieser Runde in der 2. H\u00e4lfte immer einen unerkl\u00e4rlichen Leistungseinbruch zu verzeichnen hatte, lie\u00df das kein gutes Ende erahnen.<\/p>\n<p>Nach der Pause kamen aber unsere Jungs nochmal richtig motiviert aus der Kabine. Was die Trainer da wohl gesagt haben? Egal, denn es hatte gewirkt. Nun gingen fast alle Jungs motivierter und einsatzfreudiger zur Sache, auch unser Schlu\u00dfmann zeigte nun gute Paraden. Doch unsere G\u00e4ste nutzen ihre technische \u00dcberlegenheit clever aus. Somit stand am Ende eine 0:9 Pleite in den B\u00fcchern. Das einzig Positive was man der Partie abgewinnen konnte, war eine gute 2. Halbzeit und als ein kleiner H\u00f6hepunkt ein Pfostenschu\u00df von Arijan, Schade, der Ehrentreffer w\u00e4re verdient gewesen.<\/p>\n<p>&nbsp;<\/p>\n<p>DJK Aufgebot:<\/p>\n<p>Dominik K., Dominik S., Jojo, Lino, Ermal, Rick, Arijan, Frederik, Florian, Jonas<\/p>\n<p>&nbsp;<\/p>\n<p>Tore:<\/p>\n<p>w\u00e4re sch\u00f6n gewesen<\/p>\n","protected":false},"excerpt":{"rendered":"<p>Nachdem ein kr\u00e4ftiger Gewittergu\u00df das Gr\u00fcn angefeuchtet und die Jungs durchn\u00e4\u00dft hatte, wurde p\u00fcnktlich zum Heimspiel gegen die Nachbarn aus Eltersdorf angepfiffen. Chefcoach Deniz hatte zum Beginn die 3-2-1 Formation gew\u00e4hlt, was nach der hohen Niederlage im Hinspiel auch nicht &hellip; <a href=\"https:\/\/www.djk-erlangen.de\/fussball\/?p=8894\">Weiterlesen <span class=\"meta-nav\">&rarr;<\/span><\/a><\/p>\n","protected":false},"author":35,"featured_media":0,"comment_status":"open","ping_status":"closed","sticky":false,"template":"","format":"standard","meta":{"jetpack_post_was_ever_published":false,"_jetpack_newsletter_access":"","_jetpack_dont_email_post_to_subs":false,"_jetpack_newsletter_tier_id":0,"_jetpack_memberships_contains_paywalled_content":false,"_jetpack_memberships_contains_paid_content":false,"footnotes":"","jetpack_publicize_message":"","jetpack_publicize_feature_enabled":true,"jetpack_social_post_already_shared":false,"jetpack_social_options":{"image_generator_settings":{"template":"highway","default_image_id":0,"font":"","enabled":false},"version":2}},"categories":[27],"tags":[],"class_list":["post-8894","post","type-post","status-publish","format-standard","hentry","category-u11-e3"],"jetpack_publicize_connections":[],"jetpack_featured_media_url":"","jetpack_shortlink":"https:\/\/wp.me\/p2ZUr0-2js","jetpack_sharing_enabled":true,"_links":{"self":[{"href":"https:\/\/www.djk-erlangen.de\/fussball\/index.php?rest_route=\/wp\/v2\/posts\/8894","targetHints":{"allow":["GET"]}}],"collection":[{"href":"https:\/\/www.djk-erlangen.de\/fussball\/index.php?rest_route=\/wp\/v2\/posts"}],"about":[{"href":"https:\/\/www.djk-erlangen.de\/fussball\/index.php?rest_route=\/wp\/v2\/types\/post"}],"author":[{"embeddable":true,"href":"https:\/\/www.djk-erlangen.de\/fussball\/index.php?rest_route=\/wp\/v2\/users\/35"}],"replies":[{"embeddable":true,"href":"https:\/\/www.djk-erlangen.de\/fussball\/index.php?rest_route=%2Fwp%2Fv2%2Fcomments&post=8894"}],"version-history":[{"count":2,"href":"https:\/\/www.djk-erlangen.de\/fussball\/index.php?rest_route=\/wp\/v2\/posts\/8894\/revisions"}],"predecessor-version":[{"id":8896,"href":"https:\/\/www.djk-erlangen.de\/fussball\/index.php?rest_route=\/wp\/v2\/posts\/8894\/revisions\/8896"}],"wp:attachment":[{"href":"https:\/\/www.djk-erlangen.de\/fussball\/index.php?rest_route=%2Fwp%2Fv2%2Fmedia&parent=8894"}],"wp:term":[{"taxonomy":"category","embeddable":true,"href":"https:\/\/www.djk-erlangen.de\/fussball\/index.php?rest_route=%2Fwp%2Fv2%2Fcategories&post=8894"},{"taxonomy":"post_tag","embeddable":true,"href":"https:\/\/www.djk-erlangen.de\/fussball\/index.php?rest_route=%2Fwp%2Fv2%2Ftags&post=8894"}],"curies":[{"name":"wp","href":"https:\/\/api.w.org\/{rel}","templated":true}]}}