{"id":8844,"date":"2012-05-21T20:43:50","date_gmt":"2012-05-21T18:43:50","guid":{"rendered":"http:\/\/www.djk-erlangen.de\/fussball\/?p=8844"},"modified":"2012-05-26T11:35:36","modified_gmt":"2012-05-26T09:35:36","slug":"c-jugend-meister-und-aufsteiger-2012","status":"publish","type":"post","link":"https:\/\/www.djk-erlangen.de\/fussball\/?p=8844","title":{"rendered":"C-Jugend Meister und Aufsteiger 2012"},"content":{"rendered":"<h2 style=\"text-align: center;\"><strong>Herzlichen Gl\u00fcckwunsch\u00a0zur Meisterschaft!!!<\/strong><\/h2>\n<p style=\"text-align: center;\"><a href=\"http:\/\/www.djk-erlangen.de\/fussball\/wp-content\/uploads\/2012\/05\/CIMG0645_1.jpg\"><img loading=\"lazy\" decoding=\"async\" class=\" wp-image-8847 aligncenter\" title=\"C-Jugend Meister 2012\" src=\"http:\/\/www.djk-erlangen.de\/fussball\/wp-content\/uploads\/2012\/05\/CIMG0645_1-300x199.jpg\" alt=\"\" width=\"300\" height=\"199\" srcset=\"https:\/\/www.djk-erlangen.de\/fussball\/wp-content\/uploads\/2012\/05\/CIMG0645_1-300x199.jpg 300w, https:\/\/www.djk-erlangen.de\/fussball\/wp-content\/uploads\/2012\/05\/CIMG0645_1-150x99.jpg 150w, https:\/\/www.djk-erlangen.de\/fussball\/wp-content\/uploads\/2012\/05\/CIMG0645_1.jpg 640w\" sizes=\"auto, (max-width: 300px) 100vw, 300px\" \/><\/a><a href=\"http:\/\/www.djk-erlangen.de\/fussball\/wp-content\/uploads\/2011\/05\/feuerwerk00009.gif\"><img loading=\"lazy\" decoding=\"async\" class=\"alignnone size-full wp-image-6292\" title=\"feuerwerk00009\" src=\"http:\/\/www.djk-erlangen.de\/fussball\/wp-content\/uploads\/2011\/05\/feuerwerk00009.gif\" alt=\"\" width=\"128\" height=\"128\" \/><\/a><\/p>\n<p style=\"text-align: center;\"><a title=\"Zur Bilderserie\" href=\"http:\/\/www.hobe.de\/120519\/index.php\" target=\"_blank\">Zur Bilderserie<\/a><\/p>\n<p style=\"text-align: center;\"><!--more-->Danke an die Spieler f\u00fcr die tolle Unterhaltung auf dem Sportplatz.<br \/>\nEin gro\u00dfes Lob auch f\u00fcr das disziplinierte Auftreten \u00fcber die gesamte Saison.<\/p>\n<p style=\"text-align: center;\">Die eindrucksvolle Saisonbilanz:<br \/>\nIn 16 Spielen erreichte die Mannschaft 15 Siege bei einem Torverh\u00e4ltnis von 132:14!<\/p>\n<p style=\"text-align: center;\">Eine besondere Anerkennung nat\u00fcrlich auch an die beiden Trainer J\u00f6rg Braun und Robert Passon, welche die Mannschaft jetzt zum 4. Mal hintereinander auf dem Gro\u00dffeld zur Meisterschaft gef\u00fchrt haben.<\/p>\n<p style=\"text-align: center;\">Ebenso gro\u00dfen Anteil am Gesamterfolg haben nat\u00fcrlich auch die beiden Betreuer Bernd Hohenester und Peter Hafenbr\u00e4dl.<\/p>\n","protected":false},"excerpt":{"rendered":"<p>Herzlichen Gl\u00fcckwunsch\u00a0zur Meisterschaft!!! Zur Bilderserie<\/p>\n","protected":false},"author":9,"featured_media":0,"comment_status":"open","ping_status":"closed","sticky":false,"template":"","format":"standard","meta":{"jetpack_post_was_ever_published":false,"_jetpack_newsletter_access":"","_jetpack_dont_email_post_to_subs":false,"_jetpack_newsletter_tier_id":0,"_jetpack_memberships_contains_paywalled_content":false,"_jetpack_memberships_contains_paid_content":false,"footnotes":"","jetpack_publicize_message":"","jetpack_publicize_feature_enabled":true,"jetpack_social_post_already_shared":false,"jetpack_social_options":{"image_generator_settings":{"template":"highway","default_image_id":0,"font":"","enabled":false},"version":2}},"categories":[11],"tags":[],"class_list":["post-8844","post","type-post","status-publish","format-standard","hentry","category-u15"],"jetpack_publicize_connections":[],"jetpack_featured_media_url":"","jetpack_shortlink":"https:\/\/wp.me\/p2ZUr0-2iE","jetpack_sharing_enabled":true,"_links":{"self":[{"href":"https:\/\/www.djk-erlangen.de\/fussball\/index.php?rest_route=\/wp\/v2\/posts\/8844","targetHints":{"allow":["GET"]}}],"collection":[{"href":"https:\/\/www.djk-erlangen.de\/fussball\/index.php?rest_route=\/wp\/v2\/posts"}],"about":[{"href":"https:\/\/www.djk-erlangen.de\/fussball\/index.php?rest_route=\/wp\/v2\/types\/post"}],"author":[{"embeddable":true,"href":"https:\/\/www.djk-erlangen.de\/fussball\/index.php?rest_route=\/wp\/v2\/users\/9"}],"replies":[{"embeddable":true,"href":"https:\/\/www.djk-erlangen.de\/fussball\/index.php?rest_route=%2Fwp%2Fv2%2Fcomments&post=8844"}],"version-history":[{"count":42,"href":"https:\/\/www.djk-erlangen.de\/fussball\/index.php?rest_route=\/wp\/v2\/posts\/8844\/revisions"}],"predecessor-version":[{"id":8850,"href":"https:\/\/www.djk-erlangen.de\/fussball\/index.php?rest_route=\/wp\/v2\/posts\/8844\/revisions\/8850"}],"wp:attachment":[{"href":"https:\/\/www.djk-erlangen.de\/fussball\/index.php?rest_route=%2Fwp%2Fv2%2Fmedia&parent=8844"}],"wp:term":[{"taxonomy":"category","embeddable":true,"href":"https:\/\/www.djk-erlangen.de\/fussball\/index.php?rest_route=%2Fwp%2Fv2%2Fcategories&post=8844"},{"taxonomy":"post_tag","embeddable":true,"href":"https:\/\/www.djk-erlangen.de\/fussball\/index.php?rest_route=%2Fwp%2Fv2%2Ftags&post=8844"}],"curies":[{"name":"wp","href":"https:\/\/api.w.org\/{rel}","templated":true}]}}