{"id":8764,"date":"2012-04-27T20:49:08","date_gmt":"2012-04-27T18:49:08","guid":{"rendered":"http:\/\/www.djk-erlangen.de\/fussball\/?p=8764"},"modified":"2012-04-27T20:49:08","modified_gmt":"2012-04-27T18:49:08","slug":"besuch-vom-stadtteilnachbarn","status":"publish","type":"post","link":"https:\/\/www.djk-erlangen.de\/fussball\/?p=8764","title":{"rendered":"Besuch vom Stadtteilnachbarn"},"content":{"rendered":"<p>Heute bei sommerlichen Temperaturen empfingen wir die Stadtteilnachbarn vom TV1848 Erlangen. Damit\u00a0haben wir dann die Hinrunde der Fr\u00fchjahrssaison abgeschlossen.\u00a0 <!--more--><\/p>\n<p>Das das ein hartes St\u00fcck Arbeit werden w\u00fcrde, war allen klar. Gilt es doch die Mannschaft zusammenzuschwei\u00dfen. Erstmalig in dieser Saison traten unsere Jungs aus dem Kader vollz\u00e4hlig an. Das Augenmerk lag also eher im Zusammenspiel der Jungs. Nach dem Anpfiff entwickelte sich sofort ein k\u00e4mpferisch gef\u00fchrtes Spiel. Der Unparteiische mu\u00dfte jedoch am Anfang noch darauf hingewiesen werden, dass bei einem Foulspiel durchaus ein Pfiff erfolgen k\u00f6nnte.\u00a0<\/p>\n<p>Nach 5 Minuten\u00a0gingen die G\u00e4ste durch ein sch\u00f6nes Kombinationsspiel in F\u00fchrung und erh\u00f6hten dann in den n\u00e4chsten 5\u00a0Minuten die F\u00fchrung um 2 weitere Tore. Doch irgendwie hat das unsere Jungs an der Ehre gepackt. Auf einmal wurde kr\u00e4ftig gegengehalten und es ergaben sich auch einige Chancen durch Konter oder Standardsituationen.\u00a0Leider war der G\u00e4stetorh\u00fcter auf seinem Posten und parierte alles, was auf seinen Kasten kam. So ging es dann auch in die Pause.<\/p>\n<p>Nach dem Anpfiff wurden wir durch einen Doppelschlag kalt erwischt. Da hatte unsere Defensivabteilung wohl noch \u00fcber die Halbzeitansprache von Chefcoach Denis nachgedacht. Ab da lief nicht mehr viel zusammen. Durch taktische Undiszipliniertheiten (ja, einige Spieler erkl\u00e4rten sich kurzerhand zum Libero und waren aufeinmal \u00fcberall auf dem Platz in Balln\u00e4he zu finden, nur nicht da, wo sie eigentlich der Trainer aufgestellt hatte) and\u00a0teilweise mangelnder Kondition konnten unsere G\u00e4ste ihr Kombinationsspiel immer besser umsetzen und erh\u00f6hten z\u00fcgig die F\u00fchrung. So endete dann das Spiel 0:12.<\/p>\n<p>Abschlie\u00dfend kann man sagen, auf die gute k\u00e4mpferische Phase in der ersten Halbzeit kann und mu\u00df man aufbauen, doch taktisch und konditionell ist noch Luft nach oben.<\/p>\n<p>&nbsp;<\/p>\n<p>Tore:<\/p>\n<p>heute nicht<\/p>\n<p>&nbsp;<\/p>\n<p>DJK Aufgebot:<\/p>\n<p>Dominik K., Dominik S., Jojo (C), Momo, Ermal, Alex, Rick, Frederik, Jonas, David<\/p>\n","protected":false},"excerpt":{"rendered":"<p>Heute bei sommerlichen Temperaturen empfingen wir die Stadtteilnachbarn vom TV1848 Erlangen. Damit\u00a0haben wir dann die Hinrunde der Fr\u00fchjahrssaison abgeschlossen.\u00a0<\/p>\n","protected":false},"author":35,"featured_media":0,"comment_status":"open","ping_status":"closed","sticky":false,"template":"","format":"standard","meta":{"jetpack_post_was_ever_published":false,"_jetpack_newsletter_access":"","_jetpack_dont_email_post_to_subs":false,"_jetpack_newsletter_tier_id":0,"_jetpack_memberships_contains_paywalled_content":false,"_jetpack_memberships_contains_paid_content":false,"footnotes":"","jetpack_publicize_message":"","jetpack_publicize_feature_enabled":true,"jetpack_social_post_already_shared":false,"jetpack_social_options":{"image_generator_settings":{"template":"highway","default_image_id":0,"font":"","enabled":false},"version":2}},"categories":[27],"tags":[],"class_list":["post-8764","post","type-post","status-publish","format-standard","hentry","category-u11-e3"],"jetpack_publicize_connections":[],"jetpack_featured_media_url":"","jetpack_shortlink":"https:\/\/wp.me\/p2ZUr0-2hm","jetpack_sharing_enabled":true,"_links":{"self":[{"href":"https:\/\/www.djk-erlangen.de\/fussball\/index.php?rest_route=\/wp\/v2\/posts\/8764","targetHints":{"allow":["GET"]}}],"collection":[{"href":"https:\/\/www.djk-erlangen.de\/fussball\/index.php?rest_route=\/wp\/v2\/posts"}],"about":[{"href":"https:\/\/www.djk-erlangen.de\/fussball\/index.php?rest_route=\/wp\/v2\/types\/post"}],"author":[{"embeddable":true,"href":"https:\/\/www.djk-erlangen.de\/fussball\/index.php?rest_route=\/wp\/v2\/users\/35"}],"replies":[{"embeddable":true,"href":"https:\/\/www.djk-erlangen.de\/fussball\/index.php?rest_route=%2Fwp%2Fv2%2Fcomments&post=8764"}],"version-history":[{"count":3,"href":"https:\/\/www.djk-erlangen.de\/fussball\/index.php?rest_route=\/wp\/v2\/posts\/8764\/revisions"}],"predecessor-version":[{"id":8767,"href":"https:\/\/www.djk-erlangen.de\/fussball\/index.php?rest_route=\/wp\/v2\/posts\/8764\/revisions\/8767"}],"wp:attachment":[{"href":"https:\/\/www.djk-erlangen.de\/fussball\/index.php?rest_route=%2Fwp%2Fv2%2Fmedia&parent=8764"}],"wp:term":[{"taxonomy":"category","embeddable":true,"href":"https:\/\/www.djk-erlangen.de\/fussball\/index.php?rest_route=%2Fwp%2Fv2%2Fcategories&post=8764"},{"taxonomy":"post_tag","embeddable":true,"href":"https:\/\/www.djk-erlangen.de\/fussball\/index.php?rest_route=%2Fwp%2Fv2%2Ftags&post=8764"}],"curies":[{"name":"wp","href":"https:\/\/api.w.org\/{rel}","templated":true}]}}