{"id":8755,"date":"2012-04-21T18:01:39","date_gmt":"2012-04-21T16:01:39","guid":{"rendered":"http:\/\/www.djk-erlangen.de\/fussball\/?p=8755"},"modified":"2012-04-21T18:02:36","modified_gmt":"2012-04-21T16:02:36","slug":"d-junioren-gegen-spvgg-erlangen-2","status":"publish","type":"post","link":"https:\/\/www.djk-erlangen.de\/fussball\/?p=8755","title":{"rendered":"D-Junioren gegen SpVgg Erlangen"},"content":{"rendered":"<p>Am heutigen Samstag trafen wir an der Artelleriestrasse auf die Jungs der SpVgg Erlangen. Nach dem etwas schleppenden R\u00fcckrundenauftakt mit der ersten Saisonniederlage vor den Osterferien war man sehr gespannt auf den Auftritt der DJK. Gl\u00fccklicherweise hat sich der positive Trend der vergangenen Trainingswoche auch im Spiel fortgesetzt. Der verlorengeglaubte Siegeswille ist in die Mannschaft zur\u00fcckgekehrt. Aufgrund einer tollen Mannschaftsleistung ist uns am Ende ein verdienter 2:1 Ausw\u00e4rtssieg gelungen. Endlich konnte man den Siegesruf der DJK wieder durch die Kabineng\u00e4nge schallen h\u00f6ren&#8230;&#8230;.<\/p>\n","protected":false},"excerpt":{"rendered":"<p>Am heutigen Samstag trafen wir an der Artelleriestrasse auf die Jungs der SpVgg Erlangen. Nach dem etwas schleppenden R\u00fcckrundenauftakt mit der ersten Saisonniederlage vor den Osterferien war man sehr gespannt auf den Auftritt der DJK. Gl\u00fccklicherweise hat sich der positive &hellip; <a href=\"https:\/\/www.djk-erlangen.de\/fussball\/?p=8755\">Weiterlesen <span class=\"meta-nav\">&rarr;<\/span><\/a><\/p>\n","protected":false},"author":7,"featured_media":0,"comment_status":"open","ping_status":"closed","sticky":false,"template":"","format":"standard","meta":{"jetpack_post_was_ever_published":false,"_jetpack_newsletter_access":"","_jetpack_dont_email_post_to_subs":false,"_jetpack_newsletter_tier_id":0,"_jetpack_memberships_contains_paywalled_content":false,"_jetpack_memberships_contains_paid_content":false,"footnotes":"","jetpack_publicize_message":"","jetpack_publicize_feature_enabled":true,"jetpack_social_post_already_shared":false,"jetpack_social_options":{"image_generator_settings":{"template":"highway","default_image_id":0,"font":"","enabled":false},"version":2}},"categories":[1],"tags":[],"class_list":["post-8755","post","type-post","status-publish","format-standard","hentry","category-allgemein"],"jetpack_publicize_connections":[],"jetpack_featured_media_url":"","jetpack_shortlink":"https:\/\/wp.me\/p2ZUr0-2hd","jetpack_sharing_enabled":true,"_links":{"self":[{"href":"https:\/\/www.djk-erlangen.de\/fussball\/index.php?rest_route=\/wp\/v2\/posts\/8755","targetHints":{"allow":["GET"]}}],"collection":[{"href":"https:\/\/www.djk-erlangen.de\/fussball\/index.php?rest_route=\/wp\/v2\/posts"}],"about":[{"href":"https:\/\/www.djk-erlangen.de\/fussball\/index.php?rest_route=\/wp\/v2\/types\/post"}],"author":[{"embeddable":true,"href":"https:\/\/www.djk-erlangen.de\/fussball\/index.php?rest_route=\/wp\/v2\/users\/7"}],"replies":[{"embeddable":true,"href":"https:\/\/www.djk-erlangen.de\/fussball\/index.php?rest_route=%2Fwp%2Fv2%2Fcomments&post=8755"}],"version-history":[{"count":2,"href":"https:\/\/www.djk-erlangen.de\/fussball\/index.php?rest_route=\/wp\/v2\/posts\/8755\/revisions"}],"predecessor-version":[{"id":8757,"href":"https:\/\/www.djk-erlangen.de\/fussball\/index.php?rest_route=\/wp\/v2\/posts\/8755\/revisions\/8757"}],"wp:attachment":[{"href":"https:\/\/www.djk-erlangen.de\/fussball\/index.php?rest_route=%2Fwp%2Fv2%2Fmedia&parent=8755"}],"wp:term":[{"taxonomy":"category","embeddable":true,"href":"https:\/\/www.djk-erlangen.de\/fussball\/index.php?rest_route=%2Fwp%2Fv2%2Fcategories&post=8755"},{"taxonomy":"post_tag","embeddable":true,"href":"https:\/\/www.djk-erlangen.de\/fussball\/index.php?rest_route=%2Fwp%2Fv2%2Ftags&post=8755"}],"curies":[{"name":"wp","href":"https:\/\/api.w.org\/{rel}","templated":true}]}}