{"id":8695,"date":"2012-04-01T15:37:10","date_gmt":"2012-04-01T13:37:10","guid":{"rendered":"http:\/\/www.djk-erlangen.de\/fussball\/?p=8695"},"modified":"2012-04-01T20:37:33","modified_gmt":"2012-04-01T18:37:33","slug":"keine-tore-keine-punkte-am-palmsonntag","status":"publish","type":"post","link":"https:\/\/www.djk-erlangen.de\/fussball\/?p=8695","title":{"rendered":"Keine Tore, keine Punkte am Palmsonntag"},"content":{"rendered":"<p>Kurz nach Sonnenaufgang startete der DJK Tro\u00df am heutigen Sonntag Richtung Bamberg zum diesj\u00e4hrigen Frankencup der DJK Don Bosco Bamberg<\/p>\n<p><!--more--><\/p>\n<p>Auch zum heutigen Turnier mu\u00dften wir auf zahlreiche Stammkr\u00e4fte wegen der Kommunionvorbereitung verzichten. Dankenderweise sprangen Akteure aus der E1 kurzfristig ein uns stellten sich in den Dienst der Mannschaft.<\/p>\n<p>Gleich zum Turnierauftakt trafen wir auf die heute als Eintracht Frankfurt auflaufende DJK Don Bosco. Irgendwie steckte uns die lange sonnt\u00e4gliche Anreise noch in den Knochen und man kam zu kaum einer nennenswerten Torchance. Nach vorne ging nichts, nach hinten viel. In regelm\u00e4\u00dfigen Abst\u00e4nden fanden die Wildensorger Jungs den Weg in unser Tor und ehe man sich versah war auch die Auftaktpartie schon beendet.<\/p>\n<p>Im zweiten Spiel kreuzten wir mit dem TSV Altenberg die Klingen. Eine starke Mannschaft welche durch einige ehemalige Kleeblattkicker verst\u00e4rkt wurde, zeigte uns heute auch die Grenzen auf und auch hier war nichts aber auch gar nichts zu holen.<\/p>\n<p>Es konnte nur noch besser werden, dachten alle, aber mit der SpVgg Greuther F\u00fcrth trafen wir auf einen Gegner, der nicht so im vorbei gehen geschlagen werden kann.<br \/>\nDie Youngsters des Kleeblattes machten kurzen Proze\u00df mit uns und zerlegten uns in alle Einzelteile. Zum Gl\u00fcck dauerte die Partie nur 13. Spielminuten.<\/p>\n<p>In den R\u00fcckspielen zeigten wir eine deutlich verbesserte Mannschaftsleistung, welche allerdings keinerlei Auswirkungen auf die Resultate hatte. Alle 3 R\u00fcckspiele wurden ebenfalls deutlich verloren und so war die Geschichte am Palmsonntag schnell erz\u00e4hlt: Null Tore und Null Punkte. Dies ist kein Aprilscherz!<\/p>\n<p>Die Ergebnisse taten der guten Stimmung bei den mitgereisten Erwachsenen keinen Abruch und so hatte man in der DJK Familie einen unterhaltsamen Vormittag und die Kinder eine perfekte Trainingseinheit unter Wettkampfbedingungen bei herrlichstem Wetter.<br \/>\nDie Turniere der DJK Don Bosco sind so oder so immer eine Reise wert, und so freuen wir uns schon aufs kommende Jahr zur Wiedergutmachung.<\/p>\n<p>Herzlichen Dank an Valentin, Florian und Luca f\u00fcr Eure Unterst\u00fctzung.<\/p>\n<p>DJK Aufgebot:<br \/>\nManu; Luca; Hannes; Daniel; Florian; Valentin; Ben; Jojo, Tim;<\/p>\n","protected":false},"excerpt":{"rendered":"<p>Kurz nach Sonnenaufgang startete der DJK Tro\u00df am heutigen Sonntag Richtung Bamberg zum diesj\u00e4hrigen Frankencup der DJK Don Bosco Bamberg<\/p>\n","protected":false},"author":32,"featured_media":0,"comment_status":"open","ping_status":"closed","sticky":false,"template":"","format":"standard","meta":{"jetpack_post_was_ever_published":false,"_jetpack_newsletter_access":"","_jetpack_dont_email_post_to_subs":false,"_jetpack_newsletter_tier_id":0,"_jetpack_memberships_contains_paywalled_content":false,"_jetpack_memberships_contains_paid_content":false,"footnotes":"","jetpack_publicize_message":"","jetpack_publicize_feature_enabled":true,"jetpack_social_post_already_shared":false,"jetpack_social_options":{"image_generator_settings":{"template":"highway","default_image_id":0,"font":"","enabled":false},"version":2}},"categories":[26],"tags":[],"class_list":["post-8695","post","type-post","status-publish","format-standard","hentry","category-u11-e2"],"jetpack_publicize_connections":[],"jetpack_featured_media_url":"","jetpack_shortlink":"https:\/\/wp.me\/p2ZUr0-2gf","jetpack_sharing_enabled":true,"_links":{"self":[{"href":"https:\/\/www.djk-erlangen.de\/fussball\/index.php?rest_route=\/wp\/v2\/posts\/8695","targetHints":{"allow":["GET"]}}],"collection":[{"href":"https:\/\/www.djk-erlangen.de\/fussball\/index.php?rest_route=\/wp\/v2\/posts"}],"about":[{"href":"https:\/\/www.djk-erlangen.de\/fussball\/index.php?rest_route=\/wp\/v2\/types\/post"}],"author":[{"embeddable":true,"href":"https:\/\/www.djk-erlangen.de\/fussball\/index.php?rest_route=\/wp\/v2\/users\/32"}],"replies":[{"embeddable":true,"href":"https:\/\/www.djk-erlangen.de\/fussball\/index.php?rest_route=%2Fwp%2Fv2%2Fcomments&post=8695"}],"version-history":[{"count":4,"href":"https:\/\/www.djk-erlangen.de\/fussball\/index.php?rest_route=\/wp\/v2\/posts\/8695\/revisions"}],"predecessor-version":[{"id":8698,"href":"https:\/\/www.djk-erlangen.de\/fussball\/index.php?rest_route=\/wp\/v2\/posts\/8695\/revisions\/8698"}],"wp:attachment":[{"href":"https:\/\/www.djk-erlangen.de\/fussball\/index.php?rest_route=%2Fwp%2Fv2%2Fmedia&parent=8695"}],"wp:term":[{"taxonomy":"category","embeddable":true,"href":"https:\/\/www.djk-erlangen.de\/fussball\/index.php?rest_route=%2Fwp%2Fv2%2Fcategories&post=8695"},{"taxonomy":"post_tag","embeddable":true,"href":"https:\/\/www.djk-erlangen.de\/fussball\/index.php?rest_route=%2Fwp%2Fv2%2Ftags&post=8695"}],"curies":[{"name":"wp","href":"https:\/\/api.w.org\/{rel}","templated":true}]}}