{"id":8687,"date":"2012-03-31T18:03:34","date_gmt":"2012-03-31T16:03:34","guid":{"rendered":"http:\/\/www.djk-erlangen.de\/fussball\/?p=8687"},"modified":"2012-03-31T18:03:34","modified_gmt":"2012-03-31T16:03:34","slug":"ausflug-zum-tabellenfuhrer","status":"publish","type":"post","link":"https:\/\/www.djk-erlangen.de\/fussball\/?p=8687","title":{"rendered":"Ausflug zum Tabellenf\u00fchrer"},"content":{"rendered":"<p>Am heutigen Samstag Morgen machten wir uns bei k\u00fchlem und windigen Wetter nach Eltersdorf auf. Dort wartete der souver\u00e4ne Tabellenf\u00fchrer auf uns. Erschwerend kam hinzu, dass wir nur 7 Spieler zusammenkratzen konnten. Somit gab es keine Auswechselm\u00f6glichkeit.<!--more--><\/p>\n<p>Kaum war p\u00fcnktlich der Anpfiff ert\u00f6nt, legten die Hausherren gleich richtig los und schon nach 1 Minute waren wir\u00a01:0 hinten. In der 5. Minute folgte dann das 2:0. Das schien unsere Jungs aufgeweckt zu haben. Nun ging man energischer in die Zweik\u00e4mpfe und hatte auch die eine oder andere Chance. Leider wurden die wenigen Chancen nicht in Z\u00e4hlbares umgem\u00fcnzt. In der 16. Minute erzielten die Gastgeber das 3:0 und kurz vor dem Pausenpfiff folgte noch das 4:0. F\u00fcr diese Umst\u00e4nde hatte man sich wacker geschlagen.<\/p>\n<p>In der Pausenansprache wurden die Defizite angesprochen. Im 2. Durchgang lie\u00dfen dann mit zunehmender Spieldauer doch die Kr\u00e4fte etwas nach. Der Gegner lie\u00df den Ball und leider damit auch uns laufen. Nahezu im Minutentakt rollten nun die Angriffe auf unser Tor. Doch jeder Spieler k\u00e4mpfte verbissen. Kein Zweikampf wurde gescheut. Doch nach und nach machten die Gastgeber ihre Tore. Am Ende stand ein 11:0 in den B\u00fcchern.<\/p>\n<p>Jungs, Kopf hoch. Ihr habt alles gegeben, gek\u00e4mpft\u00a0und das wichtigste, ihr habt nie aufgesteckt und vor allem wieder miteinander gespielt, wenn auch nicht jeder Pa\u00df genau ankam.\u00a0K\u00e4mpft weiter so, dann werden demn\u00e4chst auch mal wieder Punkte eingefahren.<\/p>\n<p>&nbsp;<\/p>\n<p>DJK Aufgebot:<\/p>\n<p>Jojo, Ermal, Dominik S., Dominik K., Alex, Rick, David<\/p>\n","protected":false},"excerpt":{"rendered":"<p>Am heutigen Samstag Morgen machten wir uns bei k\u00fchlem und windigen Wetter nach Eltersdorf auf. Dort wartete der souver\u00e4ne Tabellenf\u00fchrer auf uns. Erschwerend kam hinzu, dass wir nur 7 Spieler zusammenkratzen konnten. Somit gab es keine Auswechselm\u00f6glichkeit.<\/p>\n","protected":false},"author":35,"featured_media":0,"comment_status":"open","ping_status":"closed","sticky":false,"template":"","format":"standard","meta":{"jetpack_post_was_ever_published":false,"_jetpack_newsletter_access":"","_jetpack_dont_email_post_to_subs":false,"_jetpack_newsletter_tier_id":0,"_jetpack_memberships_contains_paywalled_content":false,"_jetpack_memberships_contains_paid_content":false,"footnotes":"","jetpack_publicize_message":"","jetpack_publicize_feature_enabled":true,"jetpack_social_post_already_shared":false,"jetpack_social_options":{"image_generator_settings":{"template":"highway","default_image_id":0,"font":"","enabled":false},"version":2}},"categories":[27],"tags":[],"class_list":["post-8687","post","type-post","status-publish","format-standard","hentry","category-u11-e3"],"jetpack_publicize_connections":[],"jetpack_featured_media_url":"","jetpack_shortlink":"https:\/\/wp.me\/p2ZUr0-2g7","jetpack_sharing_enabled":true,"_links":{"self":[{"href":"https:\/\/www.djk-erlangen.de\/fussball\/index.php?rest_route=\/wp\/v2\/posts\/8687","targetHints":{"allow":["GET"]}}],"collection":[{"href":"https:\/\/www.djk-erlangen.de\/fussball\/index.php?rest_route=\/wp\/v2\/posts"}],"about":[{"href":"https:\/\/www.djk-erlangen.de\/fussball\/index.php?rest_route=\/wp\/v2\/types\/post"}],"author":[{"embeddable":true,"href":"https:\/\/www.djk-erlangen.de\/fussball\/index.php?rest_route=\/wp\/v2\/users\/35"}],"replies":[{"embeddable":true,"href":"https:\/\/www.djk-erlangen.de\/fussball\/index.php?rest_route=%2Fwp%2Fv2%2Fcomments&post=8687"}],"version-history":[{"count":2,"href":"https:\/\/www.djk-erlangen.de\/fussball\/index.php?rest_route=\/wp\/v2\/posts\/8687\/revisions"}],"predecessor-version":[{"id":8689,"href":"https:\/\/www.djk-erlangen.de\/fussball\/index.php?rest_route=\/wp\/v2\/posts\/8687\/revisions\/8689"}],"wp:attachment":[{"href":"https:\/\/www.djk-erlangen.de\/fussball\/index.php?rest_route=%2Fwp%2Fv2%2Fmedia&parent=8687"}],"wp:term":[{"taxonomy":"category","embeddable":true,"href":"https:\/\/www.djk-erlangen.de\/fussball\/index.php?rest_route=%2Fwp%2Fv2%2Fcategories&post=8687"},{"taxonomy":"post_tag","embeddable":true,"href":"https:\/\/www.djk-erlangen.de\/fussball\/index.php?rest_route=%2Fwp%2Fv2%2Ftags&post=8687"}],"curies":[{"name":"wp","href":"https:\/\/api.w.org\/{rel}","templated":true}]}}