{"id":8682,"date":"2012-03-30T19:00:30","date_gmt":"2012-03-30T17:00:30","guid":{"rendered":"http:\/\/www.djk-erlangen.de\/fussball\/?p=8682"},"modified":"2012-04-09T22:30:20","modified_gmt":"2012-04-09T20:30:20","slug":"sv-bubenreuth-ah-djk-erlangen-ah-20-samstag-24-marz-2012-1600h","status":"publish","type":"post","link":"https:\/\/www.djk-erlangen.de\/fussball\/?p=8682","title":{"rendered":"SV Bubenreuth AH &#8211; DJK Erlangen AH .:. <strong>2:0<\/strong> .:.<h5>Samstag, 24. M\u00e4rz 2012, 16:00h<\/h5>"},"content":{"rendered":"<p>Nachdem wir uns &#8211; bei strahlendem Sonnenschein &#8211; zun\u00e4chst am falschen Sportgel\u00e4nde getroffen hatten, sind wir mit etwas Zeitknappheit am richtigen Platz (Schule) eingetroffen.<\/p>\n<p><!--more-->Mit 2 Einwechselspielern und dem guten alten &#8222;Liberoprinzip&#8220; in der Abwehr waren wir fest entschlossen, uns besser zu pr\u00e4sentieren als in der Woche davor gegen M\u00f6hrendorf.<br \/>\nHat auch erst ganz gut geklappt, die Zuteilung in der Abwehr\/Mittelfeld und es sind sogar B\u00e4lle nach vorne gekommen.<br \/>\nLeider haben wir aber trotzdem etliche &#8222;Baustellen&#8220;, z.B. was die h\u00e4ufigen Ballverluste durch unkonzentriertes Zuspiel oder die ungenutzten Fl\u00fcgel betrifft&#8230;<\/p>\n<p>Die erste Halbzeit war alles in allem ganz gut und so war es sehr \u00e4rgerlich das 0:1 zu kassieren&#8230; die Abwehr zu unentschlossen und der Keeper ungl\u00fccklich noch dran.<br \/>\nVor dem Pausenpfiff gabs noch einen kleinen Tumult&#8230; vermutlich gekr\u00e4nktes Ego eines Bubenreuthers&#8230;<\/p>\n<p>Die 2. H\u00e4lfte war, was die Chancenverwertung anging, eher d\u00fcrfig. Wir m\u00fcssen das Tor treffen!!!<br \/>\nDas Wetter wurde etwas schlechter &#8211; leichter Nieselregen &#8211; und nun kamen die Gegner mit mehr Druck. Daher haben wir dann auch das 0:2 bekommen&#8230; wie so oft unn\u00f6tig.<\/p>\n<p>Die Einwechslungen haben aber recht gut geklappt.<\/p>\n<p>Im Gro\u00dfen und Ganzen sind wir dennoch nicht zu sehr geknickt vom Platz gegangen, weil wir gesehen haben, theoretisch k\u00f6nnten wir, wenn wir wollten&#8230;<br \/>\n(Autor Wolfgang P.)<\/p>\n","protected":false},"excerpt":{"rendered":"<p>Nachdem wir uns &#8211; bei strahlendem Sonnenschein &#8211; zun\u00e4chst am falschen Sportgel\u00e4nde getroffen hatten, sind wir mit etwas Zeitknappheit am richtigen Platz (Schule) eingetroffen.<\/p>\n","protected":false},"author":21,"featured_media":0,"comment_status":"open","ping_status":"closed","sticky":false,"template":"","format":"standard","meta":{"jetpack_post_was_ever_published":false,"_jetpack_newsletter_access":"","_jetpack_dont_email_post_to_subs":false,"_jetpack_newsletter_tier_id":0,"_jetpack_memberships_contains_paywalled_content":false,"_jetpack_memberships_contains_paid_content":false,"footnotes":"","jetpack_publicize_message":"","jetpack_publicize_feature_enabled":true,"jetpack_social_post_already_shared":false,"jetpack_social_options":{"image_generator_settings":{"template":"highway","default_image_id":0,"font":"","enabled":false},"version":2}},"categories":[4],"tags":[],"class_list":["post-8682","post","type-post","status-publish","format-standard","hentry","category-ah"],"jetpack_publicize_connections":[],"jetpack_featured_media_url":"","jetpack_shortlink":"https:\/\/wp.me\/p2ZUr0-2g2","jetpack_sharing_enabled":true,"_links":{"self":[{"href":"https:\/\/www.djk-erlangen.de\/fussball\/index.php?rest_route=\/wp\/v2\/posts\/8682","targetHints":{"allow":["GET"]}}],"collection":[{"href":"https:\/\/www.djk-erlangen.de\/fussball\/index.php?rest_route=\/wp\/v2\/posts"}],"about":[{"href":"https:\/\/www.djk-erlangen.de\/fussball\/index.php?rest_route=\/wp\/v2\/types\/post"}],"author":[{"embeddable":true,"href":"https:\/\/www.djk-erlangen.de\/fussball\/index.php?rest_route=\/wp\/v2\/users\/21"}],"replies":[{"embeddable":true,"href":"https:\/\/www.djk-erlangen.de\/fussball\/index.php?rest_route=%2Fwp%2Fv2%2Fcomments&post=8682"}],"version-history":[{"count":4,"href":"https:\/\/www.djk-erlangen.de\/fussball\/index.php?rest_route=\/wp\/v2\/posts\/8682\/revisions"}],"predecessor-version":[{"id":8715,"href":"https:\/\/www.djk-erlangen.de\/fussball\/index.php?rest_route=\/wp\/v2\/posts\/8682\/revisions\/8715"}],"wp:attachment":[{"href":"https:\/\/www.djk-erlangen.de\/fussball\/index.php?rest_route=%2Fwp%2Fv2%2Fmedia&parent=8682"}],"wp:term":[{"taxonomy":"category","embeddable":true,"href":"https:\/\/www.djk-erlangen.de\/fussball\/index.php?rest_route=%2Fwp%2Fv2%2Fcategories&post=8682"},{"taxonomy":"post_tag","embeddable":true,"href":"https:\/\/www.djk-erlangen.de\/fussball\/index.php?rest_route=%2Fwp%2Fv2%2Ftags&post=8682"}],"curies":[{"name":"wp","href":"https:\/\/api.w.org\/{rel}","templated":true}]}}