{"id":8675,"date":"2012-03-27T21:56:32","date_gmt":"2012-03-27T19:56:32","guid":{"rendered":"http:\/\/www.djk-erlangen.de\/fussball\/?p=8675"},"modified":"2012-03-27T21:56:32","modified_gmt":"2012-03-27T19:56:32","slug":"einstand-nach-mas","status":"publish","type":"post","link":"https:\/\/www.djk-erlangen.de\/fussball\/?p=8675","title":{"rendered":"Einstand nach Ma\u00df"},"content":{"rendered":"<p>Nachdem die neuformierte E2 am ersten Spieltag spielfrei hatte, und der Saisonauftakt wegen Krankheit und kirchlichen Aktivit\u00e4ten eine Woche sp\u00e4ter verlegt werden mu\u00dfte, stand am heutigen Dienstag das erste Spiel der neuen Saison an. Mit dem ASV Niederndorf war hierbei gleich eine spielstarke Mannschaft zu Gast im Wiesengrund, die ihre Auftaktpartie souver\u00e4n gewonnen hatte.<\/p>\n<p><!--more--><\/p>\n<p>Man war also gewarnt, zumal man auch das Leistungspotential der Mannschaft zu Beginn der neuen Runde noch nicht richtig einsch\u00e4tzen konnte, da uns doch in der wichtigsten Zeit der Vorbereitung viele Spieler wegen Krankheit\/Verletzung und anderen wichtigen Verpflichtungen nicht zur Verf\u00fcgung standen.<\/p>\n<p>Entsprechend gro\u00df war dann auch die Anspannung und Nervosit\u00e4t vor dem Anpfiff.<\/p>\n<p>Nach anf\u00e4nglichem gegenseitigen Abtasten waren es dann die Wiesenwegbuben, die\u00a0 das Heft in die Hand nahmen und hierbei gleich zu Beginn mehrere gute Torchancen ausliesen. In der zweiten Spielminute nutzten wir dann unsere \u00dcberlegenheit und es war der wei\u00dfe B\u00fcffel welcher nach sch\u00f6nem Doppelpa\u00df mit dem heute viel sicher agierenden Valentin \u00fcber Arijan zur verdienten F\u00fchrung einnetzen konnte.<\/p>\n<p>In der Folgezeit hatten wir zahlreiche, teilweise klare Einschu\u00dfm\u00f6glichkeiten, doch fanden wir im Torsteher der Niederdorfer unseren Meister. Die G\u00e4ste versuchten immer wieder durch die \u00e4u\u00dferst agile<br \/>\nEva- Maria Nadelstiche zu setzen.<br \/>\nSo dauerte es bis kurz vor dem Pausenpfiff ehe der immer besser in Tritt kommende Manu nach Schu\u00df von Valentin in dreckiger Abstaubermanier zur 2:0 Pausenf\u00fchrung erh\u00f6hen konnte.<\/p>\n<p>In der Pausenandacht wurden dann die Fehler wie die nichtvorhandene Bereitschaft den einen Schritt mehr zu machen angesprochen und die Wiesenwegbuben versprachen Besserung.<\/p>\n<p>In der zweiten Halbzeit wurde dann nur noch in eine Richtung gespielt und zwar in Richtung Niederndorfer Geh\u00e4use. So war es nur folgerichtig, da\u00df nur 2 Minuten nach Wiederanpfiff\u00a0 Arijan mit einer sch\u00f6nen Einzelleistung auf 3:0 erh\u00f6hen konnte. Irgendwie ergaben sich die Niederdorfer ihrem Schicksal jedoch vers\u00e4umten wir es den sogenannten Sack vorzeitig klar und deutlich zu schlie\u00dfen. Ein ungl\u00fcckliches Eigentor nach einer Ecke der Wiesenwegbuben sorgte dann in der 33. Minute f\u00fcr die Vorentscheidung.<\/p>\n<p>Von nun an wurde auf den Positionen durchgewechselt und der Spielflu\u00df geriet ein wenig ins Stocken. Auch merkte man mit zunehmender Spieldauer den Trainingsr\u00fcckstand vieler DJK Kicker.<br \/>\nEiner der auff\u00e4lligsten Spieler in unser Mannschaft bekannt als Denker und Lenker wurde dann f\u00fcr seine Leistung am heutigen Tag belohnt. Valentin eroberte sich im Mittelfeld das Spielger\u00e4t und setzte sich gegen 3 Niederdorfer durch und zog aus gut 16 Metern ab und versenkte den Ball unhaltbar unter die Latte.<\/p>\n<p>F\u00fcr den finalen Abschlu\u00df dieser Auftaktpartie sorgte unser kleinster Spieler. Mit einem Doppelpack kr\u00f6nte Ben in der 43. und 46. Spielminute seine beste Leistung im Trikot der Wiesenwegbuben. Hut ab Ben, du warst Dir f\u00fcr keinen Weg zu schade und immer anspielbereit. In dieser Form bist Du nicht zu ersetzen!<\/p>\n<p>Insgesamt war es ein perfekter Einstand in die neue Saison und eine tadellose Leistung der gesamten Mannschaft. Endlich pr\u00e4sentieren sich die Jungs als Team, was gerade noch in der Vorsaison das gro\u00dfe Manko war. Dies zeigt sich auch darin, dass sich gleich 5 verschiedene Namen in der Torsch\u00fctzenliste wiederfinden. S\u00e4mtliche Vorgaben wurden w\u00e4hrend des gesamten Spiels umgesetzt und auch das Zusammenspiel klappte immer besser, so dass die Tore nicht nur erzielt sondern vor allem sch\u00f6n herausgespielt wurden.<\/p>\n<p>Macht weiter so Jungs, am besten schon am kommenden Wochenende wo nach dem Pflichtspiel gegen He\u00dfdorf zuhause, am Sonntag noch die K\u00fcr in Bamberg wartet. Leider fehlen uns dort wieder einige wichtige Eckpfeiler! Aber auch das werden wir l\u00f6sen!<\/p>\n<p><span style=\"text-decoration: underline;\"><strong>DJK Aufgebot:<\/strong><\/span><br \/>\nLuis; Johannes; Daniel; Oliver; Valentin; Tim; Benedikt; Ben; Arijan; Manu<\/p>\n<p><span style=\"text-decoration: underline;\"><strong>Tore:<\/strong><\/span><br \/>\nBen (2); Arijan (1); Benedikt (1); Manu (1); Valentin (1); Eigentor (1)<\/p>\n<p>&nbsp;<\/p>\n","protected":false},"excerpt":{"rendered":"<p>Nachdem die neuformierte E2 am ersten Spieltag spielfrei hatte, und der Saisonauftakt wegen Krankheit und kirchlichen Aktivit\u00e4ten eine Woche sp\u00e4ter verlegt werden mu\u00dfte, stand am heutigen Dienstag das erste Spiel der neuen Saison an. Mit dem ASV Niederndorf war hierbei &hellip; <a href=\"https:\/\/www.djk-erlangen.de\/fussball\/?p=8675\">Weiterlesen <span class=\"meta-nav\">&rarr;<\/span><\/a><\/p>\n","protected":false},"author":32,"featured_media":0,"comment_status":"open","ping_status":"closed","sticky":false,"template":"","format":"standard","meta":{"jetpack_post_was_ever_published":false,"_jetpack_newsletter_access":"","_jetpack_dont_email_post_to_subs":false,"_jetpack_newsletter_tier_id":0,"_jetpack_memberships_contains_paywalled_content":false,"_jetpack_memberships_contains_paid_content":false,"footnotes":"","jetpack_publicize_message":"","jetpack_publicize_feature_enabled":true,"jetpack_social_post_already_shared":false,"jetpack_social_options":{"image_generator_settings":{"template":"highway","default_image_id":0,"font":"","enabled":false},"version":2}},"categories":[26],"tags":[],"class_list":["post-8675","post","type-post","status-publish","format-standard","hentry","category-u11-e2"],"jetpack_publicize_connections":[],"jetpack_featured_media_url":"","jetpack_shortlink":"https:\/\/wp.me\/p2ZUr0-2fV","jetpack_sharing_enabled":true,"_links":{"self":[{"href":"https:\/\/www.djk-erlangen.de\/fussball\/index.php?rest_route=\/wp\/v2\/posts\/8675","targetHints":{"allow":["GET"]}}],"collection":[{"href":"https:\/\/www.djk-erlangen.de\/fussball\/index.php?rest_route=\/wp\/v2\/posts"}],"about":[{"href":"https:\/\/www.djk-erlangen.de\/fussball\/index.php?rest_route=\/wp\/v2\/types\/post"}],"author":[{"embeddable":true,"href":"https:\/\/www.djk-erlangen.de\/fussball\/index.php?rest_route=\/wp\/v2\/users\/32"}],"replies":[{"embeddable":true,"href":"https:\/\/www.djk-erlangen.de\/fussball\/index.php?rest_route=%2Fwp%2Fv2%2Fcomments&post=8675"}],"version-history":[{"count":2,"href":"https:\/\/www.djk-erlangen.de\/fussball\/index.php?rest_route=\/wp\/v2\/posts\/8675\/revisions"}],"predecessor-version":[{"id":8677,"href":"https:\/\/www.djk-erlangen.de\/fussball\/index.php?rest_route=\/wp\/v2\/posts\/8675\/revisions\/8677"}],"wp:attachment":[{"href":"https:\/\/www.djk-erlangen.de\/fussball\/index.php?rest_route=%2Fwp%2Fv2%2Fmedia&parent=8675"}],"wp:term":[{"taxonomy":"category","embeddable":true,"href":"https:\/\/www.djk-erlangen.de\/fussball\/index.php?rest_route=%2Fwp%2Fv2%2Fcategories&post=8675"},{"taxonomy":"post_tag","embeddable":true,"href":"https:\/\/www.djk-erlangen.de\/fussball\/index.php?rest_route=%2Fwp%2Fv2%2Ftags&post=8675"}],"curies":[{"name":"wp","href":"https:\/\/api.w.org\/{rel}","templated":true}]}}