{"id":8585,"date":"2012-03-04T15:07:12","date_gmt":"2012-03-04T14:07:12","guid":{"rendered":"http:\/\/www.djk-erlangen.de\/fussball\/?p=8585"},"modified":"2012-03-04T15:07:47","modified_gmt":"2012-03-04T14:07:47","slug":"saisonauftakt","status":"publish","type":"post","link":"https:\/\/www.djk-erlangen.de\/fussball\/?p=8585","title":{"rendered":"Saisonauftakt"},"content":{"rendered":"<p>Am Samstag, 02.03.12 hatte das lange Warten endlich ein Ende und wir starteten mit einem Vorbereitungsspiel gegen unsere E1 in die neue Freiluftsaison.<\/p>\n<p><!--more--><\/p>\n<p>Im Vorfeld einigte man sich auf eine Spielzeit von 3 x 25 Minuten. Im ersten Spielabschnitt agierten wir viel zu \u00e4ngstlich und gerieten dadurch auch relativ schnell in R\u00fcckstand. Mit zunehmender Spieldauer bekamen wir dann auch mehr Sicherheit und kamen so auch zu einigen Torchancen.<\/p>\n<p>Der zweite Spielabschnitt war relativ ausgeglichen jedoch waren die Wikinger vom Wiesenweg vor dem Tor kaltschn\u00e4uziger. Im dritten Spielabschnitt merkte man dann bei den Wiesenwegbuben die anstrengenden Trainingseinheiten und die Kraft und Konzentration schwanden zusehends.<\/p>\n<p>So waren wir wieder um eine Erfahrung reicher und konnten so unter wettkampf\u00e4hnlichen Bedingungen Spielpraxis sammeln bzw, unser Winterneuzugang sich mit den neuen Kameraden einspielen.<\/p>\n<p>An dieser Stelle bedanken wir uns bei den beiden Trainer der E1 Markus und Matze sowie bei unserem Platzwart Thomas, der den B Platz in einen hervorragenden Zustand versetzte.<\/p>\n<p>Keine 24 Stunden sp\u00e4ter bestritten wir unser n\u00e4chstes Vorbereitungsspiel gegen die E1 der DJK Falke N\u00fcrnberg.<br \/>\nDie Unzul\u00e4nglichkeiten aus dem vorhergegangenen Spiel wurden angesprochen und die Jungs versprachen Besserung. Dementsprechend motiviert und konzentriert ging man in die Begegnung.<\/p>\n<p>Endlich mal wurde das umgesetzt was die Trainer sich vorstellten. Den Ball laufen lassen und das Spiel bei Ballbesitz schnell machen. Mit zunehmender Spieldauer beherrschten wir das Spielgeschehen und erzielten 4 Tore, welche bei besserer Chancenverwertung deutliche h\u00e4tten mehr sein m\u00fcssen.<\/p>\n<p>Im zweiten Spielabschnitt lie\u00dfen wir aus unerkl\u00e4rlichen Gr\u00fcnden die Z\u00fcgel etwas schleifen und luden somit den Gegner ein auch mitzuspielen. Die Falken lie\u00dfen sich nicht zweimal bitten und kamen durch 4 Tore binnen 3 Minuten nochmals heran. Das kurioseste Tor im mittleren Spielabschnitt war sicherlich eine Kullerecke welche durch Mann und Maus und Maulwurfh\u00fcgel hindurch in unsere Maschen rollte.<\/p>\n<p>Kurz vor dem Pausenpfiff konnten wir dann noch zwei weitere Treffer beisteuern und wechselten beim Stande von 6:4 erneut die Seiten.<\/p>\n<p>Trainer Thomas war mit den erbrachten Leistungen im Mitteldrittel nicht zufrieden und demensprechend viel auch die Pausenansprache aus.<\/p>\n<p>Im letzten Spielabschnitt legten wir uns nochmals so richtig ins Zeug und spielten uns f\u00f6rmlich in einen Rausch. Die Falken hatten unserern Angriffswellen nichts mehr entgegen zusetzen und konnten sich bei unserer Abschlu\u00dfschw\u00e4che sowie ihrem Torh\u00fcter bedanken, da\u00df dieser das Spielger\u00e4t nur noch 6 x aus den Maschen nehmen mu\u00dfte.<\/p>\n<p>Somit endete die Begegnung mit einem verdienten Sieg f\u00fcr die Wiesenwegbuben. Am kommenden Sonntag wartet dann schon ein anderes Kaliber auf uns, wo wir sicherlich deutlich mehr gefordert werden.<\/p>\n<p>&nbsp;<\/p>\n<p>DJK Aufgebot:<br \/>\nLuis; Johannes; Daniel; Konstantin; Oliver; Tim; Benedikt; Ben; Arijan; Manu<\/p>\n<p>Tore:<br \/>\nManu (3) Arijan (2) Konstantin (2) Ben (2) Daniel (2) Tim (1)<\/p>\n<p>&nbsp;<\/p>\n<p>&nbsp;<\/p>\n","protected":false},"excerpt":{"rendered":"<p>Am Samstag, 02.03.12 hatte das lange Warten endlich ein Ende und wir starteten mit einem Vorbereitungsspiel gegen unsere E1 in die neue Freiluftsaison.<\/p>\n","protected":false},"author":32,"featured_media":0,"comment_status":"open","ping_status":"closed","sticky":false,"template":"","format":"standard","meta":{"jetpack_post_was_ever_published":false,"_jetpack_newsletter_access":"","_jetpack_dont_email_post_to_subs":false,"_jetpack_newsletter_tier_id":0,"_jetpack_memberships_contains_paywalled_content":false,"_jetpack_memberships_contains_paid_content":false,"footnotes":"","jetpack_publicize_message":"","jetpack_publicize_feature_enabled":true,"jetpack_social_post_already_shared":false,"jetpack_social_options":{"image_generator_settings":{"template":"highway","default_image_id":0,"font":"","enabled":false},"version":2}},"categories":[26],"tags":[],"class_list":["post-8585","post","type-post","status-publish","format-standard","hentry","category-u11-e2"],"jetpack_publicize_connections":[],"jetpack_featured_media_url":"","jetpack_shortlink":"https:\/\/wp.me\/p2ZUr0-2et","jetpack_sharing_enabled":true,"_links":{"self":[{"href":"https:\/\/www.djk-erlangen.de\/fussball\/index.php?rest_route=\/wp\/v2\/posts\/8585","targetHints":{"allow":["GET"]}}],"collection":[{"href":"https:\/\/www.djk-erlangen.de\/fussball\/index.php?rest_route=\/wp\/v2\/posts"}],"about":[{"href":"https:\/\/www.djk-erlangen.de\/fussball\/index.php?rest_route=\/wp\/v2\/types\/post"}],"author":[{"embeddable":true,"href":"https:\/\/www.djk-erlangen.de\/fussball\/index.php?rest_route=\/wp\/v2\/users\/32"}],"replies":[{"embeddable":true,"href":"https:\/\/www.djk-erlangen.de\/fussball\/index.php?rest_route=%2Fwp%2Fv2%2Fcomments&post=8585"}],"version-history":[{"count":2,"href":"https:\/\/www.djk-erlangen.de\/fussball\/index.php?rest_route=\/wp\/v2\/posts\/8585\/revisions"}],"predecessor-version":[{"id":8587,"href":"https:\/\/www.djk-erlangen.de\/fussball\/index.php?rest_route=\/wp\/v2\/posts\/8585\/revisions\/8587"}],"wp:attachment":[{"href":"https:\/\/www.djk-erlangen.de\/fussball\/index.php?rest_route=%2Fwp%2Fv2%2Fmedia&parent=8585"}],"wp:term":[{"taxonomy":"category","embeddable":true,"href":"https:\/\/www.djk-erlangen.de\/fussball\/index.php?rest_route=%2Fwp%2Fv2%2Fcategories&post=8585"},{"taxonomy":"post_tag","embeddable":true,"href":"https:\/\/www.djk-erlangen.de\/fussball\/index.php?rest_route=%2Fwp%2Fv2%2Ftags&post=8585"}],"curies":[{"name":"wp","href":"https:\/\/api.w.org\/{rel}","templated":true}]}}