{"id":8537,"date":"2012-02-12T08:20:24","date_gmt":"2012-02-12T07:20:24","guid":{"rendered":"http:\/\/www.djk-erlangen.de\/fussball\/?p=8537"},"modified":"2012-02-13T10:22:34","modified_gmt":"2012-02-13T09:22:34","slug":"c-junioren-erreichen-3-platz","status":"publish","type":"post","link":"https:\/\/www.djk-erlangen.de\/fussball\/?p=8537","title":{"rendered":"C-Junioren erreichen 3. Platz"},"content":{"rendered":"<p>Die C-Junioren beendeten die Hallenkreismeisterschaften in der Gr\u00e4fenberger Sporthalle mit einem hervorragenden 3. Platz.<!--more--><\/p>\n<p>In der Gruppenphase der Endrunde traf die Mannschaft zun\u00e4chst auf den SC Eltersdorf und gewann klar mit 3:1. Das n\u00e4chste Spiel gegen den Bayernligisten SK Lauf ging nach einzelnen ungl\u00fccklichen Entscheidungen mit 1:2 verloren. So musste im dritten Spiel der Gruppenphase unbedingt ein Sieg her, sonst war das Turnier bereits gelaufen.<\/p>\n<p>Der SV Buckenhofen war bis dahin durch ein sehr k\u00f6rperbetontes Spiel aufgefallen. Unsere Jungs liessen dem Gegner jedoch keine Chancen und brachten sich mit einem 2:0-Erfolg zur\u00fcck ins Turnier. Die Gruppenphase beendete das Team sogar als Gruppenerster.<\/p>\n<p>Das Halbfinale gegen den Bezirksoberligisten Baiersdorfer SV ging nach regul\u00e4rer Spielzeit mit 0:0 aus. Wir waren w\u00e4hrend des Spiels dem Siegtreffer n\u00e4her als der Gegner, konnten die leichte \u00dcberlegenheit jedoch nicht in Toren umsetzen. So fiel die Entscheidung f\u00fcr den Baiersdorfer SV im Siebenmeterschiessen.<\/p>\n<p>Im Spiel um den 3. Platz standen die Jungs erneut dem SV Buckenhofen gegen\u00fcber und gewannen wiederum mit 2:1 Toren.<\/p>\n<p>W\u00e4hrend der Siegerehrung lobte BFV-Kreisjugendspielleiter Tobias K\u00f6rner unsere Jungs als \u00dcberraschungsmannschaft, die sportlich als Kreisgruppenmannschaft Kreisliga- und Bayernligateams hinter sich gelassen hatte.<\/p>\n<p><a href=\"http:\/\/www.hobe.de\/download\/120211.pdf\" target=\"_blank\">Hier sind die Ergebnisse<\/a><\/p>\n<p><a href=\"http:\/\/www.djk-erlangen.de\/fussball\/wp-content\/uploads\/2012\/02\/c.jpg\"><img loading=\"lazy\" decoding=\"async\" src=\"http:\/\/www.djk-erlangen.de\/fussball\/wp-content\/uploads\/2012\/02\/c.jpg\" alt=\"\" title=\"C-Junioren Dritte bei HKM\" width=\"640\" height=\"480\" class=\"aligncenter size-full wp-image-8538\" srcset=\"https:\/\/www.djk-erlangen.de\/fussball\/wp-content\/uploads\/2012\/02\/c.jpg 640w, https:\/\/www.djk-erlangen.de\/fussball\/wp-content\/uploads\/2012\/02\/c-150x112.jpg 150w, https:\/\/www.djk-erlangen.de\/fussball\/wp-content\/uploads\/2012\/02\/c-300x225.jpg 300w\" sizes=\"auto, (max-width: 640px) 100vw, 640px\" \/><\/a><\/p>\n","protected":false},"excerpt":{"rendered":"<p>Die C-Junioren beendeten die Hallenkreismeisterschaften in der Gr\u00e4fenberger Sporthalle mit einem hervorragenden 3. Platz.<\/p>\n","protected":false},"author":2,"featured_media":0,"comment_status":"open","ping_status":"closed","sticky":false,"template":"","format":"standard","meta":{"jetpack_post_was_ever_published":false,"_jetpack_newsletter_access":"","_jetpack_dont_email_post_to_subs":false,"_jetpack_newsletter_tier_id":0,"_jetpack_memberships_contains_paywalled_content":false,"_jetpack_memberships_contains_paid_content":false,"footnotes":"","jetpack_publicize_message":"","jetpack_publicize_feature_enabled":true,"jetpack_social_post_already_shared":false,"jetpack_social_options":{"image_generator_settings":{"template":"highway","default_image_id":0,"font":"","enabled":false},"version":2}},"categories":[11],"tags":[],"class_list":["post-8537","post","type-post","status-publish","format-standard","hentry","category-u15"],"jetpack_publicize_connections":[],"jetpack_featured_media_url":"","jetpack_shortlink":"https:\/\/wp.me\/p2ZUr0-2dH","jetpack_sharing_enabled":true,"_links":{"self":[{"href":"https:\/\/www.djk-erlangen.de\/fussball\/index.php?rest_route=\/wp\/v2\/posts\/8537","targetHints":{"allow":["GET"]}}],"collection":[{"href":"https:\/\/www.djk-erlangen.de\/fussball\/index.php?rest_route=\/wp\/v2\/posts"}],"about":[{"href":"https:\/\/www.djk-erlangen.de\/fussball\/index.php?rest_route=\/wp\/v2\/types\/post"}],"author":[{"embeddable":true,"href":"https:\/\/www.djk-erlangen.de\/fussball\/index.php?rest_route=\/wp\/v2\/users\/2"}],"replies":[{"embeddable":true,"href":"https:\/\/www.djk-erlangen.de\/fussball\/index.php?rest_route=%2Fwp%2Fv2%2Fcomments&post=8537"}],"version-history":[{"count":6,"href":"https:\/\/www.djk-erlangen.de\/fussball\/index.php?rest_route=\/wp\/v2\/posts\/8537\/revisions"}],"predecessor-version":[{"id":8544,"href":"https:\/\/www.djk-erlangen.de\/fussball\/index.php?rest_route=\/wp\/v2\/posts\/8537\/revisions\/8544"}],"wp:attachment":[{"href":"https:\/\/www.djk-erlangen.de\/fussball\/index.php?rest_route=%2Fwp%2Fv2%2Fmedia&parent=8537"}],"wp:term":[{"taxonomy":"category","embeddable":true,"href":"https:\/\/www.djk-erlangen.de\/fussball\/index.php?rest_route=%2Fwp%2Fv2%2Fcategories&post=8537"},{"taxonomy":"post_tag","embeddable":true,"href":"https:\/\/www.djk-erlangen.de\/fussball\/index.php?rest_route=%2Fwp%2Fv2%2Ftags&post=8537"}],"curies":[{"name":"wp","href":"https:\/\/api.w.org\/{rel}","templated":true}]}}