{"id":8507,"date":"2012-02-05T20:03:11","date_gmt":"2012-02-05T19:03:11","guid":{"rendered":"http:\/\/www.djk-erlangen.de\/fussball\/?p=8507"},"modified":"2012-02-06T11:03:51","modified_gmt":"2012-02-06T10:03:51","slug":"finalrundeneinzug-knapp-verpast","status":"publish","type":"post","link":"https:\/\/www.djk-erlangen.de\/fussball\/?p=8507","title":{"rendered":"Finalrundeneinzug knapp verpa\u00dft"},"content":{"rendered":"<p>Am heutigen Sonntag fuhren wir zur Zwischenrunde der diesj\u00e4hrigen Hallenkreismeisterschaft nach Spardorf. Wir hatten folgende Gegner zugelost bekommen.<\/p>\n<p><!--more--><\/p>\n<p>TSV Marloffstein<br \/>\n1. FC Herzogenaurach<br \/>\nFSV Erlangen -Bruck<br \/>\nTSV R\u00f6ttenbach\/ERH<\/p>\n<p>Der Spielplan bescherte uns gleich das erste Spiel gegen den TSV Marloffstein. Wie so h\u00e4ufig bei unseren Hallenauftritten brauchen wir einfach zu lange um in die Spur zu kommen und so gerieten wir trotz leichter Feld\u00fcberlegenheit fr\u00fch in R\u00fcckstand.<br \/>\nAls wir dann unser System ein wenig umstellten kamen wir zu mehr Torchancen welche jedoch kl\u00e4glich vergeben wurden. Mit zunehmender Spieldauer setzten wir dann alles auf eine Karte um den Ausgleich zu erzwingen. Just in dieser Phase des Spiels erh\u00f6hte der TSV auf 2:0. Kurz vor Spielende verh\u00e4ngte der Schiedsrichter noch einen Strafsto\u00df wegen Schutzhand gegen uns. Diesen parierte Luis souver\u00e4n und hielt die Wiesenwegbuben weiter im Spiel, was allerdings nichts mehr einbrachte.<br \/>\nWar der Traum von der Finalrunde schon nach dem ersten Spiel geplatzt??<\/p>\n<p>Jetzt war allen klar, f\u00fcr ein Weiterkommen z\u00e4hlen nur noch Siege.<\/p>\n<p>Im zweiten Spiel trafen wir auf den TSV R\u00f6ttenbach\/ERH. Unsere k\u00f6rperliche Unterlegenheit glichen wir durch ein technisch versiertes Spiel aus und so gingen wir v\u00f6llig \u00fcberraschend durch Arijan in F\u00fchrung. Diesen Vorsprung wollten wir jetzt noch \u00fcber die verbleibende Zeit retten uns r\u00fchrten Beton an. Letzendlich erl\u00f6ste uns die Schlu\u00dfsirene mit diesem knappen Erfolg. Wir waren wieder mittendrin statt nur dabei.<\/p>\n<p>Als n\u00e4chstes trafen wir auf unseren Angstgegner die Pumas aus Herzogenaurach. Auch hier meint man von den Gr\u00f6\u00dfenverh\u00e4ltnissen der Kinder es spielt eine G-Jugend gegen eine D-Jugend. Irgendwie m\u00fcssen die Kinder vom Land anderes Essen bekommen wie wir in der Stadt, anders sind diese k\u00f6rperlichen Unterschiede kaum zu erkl\u00e4ren.<br \/>\nEs entwickelte sich ein sch\u00f6n anzusehendes Hallenspiel mit guten Chancen h\u00fcben wie dr\u00fcben. In unserer st\u00e4rksten Phase des Spiels nahm sich Lorenz ein Herz und zog aus 15 Meter resolut ab. Die Filzkugel landete zum viel umjubelten F\u00fchrungstreffer in den Maschen des Herzigeh\u00e4uses.<\/p>\n<p>Auch die Konkurrenten lie\u00dfen Federn und so war man vor dem letzten Spiel gegen Bruck urpl\u00f6tzlich 2ter im Gesamttablot. Um sicher in der Finalrunde zu sein, h\u00e4tte uns voraussgesetzt da\u00df Marloffstein im letzten Spiel gegen R\u00f6ttenbach Federn lassen w\u00fcrde, 1 mickriges P\u00fcnktchen gereicht.<\/p>\n<p>Dementsprechend motiviert ging man auch in die Partie. Man wollte es aus eigener Kraft schaffen. Aber irgendwie war die Kraft nicht da und Bruck ging relativ schnell durch einen Doppelschlag mit 2:0 in F\u00fchrung. Diese versetzte uns irgendwie in einen Schockzustand von dem wir uns nicht mehr erholten und nur noch reagierten und nicht mehr agierten. Man gab sich dem Schicksal hin und dadurch kamen die Brucker noch zu zwei weiteren Toren und wurden mit diesem Sieg ungeschlagen Tabellenerster der Gruppe 3 und zieht verdient in die Finalrunde am 18.02.12 ein.<br \/>\nUm unsere Teilnahme zu gew\u00e4hrleisten, mu\u00dfte R\u00f6ttenbach gegen Marloffstein gewinnen. Zig Daumen wurden f\u00fcr die R\u00f6ttenbacher gedr\u00fcckt, jedoch ohne Erfolg.<br \/>\nMarloffstein lie\u00df nichts mehr anbrennen uns gewann das letzte Spiel mit 2:0 und rangierte somit vor uns in der Abschlu\u00dftabelle.<\/p>\n<p>Trotzdem m\u00f6chten wir Trainer und Betreuer uns bei den Jungs recht herzlich f\u00fcr eine geile Hallensaison bedanken. Auch in der Halle haben wir den n\u00e4chsten Schritt gemacht und es ist nur noch eine Frage der Zeit wann wir mal in den Genu\u00df einer Finalteilnahme kommen.<\/p>\n<p>Ab sofort gilt die oberste Priorit\u00e4t der Vorbereitung auf die Freiluftsaison auch wenn wir den Trainingsauftakt aufgrund der klirrenden K\u00e4lte vorerst auf die verbleibenden Hallenzeiten beschr\u00e4nken m\u00fcssen.<\/p>\n<p>HKM Abschlu\u00dftabelle Zwischenrunde Gruppe 3<\/p>\n<ol>\n<li>FSV Erlangen-Bruck 12 Punkte<\/li>\n<li>TSV Marloffstein\u00a0\u00a0\u00a0\u00a0\u00a0\u00a0\u00a0\u00a0\u00a0\u00a0 7 Punkte<\/li>\n<li>DJK Erlangen\u00a0\u00a0\u00a0\u00a0\u00a0\u00a0\u00a0\u00a0\u00a0\u00a0\u00a0\u00a0\u00a0\u00a0 6 Punkte<\/li>\n<li>FC Herziaurach\u00a0\u00a0\u00a0\u00a0\u00a0\u00a0\u00a0\u00a0\u00a0\u00a0\u00a0 1 Punkte<\/li>\n<li>TSV R\u00f6ttenbach\u00a0\u00a0\u00a0\u00a0\u00a0\u00a0\u00a0\u00a0\u00a0\u00a0 0 Punkte<\/li>\n<\/ol>\n<p>&nbsp;<\/p>\n<p><strong><span style=\"text-decoration: underline;\">DJK Aufgebot<\/span><\/strong><br \/>\nLuis; Johannes; Daniel; Oliver; Lorenz; Ben; Arijan; Manu; (Maskottchen Tim)<\/p>\n<p><span style=\"text-decoration: underline;\"><strong>Tore:<\/strong><\/span><br \/>\nArijan (1) ; Lorenz (1)<\/p>\n","protected":false},"excerpt":{"rendered":"<p>Am heutigen Sonntag fuhren wir zur Zwischenrunde der diesj\u00e4hrigen Hallenkreismeisterschaft nach Spardorf. Wir hatten folgende Gegner zugelost bekommen.<\/p>\n","protected":false},"author":32,"featured_media":0,"comment_status":"open","ping_status":"closed","sticky":false,"template":"","format":"standard","meta":{"jetpack_post_was_ever_published":false,"_jetpack_newsletter_access":"","_jetpack_dont_email_post_to_subs":false,"_jetpack_newsletter_tier_id":0,"_jetpack_memberships_contains_paywalled_content":false,"_jetpack_memberships_contains_paid_content":false,"footnotes":"","jetpack_publicize_message":"","jetpack_publicize_feature_enabled":true,"jetpack_social_post_already_shared":false,"jetpack_social_options":{"image_generator_settings":{"template":"highway","default_image_id":0,"font":"","enabled":false},"version":2}},"categories":[26],"tags":[],"class_list":["post-8507","post","type-post","status-publish","format-standard","hentry","category-u11-e2"],"jetpack_publicize_connections":[],"jetpack_featured_media_url":"","jetpack_shortlink":"https:\/\/wp.me\/p2ZUr0-2dd","jetpack_sharing_enabled":true,"_links":{"self":[{"href":"https:\/\/www.djk-erlangen.de\/fussball\/index.php?rest_route=\/wp\/v2\/posts\/8507","targetHints":{"allow":["GET"]}}],"collection":[{"href":"https:\/\/www.djk-erlangen.de\/fussball\/index.php?rest_route=\/wp\/v2\/posts"}],"about":[{"href":"https:\/\/www.djk-erlangen.de\/fussball\/index.php?rest_route=\/wp\/v2\/types\/post"}],"author":[{"embeddable":true,"href":"https:\/\/www.djk-erlangen.de\/fussball\/index.php?rest_route=\/wp\/v2\/users\/32"}],"replies":[{"embeddable":true,"href":"https:\/\/www.djk-erlangen.de\/fussball\/index.php?rest_route=%2Fwp%2Fv2%2Fcomments&post=8507"}],"version-history":[{"count":6,"href":"https:\/\/www.djk-erlangen.de\/fussball\/index.php?rest_route=\/wp\/v2\/posts\/8507\/revisions"}],"predecessor-version":[{"id":8510,"href":"https:\/\/www.djk-erlangen.de\/fussball\/index.php?rest_route=\/wp\/v2\/posts\/8507\/revisions\/8510"}],"wp:attachment":[{"href":"https:\/\/www.djk-erlangen.de\/fussball\/index.php?rest_route=%2Fwp%2Fv2%2Fmedia&parent=8507"}],"wp:term":[{"taxonomy":"category","embeddable":true,"href":"https:\/\/www.djk-erlangen.de\/fussball\/index.php?rest_route=%2Fwp%2Fv2%2Fcategories&post=8507"},{"taxonomy":"post_tag","embeddable":true,"href":"https:\/\/www.djk-erlangen.de\/fussball\/index.php?rest_route=%2Fwp%2Fv2%2Ftags&post=8507"}],"curies":[{"name":"wp","href":"https:\/\/api.w.org\/{rel}","templated":true}]}}