{"id":8472,"date":"2012-01-29T17:07:32","date_gmt":"2012-01-29T16:07:32","guid":{"rendered":"http:\/\/www.djk-erlangen.de\/fussball\/?p=8472"},"modified":"2012-01-29T18:56:37","modified_gmt":"2012-01-29T17:56:37","slug":"gut-mitgehalten-beim-12-frankencup-in-bamberg","status":"publish","type":"post","link":"https:\/\/www.djk-erlangen.de\/fussball\/?p=8472","title":{"rendered":"gut mitgehalten beim 12. Frankencup in Bamberg"},"content":{"rendered":"<p>Am heutigen Sonntag morgen brach der DJK Tross der E2 bereits um 07.45 Uhr auf um zeitig in der Sporthalle am Georgensdamm in Bamberg\u00a0 zu sein um am 12. Frankencup der DJK Don Bosco teilzunehmen.<\/p>\n<p><!--more--><\/p>\n<p>Folgende Mannschaften waren am Start.<\/p>\n<p><strong><span style=\"text-decoration: underline;\">Gruppe A<\/span><\/strong><\/p>\n<ol>\n<li>DJK Don Bosco 1<\/li>\n<li>DJK Don Bosco 3<\/li>\n<li>DJK Erlangen<\/li>\n<li>Post SV Bamberg<\/li>\n<\/ol>\n<p><span style=\"text-decoration: underline;\"><strong>Gruppe B<\/strong><\/span><\/p>\n<ol>\n<li>DJK Don Bosco 2<\/li>\n<li>DJK Don Bosco 4<\/li>\n<li>TSG 05 Bamberg<\/li>\n<li>TSV Burgebrach<\/li>\n<\/ol>\n<p>Bis auf unsere Mannschaft und die Truppe von Roland Bleiers DJK Don Bosco 4 waren alle anderen Mannschaften mit ihren E1 Mannschaften (Jhrg.2001) am Start.<br \/>\nSo bekamen wir dann auch schon mal einen leichten Vorgeschmack auf das was uns in der kommenden Freiluftsaison erwarten k\u00f6nnte.<br \/>\nGespielt wurde \u00fcbrigens mit einer rundum Bande was zus\u00e4tzlich f\u00fcr noch mehr Schnelligkeit sorgte.<\/p>\n<p>So war in unserer ersten Begegnung gegen den Post SV Bamberg zuviel Respekt der Wiesenwegbuben im Spiel und der Gegner konnte bereits nach nur 30 Sekunden Spielzeit das 1:0 f\u00fcr sich verbuchen.<br \/>\nMit zunehmender Spieldauer kamen wir auch zu ein paar Chancen die jedoch kl\u00e4glich durch zuviel Eigensinn bzw. Ballverliebtheit vergeben wurden. Genau aus so einer Situation heraus konnten die Poster auf 2:0 erh\u00f6hen.<br \/>\nKurz vor der Schlu\u00dfsirene konnte Luis zwar auf 1:2 verk\u00fcrzen, aber die verbleibenden Sekunden reichten dann doch nicht mehr zum Ausgleich.<\/p>\n<p>Im zweiten Spiel am heutigen Vormittag trafen die Wiesenwegbuben dann auf die E1 von Don Bosco. Die \u00dcberlegenheit der Hausherren war in allen Belangen deutlich zu erkennen. Wieder ein schnelles Gegentor nach nur 30 Sekunden brachte uns fr\u00fchzeitig auf die Verliererstra\u00dfe. In dieser Partie hatten wir nicht den Hauch einer Chance und mu\u00dften mit einer klaren 3:0 Niederlage die Trib\u00fcne der sch\u00f6nen Halle aufsuchen.<\/p>\n<p>Das letzte Gruppenspiel bescherte uns dann Don Bosco 3. Wiederum diesemal nach 37 Sekunden kassierten wir einen Gegentreffer, doch steckten wir den Kopf nicht gleich in den Sand und dr\u00e4ngten auf den Ausgleich. Diesen erzielte noch sch\u00f6ner Vorlage von Ben, unser Arijan. 3 Minuten sp\u00e4ter kamen erstmals Gl\u00fccksgef\u00fchle auf, denn einen &#8222;Einrollerer&#8220; von Arijan auf Benedikt nutzte unser wei\u00dfer B\u00fcffel zur F\u00fchrung.\u00a0 Diese konnte nur 40 Sekunden sp\u00e4ter sogar erh\u00f6ht werden. Diesmal tankte sich Benedikt auf dem Fl\u00fcgel durch und legte musterg\u00fcltig auf den mitgelaufenen Arijan zur\u00fcck.<br \/>\n2 Minuten vor der Schlu\u00dfsirene konnten sich auch unser Manu mit einem sehenswerten Volleyschu\u00df in die Torsch\u00fctzenliste eintragen. Der darauffolgende Gegentreffer war nur noch Makulatur und sorgte f\u00fcr den 4:2 Endstand f\u00fcr die Wiesenwegbuben.<\/p>\n<p>Somit belegte man in der Vorrunde einen achtbaren 3 Tabellenplatz und traf somit im Spiel um Platz 5 auf den Drittplazierten der Gruppe B die TSG 05 Bamberg.<\/p>\n<p>Auch hier das selbe Bild wie in der Vorrunde, diesmal jedoch schon nach 20 Sekunden, gerieten wir fr\u00fch in R\u00fcckstand. Diesen konnte Benedikt nach 2 1\/2 Minuten egalisieren. Doch im Gegenzug gingen die Schlenkala Kicker erneut in F\u00fchrung und retteten durch ihre k\u00f6rperliche \u00dcberlegenheit und der daraus resultierenden Robustheit diese knappe F\u00fchrung bis ins Ziel.<\/p>\n<p>Das kleine Finale bestritten die Ausricher unter sich. Don Bosco 2 traf auf Don Bosco 1 Endstand nach 10 Minuten 1:1 Im 8 Meterschie\u00dfen setzte sich Don Bosco 2 mit 7:6 durch<\/p>\n<p>Im Finale trafen die beiden spielerisch besten Mannschaften aufeinander der Post SV Bamberg traf auf den aktuellen Hallenkreismeister Bamberger Raum den TSV Burgebrach. Nach der regul\u00e4ren Spielzeit stand es leistungsgerecht 1:1. Somit mu\u00dfte die Entscheidung \u00fcber den Turniersieg im 8 Meter Schie\u00dfen ermittelt werden.<\/p>\n<p>Da hatten die Burgebracher heute die Gl\u00fccksg\u00f6ttin Fortuna auf Ihrer Seite und gewannen mit 6:5<\/p>\n<p>Somit belegte man in der Abschlu\u00dftabelle den 6. Platz! Dieser h\u00e4tte bei mehr Einsatzwillen und Dagegenhalten deutlich besser ausfallen k\u00f6nnen. Aber man fuhr auch mit der Erkenntnis nach Hause nicht chancenlos gewesen zu sein. In den kommenden Wochen wird sich in Sachen Turniere noch einiges tun, soda\u00df wir dann auch bei den jahrgangs\u00e4lteren k\u00f6rperlich mithalten k\u00f6nnen.<\/p>\n<p>An dieser Stelle m\u00f6chte ich mich auch im Namen aller Kinder, Eltern, Trainer und Betreuer bei Roland Bleier f\u00fcr dieses sch\u00f6ne Turnier bedanken. Roland im n\u00e4chten Jahr sind wir die Alten und rollen dann das Feld von hinten auf!<\/p>\n<p><strong><span style=\"text-decoration: underline;\">Abschlu\u00dftabelle:<\/span><\/strong><\/p>\n<ol>\n<li>TSV Burgebrach<\/li>\n<li>Post SV Bamberg<\/li>\n<li>DJK Don Bosco 2<\/li>\n<li>DJK Don Bosco 1<\/li>\n<li>TSG Bamberg 05<\/li>\n<li>DJK Erlangen<\/li>\n<li>DJK Don Bosco 4<\/li>\n<li>DJK Don Bosco 3<\/li>\n<\/ol>\n<p><span style=\"text-decoration: underline;\"><strong>DJK Aufgebot:<\/strong><\/span><br \/>\nManu (Luis) Hannes; Daniel; Oliver; Luis (Manu); Benedikt; Ben; Arijan<\/p>\n<p>Tore<br \/>\nArijan (2); Benedikt (2); Ben (1); Manu (1); Luis (1)<\/p>\n<p>&nbsp;<\/p>\n<p>&nbsp;<\/p>\n<p>&nbsp;<\/p>\n<p>&nbsp;<\/p>\n<p>&nbsp;<\/p>\n<p>&nbsp;<\/p>\n<p>&nbsp;<\/p>\n<p>&nbsp;<\/p>\n<p>&nbsp;<\/p>\n<p>&nbsp;<\/p>\n<p>&nbsp;<\/p>\n<p>&nbsp;<\/p>\n<p>&nbsp;<\/p>\n","protected":false},"excerpt":{"rendered":"<p>Am heutigen Sonntag morgen brach der DJK Tross der E2 bereits um 07.45 Uhr auf um zeitig in der Sporthalle am Georgensdamm in Bamberg\u00a0 zu sein um am 12. Frankencup der DJK Don Bosco teilzunehmen.<\/p>\n","protected":false},"author":32,"featured_media":0,"comment_status":"open","ping_status":"closed","sticky":false,"template":"","format":"standard","meta":{"jetpack_post_was_ever_published":false,"_jetpack_newsletter_access":"","_jetpack_dont_email_post_to_subs":false,"_jetpack_newsletter_tier_id":0,"_jetpack_memberships_contains_paywalled_content":false,"_jetpack_memberships_contains_paid_content":false,"footnotes":"","jetpack_publicize_message":"","jetpack_publicize_feature_enabled":true,"jetpack_social_post_already_shared":false,"jetpack_social_options":{"image_generator_settings":{"template":"highway","default_image_id":0,"font":"","enabled":false},"version":2}},"categories":[26],"tags":[],"class_list":["post-8472","post","type-post","status-publish","format-standard","hentry","category-u11-e2"],"jetpack_publicize_connections":[],"jetpack_featured_media_url":"","jetpack_shortlink":"https:\/\/wp.me\/p2ZUr0-2cE","jetpack_sharing_enabled":true,"_links":{"self":[{"href":"https:\/\/www.djk-erlangen.de\/fussball\/index.php?rest_route=\/wp\/v2\/posts\/8472","targetHints":{"allow":["GET"]}}],"collection":[{"href":"https:\/\/www.djk-erlangen.de\/fussball\/index.php?rest_route=\/wp\/v2\/posts"}],"about":[{"href":"https:\/\/www.djk-erlangen.de\/fussball\/index.php?rest_route=\/wp\/v2\/types\/post"}],"author":[{"embeddable":true,"href":"https:\/\/www.djk-erlangen.de\/fussball\/index.php?rest_route=\/wp\/v2\/users\/32"}],"replies":[{"embeddable":true,"href":"https:\/\/www.djk-erlangen.de\/fussball\/index.php?rest_route=%2Fwp%2Fv2%2Fcomments&post=8472"}],"version-history":[{"count":4,"href":"https:\/\/www.djk-erlangen.de\/fussball\/index.php?rest_route=\/wp\/v2\/posts\/8472\/revisions"}],"predecessor-version":[{"id":8474,"href":"https:\/\/www.djk-erlangen.de\/fussball\/index.php?rest_route=\/wp\/v2\/posts\/8472\/revisions\/8474"}],"wp:attachment":[{"href":"https:\/\/www.djk-erlangen.de\/fussball\/index.php?rest_route=%2Fwp%2Fv2%2Fmedia&parent=8472"}],"wp:term":[{"taxonomy":"category","embeddable":true,"href":"https:\/\/www.djk-erlangen.de\/fussball\/index.php?rest_route=%2Fwp%2Fv2%2Fcategories&post=8472"},{"taxonomy":"post_tag","embeddable":true,"href":"https:\/\/www.djk-erlangen.de\/fussball\/index.php?rest_route=%2Fwp%2Fv2%2Ftags&post=8472"}],"curies":[{"name":"wp","href":"https:\/\/api.w.org\/{rel}","templated":true}]}}