{"id":8456,"date":"2012-01-23T09:26:47","date_gmt":"2012-01-23T08:26:47","guid":{"rendered":"http:\/\/www.djk-erlangen.de\/fussball\/?p=8456"},"modified":"2012-01-23T09:26:47","modified_gmt":"2012-01-23T08:26:47","slug":"2-vorrunde-der-hallenkreismeisterschaft","status":"publish","type":"post","link":"https:\/\/www.djk-erlangen.de\/fussball\/?p=8456","title":{"rendered":"2. Vorrunde der Hallenkreismeisterschaft"},"content":{"rendered":"<p>Heute traten wir bei tr\u00fcben Wetter zur 2. Vorrunde der Hallenkreismeisterschaft in der Sporthalle R\u00f6ttenbach an. Nach Blick in den Turnierplan wu\u00dften wir, dass nach der schweren Gruppe in der 1. Vorrunde nun heute die dicksten Brocken auf uns warteten.<\/p>\n<p><!--more--> Die 3 erstplazierten Mannschaften nach der 1. Vorrunde!!! Also hie\u00df es, sich so gut wie m\u00f6glich zu verkaufen.<\/p>\n<p>In der Auftaktbegegnung unserer Gruppe wartete der SV Buckenhofen auf uns. Wir waren sehr gespannt, da wir diese Mannschft noch nicht kannten. Unsere Jungs versuchten nach dem Ansto\u00df den Ball erstmal laufen zu lassen, doch unser Gegner \u00fcbernahm schnell die Initiative und lie\u00df uns kaum aus der eigenen H\u00e4lfte. Nach ca. 90 Sekunden lagen wir auch schon mit 1:0 zur\u00fcck. In diesem Rhytmus ging es leider weiter und am Ende stand ein 5:0 auf dem Turnierplan. Nun war erstmal Aufbauarbeit bei Trainer und Eltern angesagt.<\/p>\n<p>In unserem zweiten Spiel trafen wir auf den FSV Erlangen-Bruck. Deniz hatte die Mannschaft nun etwas umgebaut. Hier bot sich jedoch ein \u00e4hnliches Bild, wie im vorherigen Spiel. \u00c4rgerlich war, das das 1:0 durch einen bl\u00f6den Fehler dem Gegner sozusagen auf den Fu\u00df gelegt wurde. Doch trotz der technischen und taktischen Defizite gaben sich unsere Jungs nicht auf. Die H\u00f6he der Niederlage konnte zum ersten Spiel etwas verkleinert werden. Am Ende stand es 4:0.<\/p>\n<p>Dann trafen wir auf den TSV Hemhofen\/Zeckern. In der 2. Minute nutzte unser Wirbelwind Frederick einen Fehler in der gegenrischen Defensive perfekt zur \u00fcberraschenden 1:0 F\u00fchrung. Nun versuchten unsere Gegner den Ausgleich zu erzielen, doch unsere Abwehr stand nun und die Fernsch\u00fcsse senkten sich nicht in unser Netz. Die Fans auf der Trib\u00fchne feierten. Da stand auf einmal eine ganz andere Mannschaft. Leider lie\u00dfen zum Schlu\u00df die Kr\u00e4fte und Konzentration etwas nach und so bekamen wir in den letzten 3 Minuten noch 3 Gegentreffer. 1:3 war der Endstand. Doch unsere Jungs hatten nach dem Tor gesehen, es geht doch, auch gegen deutlich st\u00e4rkere Mannschaften zumindest zeitweise gegenzuhalten.<\/p>\n<p>In der letzten Begegnung trafen wir auf den SC Gremsdorf. Hier wollten unsere Jungs nun mit aller Macht die rote Laterne abgeben, da half also nur ein Sieg. Es entwickelte sich ein spannendes und k\u00e4mpferisches Spiel mit einer leichten Feld\u00fcberlegenheit bei uns. Doch irgendwie wollte kein Tor fallen. Angefeuert durch die Fans gaben die Jungs wirklich alles. In der 8. Minute startete dann unser Rick einen Angriff auf der rechten Seite, setzte sich sch\u00f6n durch und brachte den Ball in der langen Ecke mit einen sch\u00f6nen Flachschu\u00df unter. Auch die Fingerspitzen des guten gegenrischen Torwartes konnten da nichts mehr ausrichten. Dieser Vorsprung wurde bis zum Schlu\u00df mit Mann und Maus verteidigt.<\/p>\n<p>Somit reihten wir uns dann auf dem 4. Platz in der Endabrechnung ein.<\/p>\n<p>Endtabelle:<br \/>\n1. TSV Hemhofen\/Zeckern\u00a0\u00a0\u00a0 8 Punkte\u00a0\u00a0\u00a0\u00a0 +8 Tore<br \/>\n2. SV Buckenhofen\u00a0\u00a0\u00a0\u00a0\u00a0\u00a0\u00a0\u00a0\u00a0\u00a0\u00a0 \u00a0 \u00a0 \u00a0 8 Punkte\u00a0\u00a0\u00a0\u00a0 +7 Tore<br \/>\n3. FSV Erlangen-Bruck\u00a0\u00a0\u00a0\u00a0\u00a0 \u00a0 \u00a0\u00a0 8 Punkte\u00a0\u00a0\u00a0\u00a0 +6 Tore<br \/>\n4. DJK Erlangen II\u00a0\u00a0\u00a0\u00a0\u00a0\u00a0\u00a0\u00a0\u00a0\u00a0\u00a0\u00a0\u00a0 \u00a0 \u00a0\u00a0 3 Punkte\u00a0\u00a0\u00a0\u00a0 -10 Tore<br \/>\n5. SC Gremsdorf\u00a0\u00a0\u00a0\u00a0\u00a0\u00a0\u00a0\u00a0\u00a0\u00a0\u00a0\u00a0\u00a0 \u00a0 \u00a0\u00a0 \u00a0 0 Punkte\u00a0\u00a0\u00a0\u00a0 -11 Tore<\/p>\n<p>Aufgebot DJK:<br \/>\nDominik K., Dominik S., Momo, Jojo, Rick, Alex, David, Frederick, Jonas<\/p>\n<p>Tore:<br \/>\nFrederick (1), Rick (1)<\/p>\n<p>Verfasser des Berichts:<br \/>\nRoland<\/p>\n","protected":false},"excerpt":{"rendered":"<p>Heute traten wir bei tr\u00fcben Wetter zur 2. Vorrunde der Hallenkreismeisterschaft in der Sporthalle R\u00f6ttenbach an. Nach Blick in den Turnierplan wu\u00dften wir, dass nach der schweren Gruppe in der 1. Vorrunde nun heute die dicksten Brocken auf uns warteten.<\/p>\n","protected":false},"author":32,"featured_media":0,"comment_status":"open","ping_status":"closed","sticky":false,"template":"","format":"standard","meta":{"jetpack_post_was_ever_published":false,"_jetpack_newsletter_access":"","_jetpack_dont_email_post_to_subs":false,"_jetpack_newsletter_tier_id":0,"_jetpack_memberships_contains_paywalled_content":false,"_jetpack_memberships_contains_paid_content":false,"footnotes":"","jetpack_publicize_message":"","jetpack_publicize_feature_enabled":true,"jetpack_social_post_already_shared":false,"jetpack_social_options":{"image_generator_settings":{"template":"highway","default_image_id":0,"font":"","enabled":false},"version":2}},"categories":[27],"tags":[],"class_list":["post-8456","post","type-post","status-publish","format-standard","hentry","category-u11-e3"],"jetpack_publicize_connections":[],"jetpack_featured_media_url":"","jetpack_shortlink":"https:\/\/wp.me\/p2ZUr0-2co","jetpack_sharing_enabled":true,"_links":{"self":[{"href":"https:\/\/www.djk-erlangen.de\/fussball\/index.php?rest_route=\/wp\/v2\/posts\/8456","targetHints":{"allow":["GET"]}}],"collection":[{"href":"https:\/\/www.djk-erlangen.de\/fussball\/index.php?rest_route=\/wp\/v2\/posts"}],"about":[{"href":"https:\/\/www.djk-erlangen.de\/fussball\/index.php?rest_route=\/wp\/v2\/types\/post"}],"author":[{"embeddable":true,"href":"https:\/\/www.djk-erlangen.de\/fussball\/index.php?rest_route=\/wp\/v2\/users\/32"}],"replies":[{"embeddable":true,"href":"https:\/\/www.djk-erlangen.de\/fussball\/index.php?rest_route=%2Fwp%2Fv2%2Fcomments&post=8456"}],"version-history":[{"count":1,"href":"https:\/\/www.djk-erlangen.de\/fussball\/index.php?rest_route=\/wp\/v2\/posts\/8456\/revisions"}],"predecessor-version":[{"id":8457,"href":"https:\/\/www.djk-erlangen.de\/fussball\/index.php?rest_route=\/wp\/v2\/posts\/8456\/revisions\/8457"}],"wp:attachment":[{"href":"https:\/\/www.djk-erlangen.de\/fussball\/index.php?rest_route=%2Fwp%2Fv2%2Fmedia&parent=8456"}],"wp:term":[{"taxonomy":"category","embeddable":true,"href":"https:\/\/www.djk-erlangen.de\/fussball\/index.php?rest_route=%2Fwp%2Fv2%2Fcategories&post=8456"},{"taxonomy":"post_tag","embeddable":true,"href":"https:\/\/www.djk-erlangen.de\/fussball\/index.php?rest_route=%2Fwp%2Fv2%2Ftags&post=8456"}],"curies":[{"name":"wp","href":"https:\/\/api.w.org\/{rel}","templated":true}]}}