{"id":8372,"date":"2011-12-28T13:39:19","date_gmt":"2011-12-28T12:39:19","guid":{"rendered":"http:\/\/www.djk-erlangen.de\/fussball\/?p=8372"},"modified":"2011-12-28T13:40:44","modified_gmt":"2011-12-28T12:40:44","slug":"2-runde-der-hallenmeisterschaft-2","status":"publish","type":"post","link":"https:\/\/www.djk-erlangen.de\/fussball\/?p=8372","title":{"rendered":"F3 2. Runde der Hallenmeisterschaft"},"content":{"rendered":"<p>Liebe Eltern u. Kinder<\/p>\n<p>Das n\u00e4chste Hallenturnier findet am 15.01.2012 in R\u00f6ttenbach statt.<\/p>\n<p>Das Turnier beginnt um 10:50 Uhr.<\/p>\n<p>Treffpunkt ist um 10:15 Uhr in R\u00f6ttenbach.<\/p>\n<p>Gru\u00df Gerhard<\/p>\n","protected":false},"excerpt":{"rendered":"<p>Liebe Eltern u. Kinder Das n\u00e4chste Hallenturnier findet am 15.01.2012 in R\u00f6ttenbach statt. Das Turnier beginnt um 10:50 Uhr. Treffpunkt ist um 10:15 Uhr in R\u00f6ttenbach. Gru\u00df Gerhard<\/p>\n","protected":false},"author":26,"featured_media":0,"comment_status":"open","ping_status":"closed","sticky":false,"template":"","format":"standard","meta":{"jetpack_post_was_ever_published":false,"_jetpack_newsletter_access":"","_jetpack_dont_email_post_to_subs":false,"_jetpack_newsletter_tier_id":0,"_jetpack_memberships_contains_paywalled_content":false,"_jetpack_memberships_contains_paid_content":false,"footnotes":"","jetpack_publicize_message":"","jetpack_publicize_feature_enabled":true,"jetpack_social_post_already_shared":false,"jetpack_social_options":{"image_generator_settings":{"template":"highway","default_image_id":0,"font":"","enabled":false},"version":2}},"categories":[1],"tags":[],"class_list":["post-8372","post","type-post","status-publish","format-standard","hentry","category-allgemein"],"jetpack_publicize_connections":[],"jetpack_featured_media_url":"","jetpack_shortlink":"https:\/\/wp.me\/p2ZUr0-2b2","jetpack_sharing_enabled":true,"_links":{"self":[{"href":"https:\/\/www.djk-erlangen.de\/fussball\/index.php?rest_route=\/wp\/v2\/posts\/8372","targetHints":{"allow":["GET"]}}],"collection":[{"href":"https:\/\/www.djk-erlangen.de\/fussball\/index.php?rest_route=\/wp\/v2\/posts"}],"about":[{"href":"https:\/\/www.djk-erlangen.de\/fussball\/index.php?rest_route=\/wp\/v2\/types\/post"}],"author":[{"embeddable":true,"href":"https:\/\/www.djk-erlangen.de\/fussball\/index.php?rest_route=\/wp\/v2\/users\/26"}],"replies":[{"embeddable":true,"href":"https:\/\/www.djk-erlangen.de\/fussball\/index.php?rest_route=%2Fwp%2Fv2%2Fcomments&post=8372"}],"version-history":[{"count":2,"href":"https:\/\/www.djk-erlangen.de\/fussball\/index.php?rest_route=\/wp\/v2\/posts\/8372\/revisions"}],"predecessor-version":[{"id":8374,"href":"https:\/\/www.djk-erlangen.de\/fussball\/index.php?rest_route=\/wp\/v2\/posts\/8372\/revisions\/8374"}],"wp:attachment":[{"href":"https:\/\/www.djk-erlangen.de\/fussball\/index.php?rest_route=%2Fwp%2Fv2%2Fmedia&parent=8372"}],"wp:term":[{"taxonomy":"category","embeddable":true,"href":"https:\/\/www.djk-erlangen.de\/fussball\/index.php?rest_route=%2Fwp%2Fv2%2Fcategories&post=8372"},{"taxonomy":"post_tag","embeddable":true,"href":"https:\/\/www.djk-erlangen.de\/fussball\/index.php?rest_route=%2Fwp%2Fv2%2Ftags&post=8372"}],"curies":[{"name":"wp","href":"https:\/\/api.w.org\/{rel}","templated":true}]}}