{"id":8215,"date":"2011-11-01T18:22:11","date_gmt":"2011-11-01T17:22:11","guid":{"rendered":"http:\/\/www.djk-erlangen.de\/fussball\/?p=8215"},"modified":"2011-11-01T18:22:11","modified_gmt":"2011-11-01T17:22:11","slug":"d-junioren-gegen-spvgg-greuther-furth-u11","status":"publish","type":"post","link":"https:\/\/www.djk-erlangen.de\/fussball\/?p=8215","title":{"rendered":"D-Junioren gegen SpVgg Greuther F\u00fcrth (U11)"},"content":{"rendered":"<p>Am heutigen Feiertag traff man am heimischen Wiesengrund auf die U11-Junioren (bedeuted Jahrgang 2001) aus der Nachbarstadt. So tr\u00fcbe wie das Feiertagswetter war auch die Stimmung einiger unserer Kicker, die scheinbar durch die gestrige Halloween-Nacht ziemlich m\u00fcde waren. Umso erfreulicher war dann der Spielauftakt, der uns nach kurzer Zeit die 1:0 F\u00fchrung eingebracht hat. Danach entwickelte sich ein sehr munteres und schnelles Spiel mit Torm\u00f6glichkeiten auf beiden Seiten. Die Jungs vom Kleeblatt kamen mit zunehmender Spieldauer immer besser in die Partie.<!--more-->So war es nur eine Frage der Zeit bis der Ausgleich f\u00e4llig war. Eine Unachsamkeit in unserer Verteidigung f\u00fchrte zum Ausgleich. Nach unserer zwischenzeitlichen F\u00fchrung konnten die Gegner wieder ein Durcheinander in der Abwehr nutzen um zum 2.2 einzuschie\u00dfen. Etwas verunsichert kassierten wir noch vor dem Pausentee das 2:3. Nach dem Wiederanpfiff kamen die Jungs aus F\u00fcrth mit einer noch offensiveren Taktik aus der Kabine. In dieser Phase war dann unser Treffer zum 3.3 ziemlich schmeichelhaft. Im weiteren Verlauf gingen die Gegner wieder in F\u00fchrung. Dieser erneute R\u00fcckstand war dann wohl die Initialz\u00fcndung f\u00fcr unsere Schlu\u00dfoffensive. Mit zwei sehenswerten Toren und vereinten Kr\u00e4ften in der Verteidigung gelang uns am Ende doch der Achtungserfolg.<\/p>\n<p>An dieser Stelle vielen Dank nochmal an J\u00fcrgen Lattacher und sein Team f\u00fcr dieses tolle Spiel und weiterhin viel Erfolg<\/p>\n","protected":false},"excerpt":{"rendered":"<p>Am heutigen Feiertag traff man am heimischen Wiesengrund auf die U11-Junioren (bedeuted Jahrgang 2001) aus der Nachbarstadt. So tr\u00fcbe wie das Feiertagswetter war auch die Stimmung einiger unserer Kicker, die scheinbar durch die gestrige Halloween-Nacht ziemlich m\u00fcde waren. Umso erfreulicher &hellip; <a href=\"https:\/\/www.djk-erlangen.de\/fussball\/?p=8215\">Weiterlesen <span class=\"meta-nav\">&rarr;<\/span><\/a><\/p>\n","protected":false},"author":7,"featured_media":0,"comment_status":"open","ping_status":"closed","sticky":false,"template":"","format":"standard","meta":{"jetpack_post_was_ever_published":false,"_jetpack_newsletter_access":"","_jetpack_dont_email_post_to_subs":false,"_jetpack_newsletter_tier_id":0,"_jetpack_memberships_contains_paywalled_content":false,"_jetpack_memberships_contains_paid_content":false,"footnotes":"","jetpack_publicize_message":"","jetpack_publicize_feature_enabled":true,"jetpack_social_post_already_shared":false,"jetpack_social_options":{"image_generator_settings":{"template":"highway","default_image_id":0,"font":"","enabled":false},"version":2}},"categories":[1,10],"tags":[],"class_list":["post-8215","post","type-post","status-publish","format-standard","hentry","category-allgemein","category-u13"],"jetpack_publicize_connections":[],"jetpack_featured_media_url":"","jetpack_shortlink":"https:\/\/wp.me\/p2ZUr0-28v","jetpack_sharing_enabled":true,"_links":{"self":[{"href":"https:\/\/www.djk-erlangen.de\/fussball\/index.php?rest_route=\/wp\/v2\/posts\/8215","targetHints":{"allow":["GET"]}}],"collection":[{"href":"https:\/\/www.djk-erlangen.de\/fussball\/index.php?rest_route=\/wp\/v2\/posts"}],"about":[{"href":"https:\/\/www.djk-erlangen.de\/fussball\/index.php?rest_route=\/wp\/v2\/types\/post"}],"author":[{"embeddable":true,"href":"https:\/\/www.djk-erlangen.de\/fussball\/index.php?rest_route=\/wp\/v2\/users\/7"}],"replies":[{"embeddable":true,"href":"https:\/\/www.djk-erlangen.de\/fussball\/index.php?rest_route=%2Fwp%2Fv2%2Fcomments&post=8215"}],"version-history":[{"count":1,"href":"https:\/\/www.djk-erlangen.de\/fussball\/index.php?rest_route=\/wp\/v2\/posts\/8215\/revisions"}],"predecessor-version":[{"id":8216,"href":"https:\/\/www.djk-erlangen.de\/fussball\/index.php?rest_route=\/wp\/v2\/posts\/8215\/revisions\/8216"}],"wp:attachment":[{"href":"https:\/\/www.djk-erlangen.de\/fussball\/index.php?rest_route=%2Fwp%2Fv2%2Fmedia&parent=8215"}],"wp:term":[{"taxonomy":"category","embeddable":true,"href":"https:\/\/www.djk-erlangen.de\/fussball\/index.php?rest_route=%2Fwp%2Fv2%2Fcategories&post=8215"},{"taxonomy":"post_tag","embeddable":true,"href":"https:\/\/www.djk-erlangen.de\/fussball\/index.php?rest_route=%2Fwp%2Fv2%2Ftags&post=8215"}],"curies":[{"name":"wp","href":"https:\/\/api.w.org\/{rel}","templated":true}]}}