{"id":8211,"date":"2011-10-30T17:35:22","date_gmt":"2011-10-30T16:35:22","guid":{"rendered":"http:\/\/www.djk-erlangen.de\/fussball\/?p=8211"},"modified":"2011-10-30T17:36:51","modified_gmt":"2011-10-30T16:36:51","slug":"minimalziel-verpast","status":"publish","type":"post","link":"https:\/\/www.djk-erlangen.de\/fussball\/?p=8211","title":{"rendered":"Minimalziel verpa\u00dft"},"content":{"rendered":"<p>Bei bestem Fu\u00dfballwetter waren am letzten Spieltag\u00a0 der Herbstrunde die Geigenbauer aus Bubenreuth zu Gast am Wiesenweg.<\/p>\n<p><!--more--> Um den vierten Tabellenplatz zu untermauern reichte den Wiesenwegbuben ein Unentschieden. Doch die Bubenreuther kamen besser aus den Startl\u00f6chern und gingen schnell mit 1:0 in F\u00fchrung. Dieser R\u00fcckstand schien uns ein wenig zu befl\u00fcgeln und so konnten wir noch vor der Pause nach einer scharf hereingetretenen Ecke von Arijan durch unser Kopfballungeheuer Tim ausgleichen.<\/p>\n<p>Das war es dann aber leider auch mit der Herrlichkeit. Im zweiten Spielabschnitt stellten wir das Fu\u00dfballspielen regelrecht ein und so konnten die G\u00e4ste ohne wirkliche Gegenwehr erneut in F\u00fchrung gehen. Ein Aufb\u00e4umen bzw. ein Dagegenstemmen war bei den unsrigen an diesem Tage nicht zu erkennen.<br \/>\nVielmehr wurden die Geigenbauerkicker durch individuelle Abspielfehler zum Tore schie\u00dfen f\u00f6rmlich eingeladen. Einer der wenigen die am heutigen Spieltag Normalform hatten war unser Tim der somit auch als bester Spieler der Wiesenwegbuben hervorging.<\/p>\n<p>Noch dreimal zappelte das Spielger\u00e4t in unseren Maschen und so war man am Ende mit der 1:4 Niederlage noch gut bedient. Man kann verlieren aber nicht ohne Gegenwehr und Kampf. Das was heute teilweise abgeliefert wurde, war desastr\u00f6s.Von 3 Totalausf\u00e4llen ganz zu schweigen.<\/p>\n<p>So warten nach der Winterpause zahlreiche Sonderschichten um die M\u00e4ngel abzustellen.<\/p>\n<p>DJK Aufgebot:<br \/>\nLuis; Hannes; Daniel; Oliver; Lorenz; Tim; Benedikt; Arijan, Manu<\/p>\n<p>Tore:<br \/>\nTim (1)<\/p>\n","protected":false},"excerpt":{"rendered":"<p>Bei bestem Fu\u00dfballwetter waren am letzten Spieltag\u00a0 der Herbstrunde die Geigenbauer aus Bubenreuth zu Gast am Wiesenweg.<\/p>\n","protected":false},"author":32,"featured_media":0,"comment_status":"open","ping_status":"closed","sticky":false,"template":"","format":"standard","meta":{"jetpack_post_was_ever_published":false,"_jetpack_newsletter_access":"","_jetpack_dont_email_post_to_subs":false,"_jetpack_newsletter_tier_id":0,"_jetpack_memberships_contains_paywalled_content":false,"_jetpack_memberships_contains_paid_content":false,"footnotes":"","jetpack_publicize_message":"","jetpack_publicize_feature_enabled":true,"jetpack_social_post_already_shared":false,"jetpack_social_options":{"image_generator_settings":{"template":"highway","default_image_id":0,"font":"","enabled":false},"version":2}},"categories":[26],"tags":[],"class_list":["post-8211","post","type-post","status-publish","format-standard","hentry","category-u11-e2"],"jetpack_publicize_connections":[],"jetpack_featured_media_url":"","jetpack_shortlink":"https:\/\/wp.me\/p2ZUr0-28r","jetpack_sharing_enabled":true,"_links":{"self":[{"href":"https:\/\/www.djk-erlangen.de\/fussball\/index.php?rest_route=\/wp\/v2\/posts\/8211","targetHints":{"allow":["GET"]}}],"collection":[{"href":"https:\/\/www.djk-erlangen.de\/fussball\/index.php?rest_route=\/wp\/v2\/posts"}],"about":[{"href":"https:\/\/www.djk-erlangen.de\/fussball\/index.php?rest_route=\/wp\/v2\/types\/post"}],"author":[{"embeddable":true,"href":"https:\/\/www.djk-erlangen.de\/fussball\/index.php?rest_route=\/wp\/v2\/users\/32"}],"replies":[{"embeddable":true,"href":"https:\/\/www.djk-erlangen.de\/fussball\/index.php?rest_route=%2Fwp%2Fv2%2Fcomments&post=8211"}],"version-history":[{"count":3,"href":"https:\/\/www.djk-erlangen.de\/fussball\/index.php?rest_route=\/wp\/v2\/posts\/8211\/revisions"}],"predecessor-version":[{"id":8213,"href":"https:\/\/www.djk-erlangen.de\/fussball\/index.php?rest_route=\/wp\/v2\/posts\/8211\/revisions\/8213"}],"wp:attachment":[{"href":"https:\/\/www.djk-erlangen.de\/fussball\/index.php?rest_route=%2Fwp%2Fv2%2Fmedia&parent=8211"}],"wp:term":[{"taxonomy":"category","embeddable":true,"href":"https:\/\/www.djk-erlangen.de\/fussball\/index.php?rest_route=%2Fwp%2Fv2%2Fcategories&post=8211"},{"taxonomy":"post_tag","embeddable":true,"href":"https:\/\/www.djk-erlangen.de\/fussball\/index.php?rest_route=%2Fwp%2Fv2%2Ftags&post=8211"}],"curies":[{"name":"wp","href":"https:\/\/api.w.org\/{rel}","templated":true}]}}