{"id":8209,"date":"2011-10-28T23:05:05","date_gmt":"2011-10-28T21:05:05","guid":{"rendered":"http:\/\/www.djk-erlangen.de\/fussball\/?p=8209"},"modified":"2011-10-28T23:05:05","modified_gmt":"2011-10-28T21:05:05","slug":"punkteteilung-im-lokalderby","status":"publish","type":"post","link":"https:\/\/www.djk-erlangen.de\/fussball\/?p=8209","title":{"rendered":"Punkteteilung im Lokalderby"},"content":{"rendered":"<p>Bei besten \u00e4u\u00dferen Bedingungen traten unsere Wiesenwegbrasilianer zum letzten Spiel in der Herbstrunde gegen den TV 1848\u00a0an. Es galt den 2. Tabellenplatz zu verteidigen, dazu war das Minimalziel einen Punkt einzufahren.<!--more--> Hochmotiviert starteten unsere Jungs in die Partie und legten richtig los. Kaum 3\u00a0Minuten waren vergangen, da legte Manu nach einer Ecke den G\u00e4sten das Runde, zur verdienten 1:0 F\u00fchrung\u00a0 ins Netz.<br \/>\nDie Fans waren entz\u00fcckt, doch leider nicht lange. In der 8. Minute wurde von der Defensivabteilung nicht sauber gekl\u00e4rt, sondern der Ball vors eigene Tor geschlagen. Das Geschenk nickte ein\u00a0gegnerischer Spieler unter staker Mithilfe eines DJK Spielers dankend zum Ausgleich ins Netz.<br \/>\nDoch es kam leider noch ungl\u00fccklicher! Weitere 3 MInuten sp\u00e4ter pa\u00dfte Rick ungl\u00fccklich zu Tim zur\u00fcck, so da\u00df das Spielger\u00e4t dummerwei\u00dfe im falschen Tor landete .<br \/>\nSo sah man sich nach hoffnungsvollen Beginn\u00a0auf einmal im R\u00fcckstand.<\/p>\n<p>Die Trainer reagierten und stellten das Mittelfeld um. Das machte sich auch sofort bemerkbar. Unsere Wiesenwegbrasilianer zeigten eine tolle Moral und lie\u00dfen sich nicht h\u00e4ngen. Dank des aufopferungsvoll k\u00e4mpfenden Luis nebst Ermal erarbeiteten wir uns wieder klare Feldvorteile, konnten aber den Ausgleichstreffer noch nicht erzielen. Die G\u00e4ste verlegten sich aufs schnelle Kontern. Man erwartete schon fast den Pausenpfiff, als Jojo sich den Ball schnappte und perfekt in die Spitze zu Manu pa\u00dfte. Der stand goldrichtig und erzielte kurz vor dem Pausenpfiff den hochverdienten Ausgleich.<\/p>\n<p>Nach der Pause brauchten unsere Jungs etwas, um den Rhytmus wieder zu finden.\u00a0In dieser Phase\u00a0kam auch unser Gegner zu einigen guten Gelegenheiten, konnte diese aber nicht nutzen, bzw. fanden in unserem auch heute wieder souver\u00e4nen Torh\u00fcter ihren Meister. Die Jungs um unseren\u00a0Kapit\u00e4n Jojo\u00a0 bissen sich am Gegner fest und verhinderten so\u00a0den erfolgreichen Abschluss der Kanalkicker.<br \/>\nWas doch noch Richtung Tor durch kam wurde durch unseren Torh\u00fcter Tim souver\u00e4n\u00a0gekl\u00e4rt.<\/p>\n<p>Wir k\u00f6nnen uns gl\u00fccklich sch\u00e4tzen auf der vakanten Position eine echte Alternative dazu bekommen zu haben!<\/p>\n<p>In den letzten 10-15 Minuten wurde nochmal richtig Gas gegeben, eine Angriffswelle nach der anderen rollte auf das G\u00e4stetor zu, doch Pech im Abschlu\u00df bzw. der Pfosten verhinderten den Siegtreffer.\u00a0So endete die Partie mit einer Punkteteilung, gef\u00fchlt w\u00e4re doch etwas mehr drin gewesen. Das Minimalziel den 2. Tabellenplatz zu verteidigen, wurde aber erreicht.<\/p>\n<p>Jungs, ihr habt\u00a0heute super gek\u00e4mpft, das wollen eure Trainer und Fans sehen.<\/p>\n<p>Herzlichen Gl\u00fcckwunsch zum 2. Platz in eurer Gruppe.<\/p>\n<p>Die neue Saison wird ein ganzes St\u00fcck h\u00e4rter, da wir dann als E3 an den Start gehen<\/p>\n<p>DJK Aufgebot:<br \/>\nTim, Jojo (C), Dominik S., Momo, Rick, Alex, Ben, Ermal, Manu, Luis<\/p>\n<p>Tore:<br \/>\nManu (2)<\/p>\n<p>&nbsp;<\/p>\n<p>&nbsp;<\/p>\n<p>&nbsp;<\/p>\n<p>&nbsp;<\/p>\n","protected":false},"excerpt":{"rendered":"<p>Bei besten \u00e4u\u00dferen Bedingungen traten unsere Wiesenwegbrasilianer zum letzten Spiel in der Herbstrunde gegen den TV 1848\u00a0an. Es galt den 2. Tabellenplatz zu verteidigen, dazu war das Minimalziel einen Punkt einzufahren.<\/p>\n","protected":false},"author":32,"featured_media":0,"comment_status":"open","ping_status":"closed","sticky":false,"template":"","format":"standard","meta":{"jetpack_post_was_ever_published":false,"_jetpack_newsletter_access":"","_jetpack_dont_email_post_to_subs":false,"_jetpack_newsletter_tier_id":0,"_jetpack_memberships_contains_paywalled_content":false,"_jetpack_memberships_contains_paid_content":false,"footnotes":"","jetpack_publicize_message":"","jetpack_publicize_feature_enabled":true,"jetpack_social_post_already_shared":false,"jetpack_social_options":{"image_generator_settings":{"template":"highway","default_image_id":0,"font":"","enabled":false},"version":2}},"categories":[27],"tags":[],"class_list":["post-8209","post","type-post","status-publish","format-standard","hentry","category-u11-e3"],"jetpack_publicize_connections":[],"jetpack_featured_media_url":"","jetpack_shortlink":"https:\/\/wp.me\/p2ZUr0-28p","jetpack_sharing_enabled":true,"_links":{"self":[{"href":"https:\/\/www.djk-erlangen.de\/fussball\/index.php?rest_route=\/wp\/v2\/posts\/8209","targetHints":{"allow":["GET"]}}],"collection":[{"href":"https:\/\/www.djk-erlangen.de\/fussball\/index.php?rest_route=\/wp\/v2\/posts"}],"about":[{"href":"https:\/\/www.djk-erlangen.de\/fussball\/index.php?rest_route=\/wp\/v2\/types\/post"}],"author":[{"embeddable":true,"href":"https:\/\/www.djk-erlangen.de\/fussball\/index.php?rest_route=\/wp\/v2\/users\/32"}],"replies":[{"embeddable":true,"href":"https:\/\/www.djk-erlangen.de\/fussball\/index.php?rest_route=%2Fwp%2Fv2%2Fcomments&post=8209"}],"version-history":[{"count":1,"href":"https:\/\/www.djk-erlangen.de\/fussball\/index.php?rest_route=\/wp\/v2\/posts\/8209\/revisions"}],"predecessor-version":[{"id":8210,"href":"https:\/\/www.djk-erlangen.de\/fussball\/index.php?rest_route=\/wp\/v2\/posts\/8209\/revisions\/8210"}],"wp:attachment":[{"href":"https:\/\/www.djk-erlangen.de\/fussball\/index.php?rest_route=%2Fwp%2Fv2%2Fmedia&parent=8209"}],"wp:term":[{"taxonomy":"category","embeddable":true,"href":"https:\/\/www.djk-erlangen.de\/fussball\/index.php?rest_route=%2Fwp%2Fv2%2Fcategories&post=8209"},{"taxonomy":"post_tag","embeddable":true,"href":"https:\/\/www.djk-erlangen.de\/fussball\/index.php?rest_route=%2Fwp%2Fv2%2Ftags&post=8209"}],"curies":[{"name":"wp","href":"https:\/\/api.w.org\/{rel}","templated":true}]}}