{"id":8203,"date":"2011-10-24T20:30:06","date_gmt":"2011-10-24T18:30:06","guid":{"rendered":"http:\/\/www.djk-erlangen.de\/fussball\/?p=8203"},"modified":"2011-10-24T20:30:06","modified_gmt":"2011-10-24T18:30:06","slug":"d-junioren-gegen-vds-spardorf","status":"publish","type":"post","link":"https:\/\/www.djk-erlangen.de\/fussball\/?p=8203","title":{"rendered":"D-Junioren gegen VdS Spardorf"},"content":{"rendered":"<p>Am vergangenen Samstag trafen wir im heimischen Wiesengrund auf die Jungs aus Spardorf. Die Kicker von der BMX-Bahn waren bis dato noch ohne jeden Punktverlust und damit Tabellenf\u00fchrer in unserer Gruppe. Somit war schon vor Spielbeginn f\u00fcr die n\u00f6tige Spannung gesorgt.<!--more-->Erschwerend hinzu kam noch die Tatsache, das wir in diesem Spiel unserer Stammkeeper ersetzen mussten. Zwar hat unser neugefundener Ersatz-Goali eine fehlerfreie Begegnung hingelegt, aber sein Fehlen auf der linken Au\u00dfenbahn hat sich doch bemerkbar gemacht. Nun aber genug gemault. Vor nahezu ausverkauftem Haus begann die Begegnung p\u00fcnktlich und auch der Wettergott hatte ein einsehen. Es entwickelte sich wie erwartet eine sehr anspruchsvolle Partie. Gedanklich waren wir wohl schon in der Teepause als einer der Spardorfer Angreifer eine kleine Unachtsamkeit unserer Verteidigung quasi mit dem Halbzeitpfiff mit einem leicht abgef\u00e4lschten Schuss zum 0:1 nutzte. \u00dcberzeugt von der eigenen Leistungsf\u00e4higkeit gingen wir dann in die zweite Spielh\u00e4lfte. Im Verlauf des Spieles konnte man immer deutlicher eine optische \u00dcberlegenheit unserer Truppe erkennen. Einen sehenswerten Angriff konnten wir dann Mitte der zweiten Halbzeit zum verdienten Ausgleich verwandeln. Leider gelang es uns im Anschluss nicht, die Begegnung f\u00fcr uns zu entscheiden. Am Ende waren alle Beteiligten zufrieden mit dem Spielergebnis. Erstmal im Laufe dieser Spielrunde konnte man keinen Siegesruf der DJK\u00b4ler h\u00f6ren&#8230;&#8230;..<\/p>\n","protected":false},"excerpt":{"rendered":"<p>Am vergangenen Samstag trafen wir im heimischen Wiesengrund auf die Jungs aus Spardorf. Die Kicker von der BMX-Bahn waren bis dato noch ohne jeden Punktverlust und damit Tabellenf\u00fchrer in unserer Gruppe. Somit war schon vor Spielbeginn f\u00fcr die n\u00f6tige Spannung &hellip; <a href=\"https:\/\/www.djk-erlangen.de\/fussball\/?p=8203\">Weiterlesen <span class=\"meta-nav\">&rarr;<\/span><\/a><\/p>\n","protected":false},"author":7,"featured_media":0,"comment_status":"open","ping_status":"closed","sticky":false,"template":"","format":"standard","meta":{"jetpack_post_was_ever_published":false,"_jetpack_newsletter_access":"","_jetpack_dont_email_post_to_subs":false,"_jetpack_newsletter_tier_id":0,"_jetpack_memberships_contains_paywalled_content":false,"_jetpack_memberships_contains_paid_content":false,"footnotes":"","jetpack_publicize_message":"","jetpack_publicize_feature_enabled":true,"jetpack_social_post_already_shared":false,"jetpack_social_options":{"image_generator_settings":{"template":"highway","default_image_id":0,"font":"","enabled":false},"version":2}},"categories":[1],"tags":[],"class_list":["post-8203","post","type-post","status-publish","format-standard","hentry","category-allgemein"],"jetpack_publicize_connections":[],"jetpack_featured_media_url":"","jetpack_shortlink":"https:\/\/wp.me\/p2ZUr0-28j","jetpack_sharing_enabled":true,"_links":{"self":[{"href":"https:\/\/www.djk-erlangen.de\/fussball\/index.php?rest_route=\/wp\/v2\/posts\/8203","targetHints":{"allow":["GET"]}}],"collection":[{"href":"https:\/\/www.djk-erlangen.de\/fussball\/index.php?rest_route=\/wp\/v2\/posts"}],"about":[{"href":"https:\/\/www.djk-erlangen.de\/fussball\/index.php?rest_route=\/wp\/v2\/types\/post"}],"author":[{"embeddable":true,"href":"https:\/\/www.djk-erlangen.de\/fussball\/index.php?rest_route=\/wp\/v2\/users\/7"}],"replies":[{"embeddable":true,"href":"https:\/\/www.djk-erlangen.de\/fussball\/index.php?rest_route=%2Fwp%2Fv2%2Fcomments&post=8203"}],"version-history":[{"count":1,"href":"https:\/\/www.djk-erlangen.de\/fussball\/index.php?rest_route=\/wp\/v2\/posts\/8203\/revisions"}],"predecessor-version":[{"id":8204,"href":"https:\/\/www.djk-erlangen.de\/fussball\/index.php?rest_route=\/wp\/v2\/posts\/8203\/revisions\/8204"}],"wp:attachment":[{"href":"https:\/\/www.djk-erlangen.de\/fussball\/index.php?rest_route=%2Fwp%2Fv2%2Fmedia&parent=8203"}],"wp:term":[{"taxonomy":"category","embeddable":true,"href":"https:\/\/www.djk-erlangen.de\/fussball\/index.php?rest_route=%2Fwp%2Fv2%2Fcategories&post=8203"},{"taxonomy":"post_tag","embeddable":true,"href":"https:\/\/www.djk-erlangen.de\/fussball\/index.php?rest_route=%2Fwp%2Fv2%2Ftags&post=8203"}],"curies":[{"name":"wp","href":"https:\/\/api.w.org\/{rel}","templated":true}]}}