{"id":819,"date":"2009-10-02T22:45:38","date_gmt":"2009-10-02T20:45:38","guid":{"rendered":"http:\/\/www.djk-erlangen.de\/fussball\/?p=819"},"modified":"2011-02-15T17:38:52","modified_gmt":"2011-02-15T16:38:52","slug":"knappe-heimniederlage-gegen-den-tabellenfuhrer","status":"publish","type":"post","link":"https:\/\/www.djk-erlangen.de\/fussball\/?p=819","title":{"rendered":"Knappe Heimniederlage gegen den Tabellenf\u00fchrer"},"content":{"rendered":"<p>Bei herbstlichen Temperaturen empfing die F-3 Jugend am Freitag abend den Tabellenf\u00fchrer der Gruppe 05 Erlangen\/Pegnitzgrund die Spvgg Erlangen am Sportgel\u00e4nde am Wiesenweg.\u00a0 Es entwickelte sich ein abwechlungsreiches Spiel mit Chancen auf beiden Seiten. Leider war es wieder mal Herr Pfosten und Frau Latte welche uns eine F\u00fchrung versagten. So kam es wie es leider bisher meistens war, die spieltechnisch bessere Mannschaft kassierte durch einen Konter das 0:1.<\/p>\n<p>Doch unsere Jungs die die Umstellung auf das neue System hervorragend realisierten steckten nicht auf und die &#8222;Spieli&#8220; konnte sich wiederum bei ihrem Torh\u00fcter und dem Querbalken bedanken, da\u00df nicht der Ausgleich gefallen ist. So ging man ungl\u00fccklich mit einem R\u00fcckstand in die Pause.<!--more--><\/p>\n<p>Nach dem Seitenwechsel legte unsere Truppe wieder los wie die Feuerwehr und wollten das Spiel unbedingt zu ihren Gunsten entscheiden. Durch eine Unachtsamkeit im Abwehrverbund kassierten wir dann in unserer erneuten Drangperiode das zweite Gegentor.<br \/>\nIm Gegenzug war wieder mal das Pech auf unserer Seite. Ein Distanzschu\u00df aus dem Mittelfeld verfehlte das Tor um Millimeter.<\/p>\n<p>Eine wunderbare Spieler\u00f6ffnung leitete dann doch endlich unseren ersten Treffer in dieser Partie ein. Ein sehenswerter Abstauber durch Daniel weckte nochmal die Hoffung hier und heute was zu rei\u00dfen.<\/p>\n<p>Unser Gegner fand nach dem Anschlu\u00dftreffer wieder ins Spiel und machte den Sack durch das dritte Tor unverdient zu! Endstand: DJK Erlangen : Spvgg Erlangen 1:3<\/p>\n<p>Wir haben ein tolles Junioren-Fu\u00dfballspiel auf hohem Niveau gesehen, was auch durch die zahlreichen Zuschauer mit Applaus honoriert wurde. Leider haben die Punkte wieder die anderen, aber die Entwicklung der Mannschaft macht uns allen mehr als Freude.<\/p>\n<p>Weiter so Jungs, dann gewinnt man auch solche Spiele!<\/p>\n<p>Die n\u00e4chste schwere Aufgabe wartet bereits am kommenden Freitag auf uns. Da geht\u00b4s zum Ausw\u00e4rtsspiel beim Stadteilnachbarn TV Erlangen. \u00dcber Eure Unterst\u00fctzung beim Ausw\u00e4rtsspiel in der Nachbarschaft w\u00fcrden wir uns alle sehr freuen!<\/p>\n<p><span style=\"text-decoration: underline;\">Aufgebot DJK Erlangen vs Spvgg Erlangen:<\/span><br \/>\nLuis; Hannes; Daniel; Alexander; Oliver; Locke; Ben; Mike; Elias; Dominik; Franz<\/p>\n","protected":false},"excerpt":{"rendered":"<p>Bei herbstlichen Temperaturen empfing die F-3 Jugend am Freitag abend den Tabellenf\u00fchrer der Gruppe 05 Erlangen\/Pegnitzgrund die Spvgg Erlangen am Sportgel\u00e4nde am Wiesenweg.\u00a0 Es entwickelte sich ein abwechlungsreiches Spiel mit Chancen auf beiden Seiten. Leider war es wieder mal Herr &hellip; <a href=\"https:\/\/www.djk-erlangen.de\/fussball\/?p=819\">Weiterlesen <span class=\"meta-nav\">&rarr;<\/span><\/a><\/p>\n","protected":false},"author":32,"featured_media":0,"comment_status":"open","ping_status":"open","sticky":false,"template":"","format":"standard","meta":{"jetpack_post_was_ever_published":false,"_jetpack_newsletter_access":"","_jetpack_dont_email_post_to_subs":false,"_jetpack_newsletter_tier_id":0,"_jetpack_memberships_contains_paywalled_content":false,"_jetpack_memberships_contains_paid_content":false,"footnotes":"","jetpack_publicize_message":"","jetpack_publicize_feature_enabled":true,"jetpack_social_post_already_shared":false,"jetpack_social_options":{"image_generator_settings":{"template":"highway","default_image_id":0,"font":"","enabled":false},"version":2}},"categories":[1],"tags":[],"class_list":["post-819","post","type-post","status-publish","format-standard","hentry","category-allgemein"],"jetpack_publicize_connections":[],"jetpack_featured_media_url":"","jetpack_shortlink":"https:\/\/wp.me\/p2ZUr0-dd","jetpack_sharing_enabled":true,"_links":{"self":[{"href":"https:\/\/www.djk-erlangen.de\/fussball\/index.php?rest_route=\/wp\/v2\/posts\/819","targetHints":{"allow":["GET"]}}],"collection":[{"href":"https:\/\/www.djk-erlangen.de\/fussball\/index.php?rest_route=\/wp\/v2\/posts"}],"about":[{"href":"https:\/\/www.djk-erlangen.de\/fussball\/index.php?rest_route=\/wp\/v2\/types\/post"}],"author":[{"embeddable":true,"href":"https:\/\/www.djk-erlangen.de\/fussball\/index.php?rest_route=\/wp\/v2\/users\/32"}],"replies":[{"embeddable":true,"href":"https:\/\/www.djk-erlangen.de\/fussball\/index.php?rest_route=%2Fwp%2Fv2%2Fcomments&post=819"}],"version-history":[{"count":6,"href":"https:\/\/www.djk-erlangen.de\/fussball\/index.php?rest_route=\/wp\/v2\/posts\/819\/revisions"}],"predecessor-version":[{"id":5496,"href":"https:\/\/www.djk-erlangen.de\/fussball\/index.php?rest_route=\/wp\/v2\/posts\/819\/revisions\/5496"}],"wp:attachment":[{"href":"https:\/\/www.djk-erlangen.de\/fussball\/index.php?rest_route=%2Fwp%2Fv2%2Fmedia&parent=819"}],"wp:term":[{"taxonomy":"category","embeddable":true,"href":"https:\/\/www.djk-erlangen.de\/fussball\/index.php?rest_route=%2Fwp%2Fv2%2Fcategories&post=819"},{"taxonomy":"post_tag","embeddable":true,"href":"https:\/\/www.djk-erlangen.de\/fussball\/index.php?rest_route=%2Fwp%2Fv2%2Ftags&post=819"}],"curies":[{"name":"wp","href":"https:\/\/api.w.org\/{rel}","templated":true}]}}