{"id":8180,"date":"2011-10-22T17:31:38","date_gmt":"2011-10-22T15:31:38","guid":{"rendered":"http:\/\/www.djk-erlangen.de\/fussball\/?p=8180"},"modified":"2011-10-22T19:37:20","modified_gmt":"2011-10-22T17:37:20","slug":"noch-nicht-alles-gold-was-glanzt","status":"publish","type":"post","link":"https:\/\/www.djk-erlangen.de\/fussball\/?p=8180","title":{"rendered":"Noch nicht alles Gold was gl\u00e4nzt"},"content":{"rendered":"<p>Bei besten \u00e4u\u00dferen Bedingungen f\u00fchrte uns der Weg am heutigen Spieltag zu den Ritterkickern nach Schlo\u00df Thurn.Leicht ersatzgeschw\u00e4cht mu\u00dften wir die H\u00fcrde Heroldsbach angehen.<\/p>\n<p><!--more-->So dauerte es bis zur 6 Minute ehe Benedikt den Torreigen mit dem 1:0 f\u00fcr die Wiesenwegbuben einl\u00e4utete. Keine 2 Minuten sp\u00e4ter war es erneut unser blonder B\u00fcffel der den Ball eiskalt zum 2:0 einnetzte. F\u00fcr den dritten Treffer sorgte unser &#8222;Capitano&#8220; Oliver h\u00f6chst pers\u00f6nlich, indem er aus 20 Metern einen Freisto\u00df unhaltbar direkt unter die Latte zimmerte. In der Folgezeit der Begegnung entwickelte sich ein Spiel auf ein Tor. Leider wurde wie so oft, viel zu eigensinnig agiert und so zahlreiche Einschu\u00dfm\u00f6glichkeiten kl\u00e4glich vergeben. Erneut eine Einzelleistung durch Buffalo Benedikt brachte in der 16. Minute das 4:0 f\u00fcr die Wiesenwegbuben. Nach einer Ecke war selbiger erneut zur Stelle und dr\u00fcckte das Runde zum 5:0 ins Eckige.<\/p>\n<p>Einen weiteren Treffer vor dem Pausentee steuerte unser \u00e4u\u00dferst agiler Hannes zur mittlerweile beruhigenden 6:0 F\u00fchrung bei. Kurz vor der Pause war dann wieder Bruder Leichtfu\u00df mit Kollege Schlendrian auf dem gr\u00fcnen Rasen unterwegs und so kassierten wir mit dem Pausenpfiff das 6:1. An diesem Treffer war unser Torh\u00fcter Tim, der heute kurzfristig den erkrankten Luis ersetzen durfte machtlos. Es war der erste und einzige Angriff der Ritterkicker in der 1. Halbzeit.<\/p>\n<p>Nach dem erw\u00e4rmenden Pausengetr\u00e4nk gingen wir die zweite Halbzeit wieder konzentrierter an und so konnten wir das Ergebnis durch zwei blitzsaubere Tore von Ben auf 8:1 in die H\u00f6he schrauben. F\u00fcr den n\u00e4chsten Doppelpack sorgte unser heute erneut umsichtig agierende Abwehrchef Oliver. Das 9:1 war wiederum ein direkt verwandelter Freisto\u00df, da\u00df 10:1 resultierte nach sch\u00f6nem Zusammenspiel mit Lorenz und Hannes aus halbrechter Position.<\/p>\n<p>Unser grippegeschw\u00e4chter Mittelfeldmotor Arijan sorgte in der 38. Minute f\u00fcr das zwischenzeitliche 11:1. Wiederum 2 Minuten sp\u00e4ter erzielte nach tollem Zweikampfverhalten Hannes seinen zweiten Treffer am heutigen Spieltag. F\u00fcr den dreizehnten Treffer zeigte erneut Oliver verantwortlich der mit einem sch\u00f6nen Direktschu\u00df seinen 4 Treffer!! in diesem Spiel erzielte. F\u00fcr den verdienten Kantersieg in Heroldsbach sorgte dann final unser Edeljoker Manu der sich mit zwei blitzsauberen Treffern in die Torsch\u00fctzenliste eintragen konnte.<\/p>\n<p>H\u00e4tte man letzendlich mannschaftsdienlicher gespielt h\u00e4tten sich die Gastgeber \u00fcber ein h\u00f6heres Endergebnis nicht beschweren brauchen. Trotz der 15 erzielten Treffer ist noch nicht alles Gold was gl\u00e4nzt und es bedarf einer erheblichen Leistungssteigerung am kommenden Wochenende wenn es im letzten Saisonspiel gegen Bubenreuth noch um das minimale Saisonziel Platz 4 geht. Mehr ist leider in dieser kurzen Spielserie nicht mehr drin!<\/p>\n<p>DJK Aufgebot:<br \/>\nTim; Hannes; Daniel; Rick; Oliver; Lorenz; Benedikt; Ben; Arijan; Manu<\/p>\n<p>Tore:<br \/>\nBenedikt (4); Oliver (4); Ben (2); Hannes (2); Manu (2); Arijan (1)<\/p>\n<p>&nbsp;<\/p>\n","protected":false},"excerpt":{"rendered":"<p>Bei besten \u00e4u\u00dferen Bedingungen f\u00fchrte uns der Weg am heutigen Spieltag zu den Ritterkickern nach Schlo\u00df Thurn.Leicht ersatzgeschw\u00e4cht mu\u00dften wir die H\u00fcrde Heroldsbach angehen.<\/p>\n","protected":false},"author":32,"featured_media":0,"comment_status":"open","ping_status":"closed","sticky":false,"template":"","format":"standard","meta":{"jetpack_post_was_ever_published":false,"_jetpack_newsletter_access":"","_jetpack_dont_email_post_to_subs":false,"_jetpack_newsletter_tier_id":0,"_jetpack_memberships_contains_paywalled_content":false,"_jetpack_memberships_contains_paid_content":false,"footnotes":"","jetpack_publicize_message":"","jetpack_publicize_feature_enabled":true,"jetpack_social_post_already_shared":false,"jetpack_social_options":{"image_generator_settings":{"template":"highway","default_image_id":0,"font":"","enabled":false},"version":2}},"categories":[26],"tags":[],"class_list":["post-8180","post","type-post","status-publish","format-standard","hentry","category-u11-e2"],"jetpack_publicize_connections":[],"jetpack_featured_media_url":"","jetpack_shortlink":"https:\/\/wp.me\/p2ZUr0-27W","jetpack_sharing_enabled":true,"_links":{"self":[{"href":"https:\/\/www.djk-erlangen.de\/fussball\/index.php?rest_route=\/wp\/v2\/posts\/8180","targetHints":{"allow":["GET"]}}],"collection":[{"href":"https:\/\/www.djk-erlangen.de\/fussball\/index.php?rest_route=\/wp\/v2\/posts"}],"about":[{"href":"https:\/\/www.djk-erlangen.de\/fussball\/index.php?rest_route=\/wp\/v2\/types\/post"}],"author":[{"embeddable":true,"href":"https:\/\/www.djk-erlangen.de\/fussball\/index.php?rest_route=\/wp\/v2\/users\/32"}],"replies":[{"embeddable":true,"href":"https:\/\/www.djk-erlangen.de\/fussball\/index.php?rest_route=%2Fwp%2Fv2%2Fcomments&post=8180"}],"version-history":[{"count":3,"href":"https:\/\/www.djk-erlangen.de\/fussball\/index.php?rest_route=\/wp\/v2\/posts\/8180\/revisions"}],"predecessor-version":[{"id":8182,"href":"https:\/\/www.djk-erlangen.de\/fussball\/index.php?rest_route=\/wp\/v2\/posts\/8180\/revisions\/8182"}],"wp:attachment":[{"href":"https:\/\/www.djk-erlangen.de\/fussball\/index.php?rest_route=%2Fwp%2Fv2%2Fmedia&parent=8180"}],"wp:term":[{"taxonomy":"category","embeddable":true,"href":"https:\/\/www.djk-erlangen.de\/fussball\/index.php?rest_route=%2Fwp%2Fv2%2Fcategories&post=8180"},{"taxonomy":"post_tag","embeddable":true,"href":"https:\/\/www.djk-erlangen.de\/fussball\/index.php?rest_route=%2Fwp%2Fv2%2Ftags&post=8180"}],"curies":[{"name":"wp","href":"https:\/\/api.w.org\/{rel}","templated":true}]}}