{"id":8167,"date":"2011-10-15T20:54:19","date_gmt":"2011-10-15T18:54:19","guid":{"rendered":"http:\/\/www.djk-erlangen.de\/fussball\/?p=8167"},"modified":"2011-10-15T20:54:54","modified_gmt":"2011-10-15T18:54:54","slug":"leistungsgerechte-punkteteilung","status":"publish","type":"post","link":"https:\/\/www.djk-erlangen.de\/fussball\/?p=8167","title":{"rendered":"Leistungsgerechte Punkteteilung"},"content":{"rendered":"<p>Noch etwas fr\u00fcher als unsere Mannschaftskameraden\u00a0der E3\/I machten sich die Wiesenwegbrasilianer auf den Weg nach Frauenaurach.\u00a0Die Ankunft brachte gleich eine Hiobsbotschaft mit sich,<!--more--><\/p>\n<p>unser Torh\u00fcter Tim\u00a0hatte sich krankheitsbedingt abmelden m\u00fcssen. Somit stand man erstmal ohne Torh\u00fcter da. Doch auch daf\u00fcr hatte unser Trainer Deniz dann schnell eine L\u00f6sung gefunden. Rick \u00fcbernahm den Part des Keepers.<\/p>\n<p>Nach dem Aufw\u00e4rmen ging es dann auch p\u00fcnktlich los. Es begann gleich ein unterhaltsames Spiel. Unsere Defensive um Kapit\u00e4n Jojo hatte die Offensivspieler der G\u00e4ste jedoch weitgehend im Griff, doch in der Offensivabteilung haperte es noch etwas. Nach einem nicht sauber gekl\u00e4rten Ball, schnappte sich der Gegner diesen und versenkte ihn in der 7. Min zum 1:0 im langen Eck. Das schien unsere Wiesenwegbrasilianer wachger\u00fcttelt zu haben. In der 9. Min marschierte Jojo \u00fcber rechts au\u00dfen \u00fcber fast das ganze Spielfeld und stellte mit einem sehenswerten Distanzschu\u00df den Ausgleich her. In der Folgezeit erarbeitete man sich eine gewisse Feld\u00fcberlegenheit, konnte jedoch nicht in F\u00fchrung gehen. In der 24. Min bekam Ermal den Ball und erzielt den ersehnten F\u00fchrungstreffer. Somit ging es dann auch in die Pause.<\/p>\n<p>Nach der Pause versuchte man nachzulegen, doch unsere Gastgeber k\u00e4mpften sich in die Partie zur\u00fcck. Es war zeitweise ein mit offenem Visier gef\u00fchrter Kampf mit Chancen auf beiden Seiten. So kam es in der 43. Min nachdem unsere Defensivabteilung den Ball nicht\u00a0sauber kl\u00e4ren\u00a0konnte, zum Ausgleichstreffer. Unsere Wiesenwegbrasilianer gaben nochmal alles, aber mehr als ein Lattenknaller durch Ermal sprang nicht mehr heraus.<\/p>\n<p>Somit trennte man sich schlie\u00dflich mit einem leistungsgerechten Unentschieden.<\/p>\n<p>DJK Aufgebot:<br \/>\nRick, Jojo, Momo, Dominik S., Ermal, Alex, Manu, Frederik, Jonas<\/p>\n<p>Tore:<br \/>\nJojo (1), Ermal (1)<\/p>\n<p>Verfasser des Berichts:<br \/>\nRoland R.<\/p>\n","protected":false},"excerpt":{"rendered":"<p>Noch etwas fr\u00fcher als unsere Mannschaftskameraden\u00a0der E3\/I machten sich die Wiesenwegbrasilianer auf den Weg nach Frauenaurach.\u00a0Die Ankunft brachte gleich eine Hiobsbotschaft mit sich,<\/p>\n","protected":false},"author":32,"featured_media":0,"comment_status":"open","ping_status":"closed","sticky":false,"template":"","format":"standard","meta":{"jetpack_post_was_ever_published":false,"_jetpack_newsletter_access":"","_jetpack_dont_email_post_to_subs":false,"_jetpack_newsletter_tier_id":0,"_jetpack_memberships_contains_paywalled_content":false,"_jetpack_memberships_contains_paid_content":false,"footnotes":"","jetpack_publicize_message":"","jetpack_publicize_feature_enabled":true,"jetpack_social_post_already_shared":false,"jetpack_social_options":{"image_generator_settings":{"template":"highway","default_image_id":0,"font":"","enabled":false},"version":2}},"categories":[27],"tags":[],"class_list":["post-8167","post","type-post","status-publish","format-standard","hentry","category-u11-e3"],"jetpack_publicize_connections":[],"jetpack_featured_media_url":"","jetpack_shortlink":"https:\/\/wp.me\/p2ZUr0-27J","jetpack_sharing_enabled":true,"_links":{"self":[{"href":"https:\/\/www.djk-erlangen.de\/fussball\/index.php?rest_route=\/wp\/v2\/posts\/8167","targetHints":{"allow":["GET"]}}],"collection":[{"href":"https:\/\/www.djk-erlangen.de\/fussball\/index.php?rest_route=\/wp\/v2\/posts"}],"about":[{"href":"https:\/\/www.djk-erlangen.de\/fussball\/index.php?rest_route=\/wp\/v2\/types\/post"}],"author":[{"embeddable":true,"href":"https:\/\/www.djk-erlangen.de\/fussball\/index.php?rest_route=\/wp\/v2\/users\/32"}],"replies":[{"embeddable":true,"href":"https:\/\/www.djk-erlangen.de\/fussball\/index.php?rest_route=%2Fwp%2Fv2%2Fcomments&post=8167"}],"version-history":[{"count":2,"href":"https:\/\/www.djk-erlangen.de\/fussball\/index.php?rest_route=\/wp\/v2\/posts\/8167\/revisions"}],"predecessor-version":[{"id":8169,"href":"https:\/\/www.djk-erlangen.de\/fussball\/index.php?rest_route=\/wp\/v2\/posts\/8167\/revisions\/8169"}],"wp:attachment":[{"href":"https:\/\/www.djk-erlangen.de\/fussball\/index.php?rest_route=%2Fwp%2Fv2%2Fmedia&parent=8167"}],"wp:term":[{"taxonomy":"category","embeddable":true,"href":"https:\/\/www.djk-erlangen.de\/fussball\/index.php?rest_route=%2Fwp%2Fv2%2Fcategories&post=8167"},{"taxonomy":"post_tag","embeddable":true,"href":"https:\/\/www.djk-erlangen.de\/fussball\/index.php?rest_route=%2Fwp%2Fv2%2Ftags&post=8167"}],"curies":[{"name":"wp","href":"https:\/\/api.w.org\/{rel}","templated":true}]}}