{"id":8129,"date":"2011-10-09T18:00:17","date_gmt":"2011-10-09T16:00:17","guid":{"rendered":"http:\/\/www.djk-erlangen.de\/fussball\/?p=8129"},"modified":"2011-10-23T16:41:35","modified_gmt":"2011-10-23T14:41:35","slug":"vds-spardorf-ah-djk-erlangen-ah-13-samstag-8-oktober-2011-1600h","status":"publish","type":"post","link":"https:\/\/www.djk-erlangen.de\/fussball\/?p=8129","title":{"rendered":"VdS Spardorf AH &#8211; DJK Erlangen AH .:. <strong>1:3<\/strong> .:.<h5>Samstag, 8. Oktober 2011, 16:00h<\/h5>"},"content":{"rendered":"<p>Torfolge: 0:1 Uwe W. (44.), 0:2 Markus G. (50.), 1:2 (60.), 1:3 Stefan S. (65.)<\/p>\n<p>Leider fand das Spiel gegen VdS Spardorf nicht auf dem A-Platz statt.<br \/>\nDoch waren wir alle sehr \u00fcberrascht, in welch gutem Zustand sich der etwas abseits liegende B-Platz befand. Ein gro\u00dfes Lob an den Spardorfer Platzwart.<\/p>\n<p><!--more-->Krankheitsbedingt waren wir anstatt der geplanten 14 Mann gerade mal mit 11 Mann zum Anpfiff auf dem Platz. Nachdem unser Manager Cuno sich um 15:00 Uhr gen\u00fcsslich einen Espresso von unserem Spielerkollegen und Hairstylisten Nico servieren lie\u00df.<\/p>\n<p>Wie schon gegen den BSC, hatten wir von Beginn an die Nase vorn, konnten jedoch in der ersten Halbzeit unsere klaren Chancen nicht verwandeln. Erst kurz vor Abpfiff der ersten H\u00e4lfte, konnte Uwe W. (44. Min.) durch einen abgef\u00e4lschten Pass von Volker W. auf Matze E. den Ball am gegnerischen Keeper vorbei ins Netz schieben.<br \/>\n0:1 &#8211; Halbzeit.<\/p>\n<p>In der zweiten Halbzeit lief es besser mit der Chancenverwertung, so gelang Markus G. (50. Min.) der Treffer zum 0:2. Leider erhielten wir kurz darauf (60. Min.) unseren einzigen Gegentreffer, bei dem unser Torh\u00fcter wohl vergessen hatte, dass er auch seine Arme benutzen darf. Dabei sah Markus H. nicht wirklich \u00fcberzeugend aus. Markus soll aber nat\u00fcrlich nicht nur &#8222;gepr\u00fcgelt&#8220; werden, er hatte auch in dieser Partie wieder einige herrliche Torparaden und hat einige klare Chancen der Spardorfer vereitelt.<\/p>\n<p>Dieses Mal haben wir uns nicht durch den Gegentreffer zum 1:2 aus der Bahn werfen lassen und erh\u00f6hten den Spielstand nur 5 Minuten sp\u00e4ter durch ein herrlichen Treffer von Stefan Sch.<\/p>\n<p>Nach diesem 1:3 (65. Min.) verlor unser Spiel durch Unkonzentriertheit etwas an Dynamik. Jedoch konnten wir durch k\u00e4mpferische Aktionen weitere gegnerische Treffer verhindern.<\/p>\n<p>So endete das Spiel mit einem verdienten 1:3 gegen eine faire und spielstarke Spardorfer AH.<\/p>\n<p>(Autor Volker W.)<\/p>\n","protected":false},"excerpt":{"rendered":"<p>Torfolge: 0:1 Uwe W. (44.), 0:2 Markus G. (50.), 1:2 (60.), 1:3 Stefan S. (65.) Leider fand das Spiel gegen VdS Spardorf nicht auf dem A-Platz statt. Doch waren wir alle sehr \u00fcberrascht, in welch gutem Zustand sich der etwas &hellip; <a href=\"https:\/\/www.djk-erlangen.de\/fussball\/?p=8129\">Weiterlesen <span class=\"meta-nav\">&rarr;<\/span><\/a><\/p>\n","protected":false},"author":21,"featured_media":0,"comment_status":"open","ping_status":"closed","sticky":false,"template":"","format":"standard","meta":{"jetpack_post_was_ever_published":false,"_jetpack_newsletter_access":"","_jetpack_dont_email_post_to_subs":false,"_jetpack_newsletter_tier_id":0,"_jetpack_memberships_contains_paywalled_content":false,"_jetpack_memberships_contains_paid_content":false,"footnotes":"","jetpack_publicize_message":"","jetpack_publicize_feature_enabled":true,"jetpack_social_post_already_shared":false,"jetpack_social_options":{"image_generator_settings":{"template":"highway","default_image_id":0,"font":"","enabled":false},"version":2}},"categories":[4],"tags":[],"class_list":["post-8129","post","type-post","status-publish","format-standard","hentry","category-ah"],"jetpack_publicize_connections":[],"jetpack_featured_media_url":"","jetpack_shortlink":"https:\/\/wp.me\/p2ZUr0-277","jetpack_sharing_enabled":true,"_links":{"self":[{"href":"https:\/\/www.djk-erlangen.de\/fussball\/index.php?rest_route=\/wp\/v2\/posts\/8129","targetHints":{"allow":["GET"]}}],"collection":[{"href":"https:\/\/www.djk-erlangen.de\/fussball\/index.php?rest_route=\/wp\/v2\/posts"}],"about":[{"href":"https:\/\/www.djk-erlangen.de\/fussball\/index.php?rest_route=\/wp\/v2\/types\/post"}],"author":[{"embeddable":true,"href":"https:\/\/www.djk-erlangen.de\/fussball\/index.php?rest_route=\/wp\/v2\/users\/21"}],"replies":[{"embeddable":true,"href":"https:\/\/www.djk-erlangen.de\/fussball\/index.php?rest_route=%2Fwp%2Fv2%2Fcomments&post=8129"}],"version-history":[{"count":6,"href":"https:\/\/www.djk-erlangen.de\/fussball\/index.php?rest_route=\/wp\/v2\/posts\/8129\/revisions"}],"predecessor-version":[{"id":8200,"href":"https:\/\/www.djk-erlangen.de\/fussball\/index.php?rest_route=\/wp\/v2\/posts\/8129\/revisions\/8200"}],"wp:attachment":[{"href":"https:\/\/www.djk-erlangen.de\/fussball\/index.php?rest_route=%2Fwp%2Fv2%2Fmedia&parent=8129"}],"wp:term":[{"taxonomy":"category","embeddable":true,"href":"https:\/\/www.djk-erlangen.de\/fussball\/index.php?rest_route=%2Fwp%2Fv2%2Fcategories&post=8129"},{"taxonomy":"post_tag","embeddable":true,"href":"https:\/\/www.djk-erlangen.de\/fussball\/index.php?rest_route=%2Fwp%2Fv2%2Ftags&post=8129"}],"curies":[{"name":"wp","href":"https:\/\/api.w.org\/{rel}","templated":true}]}}