{"id":8115,"date":"2011-10-08T21:53:33","date_gmt":"2011-10-08T19:53:33","guid":{"rendered":"http:\/\/www.djk-erlangen.de\/fussball\/?p=8115"},"modified":"2011-10-09T16:14:39","modified_gmt":"2011-10-09T14:14:39","slug":"traumfusball-zum-herbstanfang","status":"publish","type":"post","link":"https:\/\/www.djk-erlangen.de\/fussball\/?p=8115","title":{"rendered":"Traumfu\u00dfball zum Herbstanfang"},"content":{"rendered":"<p>Regnerisch und kalt war es am Samstag morgen.\u00a0 Dementsprechend lang viel dann auch die Kabinenansprache aus, um nicht im st\u00e4rksten Platzregen das Aufw\u00e4rmprogramm zu absolvieren.<br \/>\nJedoch p\u00fcnktlich zum Anpfiff gegen den SV Tennenlohe verzogen sich dann die Regenwolken und die Sonne bestrahlte den Wiesengrund.<br \/>\n<!--more--><\/p>\n<p>Das im Training erarbeitete und im Testspiel am Tag der deutschen Einheit schon phasenweise gezeigte, wurde heute endlich verinnerlicht und die Wiesenwegbuben setzten die vorgegebene Marschroute auf dem Platz um. Mit dem Anpfiff dr\u00e4ngten wir den SVT in deren H\u00e4lfte und nach einer traumhaften Kombination unser Mittelfeldachse erzielte Ben in der 3. Spielminute den verdienten F\u00fchrungstreffer. Dieser Treffer wirkte nicht nur bei den Spieler sondern auch bei den Trainern, Betreuern und unseren zahlreichen Zuschauern erl\u00f6send. Schlie\u00dflich war es die erste F\u00fchrung in dieser Saison.<\/p>\n<p>Die Jungs legten in der Folgezeit eine Spielfreude an den Tag wo sich nicht nur die Trainer teilweise die Augen rieben. Streckenweise wurde traumhafter Kombinationsfu\u00dfball gezeigt der durch Tore von Arijan in der 6. Minute sowie erneut Ben (8.) und wiederum Arian (9.) f\u00fcr einen sicheren 4:0 Vorsprung f\u00fcr die Wiesenwegbuben sorgte. Mit zunehmender Spieldauer vers\u00e4umten wir es durch individuelle Fehler das Ergebnis weiter zu verbessern. Bei besserer Chancenauswertung h\u00e4tte es zur Halbzeit schon zweitstellig sein k\u00f6nnen! So wechselte man mit dem erspielten 4:0 Vorsprung die Seiten.<\/p>\n<p>Die G\u00e4ste aus Tennenlohe erkannten das Problem und tauschten in der Pause den Torh\u00fcter. Die Wiesenwegbuben lie\u00dfen sich davon jedoch nicht beeindrucken. Es dauerte allerdings 2 Minuten l\u00e4nger wie im ersten Spielabschnitt ehe das Spielger\u00e4t im gegnerischen Geh\u00e4use landete. Diese 30. Spielminute hatte es in sich. Zuerst Arijan verwandelte nach sch\u00f6ner Flanke von Tim zum 5:0 ehe in der gleichen Spielminute Ben nach sch\u00f6nem \u00fcbersichtlichen Pa\u00df von Arijan zum 6:0 erh\u00f6hen konnte.<\/p>\n<p>Wiederum zwei Minuten sp\u00e4ter war es erneut Ben welcher nach einer traumhaften Kombination zwischen Daniel, Arijan und Benedikt zum 7:0 einnetzen konnte.<\/p>\n<p>Der heute wieder stark aufspielende Daniel konnte bei seinem Vorsto\u00df nur unsanft gebremst werden und mu\u00dfte die Partie vorzeitig beenden.\u00a0 Den daraus resultierenden Freisto\u00df verwandelte unser stark verbesserter &#8222;Capitano&#8220; Oliver\u00a0 in gewohnter Manier direkt in den Winkel zum 8:0 in der 37. Minute.<\/p>\n<p>Aufgrund da\u00df das neue Spielsystem verinnerlicht wurde bekam auch unser neuerdings sehr offensiv ausgerichtete Defensivabteilung ausreichend Platz den Drang nach vorne zu forcieren. Unser &#8222;Rackerer&#8220;<br \/>\nLorenz wurde endlich f\u00fcr seinen Vorw\u00e4rtsdrang belohnt und konnte in der 41. Minute seine ersten Pflichtspieltreffer im Dress der Wiesenwegbuben\u00a0zum zwischenzeitlichen 9:0 erzielen.<\/p>\n<p>Die Schlu\u00dfminuten geh\u00f6rten heute endlich mal wieder unserem Benedikt. Der j\u00fcngste im Team absolviert mit Abstand das gr\u00f6\u00dfte Laufpensum. Auch war dieser heute im mannschaftsdienlichen Spiel stark verbessert. Sein Tor in der 43. Minute war noch ein Gewaltschu\u00df, ehe er f\u00fcr den Schlu\u00dfpunkt in dieser recht einseitigen Begegnung sorgte. Ein weiter Abwurf von unserem heute arbeitslosen Torh\u00fcter Luis erreichte Benedikt, dieser spielte den doppelten Doppelpa\u00df \u00fcber Arijan und Ben und behauptete sich noch gegen 2 Gegenspieler mit dem sicheren Abschlu\u00df zum Kantersieg in H\u00f6he von 11:0<\/p>\n<p>Bei konsequenterer Chancenauswertung h\u00e4tte das Ergebnis noch deutlich h\u00f6her ausfallen k\u00f6nnen. Das was heute \u00fcberzeugt hatte war die mannschaftliche Geschlossenheit aller 9 im Kader befindlichen Spieler, die das neue System langsam aber sicher verinnerlicht haben und mit diesem Erfolgserlebnis die n\u00e4chsten Aufgaben beruhigt angehen k\u00f6nnen. In der n\u00e4chsten Woche mit 2 Pflichtspielen kann<br \/>\nder Aufw\u00e4rtstrend weiter fort gef\u00fchrt werden. Wie es am Ende dieser Lernsaison in der Abschlu\u00dftabelle aussieht, wird sich weisen.<\/p>\n<p>Jungs danke, da\u00df ihr uns heute mit Fu\u00dfballkost vom aller Feinsten verw\u00f6hnt habt.<\/p>\n<p>Leider m\u00fcssen wir zu der schweren Ausw\u00e4rtsaufgabe beim Tabellennachbarn am kommenden Donnerstag die Mannschaft erneut umbauen, da uns einige Stammkr\u00e4fte nicht zur Verf\u00fcgung stehen k\u00f6nnen.<\/p>\n<p><strong><em><span style=\"text-decoration: underline;\">DJK Aufgebot:<\/span><\/em><\/strong><br \/>\nLuis; Hannes; Daniel; Oliver; Lorenz; Tim; Benedikt; Ben; Arijan<\/p>\n<p><strong><em><span style=\"text-decoration: underline;\">Tore<\/span><\/em><\/strong><br \/>\nBen (4); Arijan (3) Benedikt (2) Oliver (1) Lorenz (1)<\/p>\n","protected":false},"excerpt":{"rendered":"<p>Regnerisch und kalt war es am Samstag morgen.\u00a0 Dementsprechend lang viel dann auch die Kabinenansprache aus, um nicht im st\u00e4rksten Platzregen das Aufw\u00e4rmprogramm zu absolvieren. Jedoch p\u00fcnktlich zum Anpfiff gegen den SV Tennenlohe verzogen sich dann die Regenwolken und die &hellip; <a href=\"https:\/\/www.djk-erlangen.de\/fussball\/?p=8115\">Weiterlesen <span class=\"meta-nav\">&rarr;<\/span><\/a><\/p>\n","protected":false},"author":32,"featured_media":0,"comment_status":"open","ping_status":"closed","sticky":false,"template":"","format":"standard","meta":{"jetpack_post_was_ever_published":false,"_jetpack_newsletter_access":"","_jetpack_dont_email_post_to_subs":false,"_jetpack_newsletter_tier_id":0,"_jetpack_memberships_contains_paywalled_content":false,"_jetpack_memberships_contains_paid_content":false,"footnotes":"","jetpack_publicize_message":"","jetpack_publicize_feature_enabled":true,"jetpack_social_post_already_shared":false,"jetpack_social_options":{"image_generator_settings":{"template":"highway","default_image_id":0,"font":"","enabled":false},"version":2}},"categories":[26],"tags":[],"class_list":["post-8115","post","type-post","status-publish","format-standard","hentry","category-u11-e2"],"jetpack_publicize_connections":[],"jetpack_featured_media_url":"","jetpack_shortlink":"https:\/\/wp.me\/p2ZUr0-26T","jetpack_sharing_enabled":true,"_links":{"self":[{"href":"https:\/\/www.djk-erlangen.de\/fussball\/index.php?rest_route=\/wp\/v2\/posts\/8115","targetHints":{"allow":["GET"]}}],"collection":[{"href":"https:\/\/www.djk-erlangen.de\/fussball\/index.php?rest_route=\/wp\/v2\/posts"}],"about":[{"href":"https:\/\/www.djk-erlangen.de\/fussball\/index.php?rest_route=\/wp\/v2\/types\/post"}],"author":[{"embeddable":true,"href":"https:\/\/www.djk-erlangen.de\/fussball\/index.php?rest_route=\/wp\/v2\/users\/32"}],"replies":[{"embeddable":true,"href":"https:\/\/www.djk-erlangen.de\/fussball\/index.php?rest_route=%2Fwp%2Fv2%2Fcomments&post=8115"}],"version-history":[{"count":5,"href":"https:\/\/www.djk-erlangen.de\/fussball\/index.php?rest_route=\/wp\/v2\/posts\/8115\/revisions"}],"predecessor-version":[{"id":8120,"href":"https:\/\/www.djk-erlangen.de\/fussball\/index.php?rest_route=\/wp\/v2\/posts\/8115\/revisions\/8120"}],"wp:attachment":[{"href":"https:\/\/www.djk-erlangen.de\/fussball\/index.php?rest_route=%2Fwp%2Fv2%2Fmedia&parent=8115"}],"wp:term":[{"taxonomy":"category","embeddable":true,"href":"https:\/\/www.djk-erlangen.de\/fussball\/index.php?rest_route=%2Fwp%2Fv2%2Fcategories&post=8115"},{"taxonomy":"post_tag","embeddable":true,"href":"https:\/\/www.djk-erlangen.de\/fussball\/index.php?rest_route=%2Fwp%2Fv2%2Ftags&post=8115"}],"curies":[{"name":"wp","href":"https:\/\/api.w.org\/{rel}","templated":true}]}}