{"id":7978,"date":"2011-10-02T11:45:38","date_gmt":"2011-10-02T09:45:38","guid":{"rendered":"http:\/\/www.djk-erlangen.de\/fussball\/?p=7978"},"modified":"2011-10-05T15:39:23","modified_gmt":"2011-10-05T13:39:23","slug":"ruckschlag-nach-klasse-saisonstart","status":"publish","type":"post","link":"https:\/\/www.djk-erlangen.de\/fussball\/?p=7978","title":{"rendered":"R\u00fcckschlag nach einem klasse Saisonstart"},"content":{"rendered":"<p>Bei bestem Wetter reisten die Wiesenwegbuben gut gelaunt zum Spitzenspiel nach Uehlfeld. Nach dem\u00a0bitteren Aus im Halbfinale des Kreispokals hatten sich die Jungs einiges vorgenommen. Zugleich gab auch Deniz als neuer Trainer der E3\/II sein Deb\u00fct.<\/p>\n<p><!--more--><\/p>\n<p>Erste Verwunderung, der eingestreute Platz war doch recht klein geraten, kein gutes Ohmen f\u00fcr unsere Auslauf gewohnten Flitzer auf den Au\u00dfenbahnen.<\/p>\n<p>P\u00fcnktlich pfiff der Schiri die Partie an. Die Gastgeber st\u00fcrmten sofort energisch in unsere H\u00e4lfte. Durch Unkonzentriertheiten und Fehlp\u00e4sse konnten sie sich dann auch schnell dort festsetzen, sich ergebene Fehler wurden gnadenlos ausgenutzt. So stand es nach 3 min schon 1:0 f\u00fcr die Gastgeber, die dann in der 7. Minute auf 2:0 erh\u00f6hten. Nach diesem R\u00fcckstand fing man sich etwas und konnte auch erste Angriffsversuche starten, die jedoch nicht\u00a0in z\u00e4hlbares umgem\u00fcnzt\u00a0werden konnten, zu gro\u00df war die Fehlpa\u00dfquote, zu ungenau der Abschlu\u00df. Das magische Dreieck kam nicht in Fahrt und\u00a0es schien, als habe sich die Magie heute gegen uns verschworen. Auch unsere Defensive, im letzten Spiel noch als gr\u00fcne Wand bekannt geworden, glich heute doch eher einem Schweizer K\u00e4se. Nun hofften alle auf die Pause, um sich neu zu ordnen und in der 2. H\u00e4lfte nochmal anzugreifen. Doch ein Doppelschlag vor der Pause machte uns da einen Strich durch die Rechnung.<\/p>\n<p>Deniz zog sich auch gleich mit unseren Jungs in die Katakomben zur Halbzeitansprache zur\u00fcck. Nach Wiederanpfiff gaben unsere Wiesenwegbrasilianer sp\u00fcrbar mehr Gas und hatten einige gute Szenen, doch die Defensivabteilung der G\u00e4ste und deren Torwart waren auf Posten. Der Ball wollte nicht rein. Im Gegenzug kassierten wir dann bei den schnellen Gegenst\u00f6\u00dfen und Standards wiederum ein Tor nach dem anderen. Unsere Jungs gaben aber nicht auf. Nach einem Foul im Mittelfeld trat Rick den Freisto\u00df, doch er strich leider h\u00f6rbar \u00fcber die Latte. So stand es schlie\u00dflich 7:0. Ganz so klar wollte man doch nicht das Feldr\u00e4umen und so wurde nun zum Endspurt geblasen. Nun kam auch die Defensive der G\u00e4ste ein uns andere Mal in Bedr\u00e4ngnis. 2 min vor Schlu\u00df schnappte sich Rick einen nicht sauber gekl\u00e4rten Ball und nagelte ihn unter die Latte. 7:1, gleich danach kam Tim noch zum Abschlu\u00df, aber der G\u00e4stkeeper rettete mit einer Glanztat.\u00a0 So hatte man die erste deftige Niederlage dieser Saison kassiert.<\/p>\n<p><span style=\"text-decoration: underline;\">DJK Aufgebot:<\/span><br \/>\nDominik K., Dominik S., Jojo, Rick, Jonas, Tim, Luis, Alex, Manu, Ermal<\/p>\n<p><span style=\"text-decoration: underline;\">\u00a0Tore<\/span><br \/>\nRick(1)<\/p>\n","protected":false},"excerpt":{"rendered":"<p>Bei bestem Wetter reisten die Wiesenwegbuben gut gelaunt zum Spitzenspiel nach Uehlfeld. Nach dem\u00a0bitteren Aus im Halbfinale des Kreispokals hatten sich die Jungs einiges vorgenommen. Zugleich gab auch Deniz als neuer Trainer der E3\/II sein Deb\u00fct.<\/p>\n","protected":false},"author":32,"featured_media":0,"comment_status":"open","ping_status":"closed","sticky":false,"template":"","format":"standard","meta":{"jetpack_post_was_ever_published":false,"_jetpack_newsletter_access":"","_jetpack_dont_email_post_to_subs":false,"_jetpack_newsletter_tier_id":0,"_jetpack_memberships_contains_paywalled_content":false,"_jetpack_memberships_contains_paid_content":false,"footnotes":"","jetpack_publicize_message":"","jetpack_publicize_feature_enabled":true,"jetpack_social_post_already_shared":false,"jetpack_social_options":{"image_generator_settings":{"template":"highway","default_image_id":0,"font":"","enabled":false},"version":2}},"categories":[27],"tags":[],"class_list":["post-7978","post","type-post","status-publish","format-standard","hentry","category-u11-e3"],"jetpack_publicize_connections":[],"jetpack_featured_media_url":"","jetpack_shortlink":"https:\/\/wp.me\/p2ZUr0-24G","jetpack_sharing_enabled":true,"_links":{"self":[{"href":"https:\/\/www.djk-erlangen.de\/fussball\/index.php?rest_route=\/wp\/v2\/posts\/7978","targetHints":{"allow":["GET"]}}],"collection":[{"href":"https:\/\/www.djk-erlangen.de\/fussball\/index.php?rest_route=\/wp\/v2\/posts"}],"about":[{"href":"https:\/\/www.djk-erlangen.de\/fussball\/index.php?rest_route=\/wp\/v2\/types\/post"}],"author":[{"embeddable":true,"href":"https:\/\/www.djk-erlangen.de\/fussball\/index.php?rest_route=\/wp\/v2\/users\/32"}],"replies":[{"embeddable":true,"href":"https:\/\/www.djk-erlangen.de\/fussball\/index.php?rest_route=%2Fwp%2Fv2%2Fcomments&post=7978"}],"version-history":[{"count":4,"href":"https:\/\/www.djk-erlangen.de\/fussball\/index.php?rest_route=\/wp\/v2\/posts\/7978\/revisions"}],"predecessor-version":[{"id":8039,"href":"https:\/\/www.djk-erlangen.de\/fussball\/index.php?rest_route=\/wp\/v2\/posts\/7978\/revisions\/8039"}],"wp:attachment":[{"href":"https:\/\/www.djk-erlangen.de\/fussball\/index.php?rest_route=%2Fwp%2Fv2%2Fmedia&parent=7978"}],"wp:term":[{"taxonomy":"category","embeddable":true,"href":"https:\/\/www.djk-erlangen.de\/fussball\/index.php?rest_route=%2Fwp%2Fv2%2Fcategories&post=7978"},{"taxonomy":"post_tag","embeddable":true,"href":"https:\/\/www.djk-erlangen.de\/fussball\/index.php?rest_route=%2Fwp%2Fv2%2Ftags&post=7978"}],"curies":[{"name":"wp","href":"https:\/\/api.w.org\/{rel}","templated":true}]}}