{"id":7915,"date":"2011-09-29T22:22:54","date_gmt":"2011-09-29T20:22:54","guid":{"rendered":"http:\/\/www.djk-erlangen.de\/fussball\/?p=7915"},"modified":"2011-09-29T23:04:17","modified_gmt":"2011-09-29T21:04:17","slug":"saisonauftakt-nach-mas","status":"publish","type":"post","link":"https:\/\/www.djk-erlangen.de\/fussball\/?p=7915","title":{"rendered":"Saisonauftakt nach Ma\u00df"},"content":{"rendered":"<p>Am Dienstag, den 27.09.11 traten wir zum Nachholspiel gegen den SC aus Uttenreuth an. Vor Beginn der Runde konnte niemand erahnen, da\u00df es bereits am 2. Spieltag schon um was ging.<\/p>\n<p><!--more-->Die gut eingestellte Truppe des neuen Trainergespanns Sensoy\/Lober erarbeitete sich klare Feldvorteile. Jedoch ging der Gast mit 1:0 in F\u00fchrung. Diese konnte postwendend durch den Goalgetter Manu egalisiert werden.<\/p>\n<p>In der Folgezeit der Partie kamen die Wiesenwegbrasilianer immer besser in die Begegung, gerade dann wenn das magische Dreieck am &#8222;wirbeln&#8220; war. Hinten stand mit Momo, Jojo und Rick die gr\u00fcne Wand.<br \/>\nLeider vergaben wir zahlreiche Chancen um vorzeitig das Ergebnis zu verbessern.<br \/>\nAufgrund der vielen Spieler die alle zum Einsatz kommen wollten kam es leider zu einem Bruch in unserem Spiel und die Uttenreuther bekamen wieder ein wenig Oberwasser. Ein Fehler im Mittelfeld sorgte f\u00fcr die gr\u00f6\u00dfte Gefahr. Der technisch beste Spieler der G\u00e4ste lie\u00df unser komplettes Mittelfeld stehen wie Statisten und fand sich dann einer 1 gegen 1 Situation nahe des Strafraums wieder. Der Vorsto\u00df wurde unsanft gebremst und folgerichtig entschied der umsichtige Referee auf Strafsto\u00df.<\/p>\n<p>Der Ausf\u00fchrende zeigte Nerven und scho\u00df den Ball direkt auf unseren Torw\u00e4chter. So wechselte man dann etwas gl\u00fccklich mit dem 1:1 die Seiten.<\/p>\n<p>Im zweiten Spielabschnitt wollten die Wiesenwegbrasilianer die Ernte in Form von 3 Punkten einfahren. Das Trainergespann setzte wieder auf die vertraute Formation und siehe da, die Maschinerie lief!<\/p>\n<p>Luis erk\u00e4mpfte sich im Mittelfeld den Ball, dieser pa\u00dfte auf die Au\u00dfenbahn zu Tim, der einfache Doppelpa\u00df zwischen den beiden folgte der t\u00f6dliche Pa\u00df in den Raum. Kein anderer als &#8222;uns&#8220; Manu verwandelte zur verdienten 2:1 F\u00fchrung. Das magische Dreieck hat wieder funktioniert.<\/p>\n<p>Ein fast \u00e4hnliches Bild beim n\u00e4chsten Tor, ein weiter Abschlag von Dominik auf die Au\u00dfenbahn erreichte der wieselflinke Tim, dieser tankte sich auf selbiger durch und legte ab auf Manu, dieser lie\u00df den Ball auf Luis prellen und Manu lief, jaaaa er lief sich frei,\u00a0 und stand so f\u00fcr den Pa\u00df einschu\u00dfbereit parat. So stands 3:1! Ein Schu\u00df, ein Tor der Manu wars!<\/p>\n<p>Durch das viele hin und her wechseln kam wieder etwas Unordnung in unser Spiel und die G\u00e4ste konnten das Ergebnis durch einen zweiten Treffer noch korrigieren. Letztendlich ging man als verdienter Sieger und auch als Tabellenf\u00fchrer vom Platz.<br \/>\nAm kommenden Samstag kommt es somit zum Showdown um Platz 1 in Uehlfeld. Einigen d\u00fcrfte noch die Halbfinalniederlage im Kreispokal bitter aufsto\u00dfen!<\/p>\n<p>Auf ein Neues Jungs. Etz pack mers!!<\/p>\n<p>DJK Aufgebot:<br \/>\nDominik K.; Dominik S.; Joni; Jojo; Momo; Rick; Luis; Tim; Manu; Alex; Frederik; Ermal; u.v.m.<\/p>\n<p>Tore:<br \/>\nManu (3)<\/p>\n","protected":false},"excerpt":{"rendered":"<p>Am Dienstag, den 27.09.11 traten wir zum Nachholspiel gegen den SC aus Uttenreuth an. Vor Beginn der Runde konnte niemand erahnen, da\u00df es bereits am 2. Spieltag schon um was ging.<\/p>\n","protected":false},"author":32,"featured_media":0,"comment_status":"open","ping_status":"closed","sticky":false,"template":"","format":"standard","meta":{"jetpack_post_was_ever_published":false,"_jetpack_newsletter_access":"","_jetpack_dont_email_post_to_subs":false,"_jetpack_newsletter_tier_id":0,"_jetpack_memberships_contains_paywalled_content":false,"_jetpack_memberships_contains_paid_content":false,"footnotes":"","jetpack_publicize_message":"","jetpack_publicize_feature_enabled":true,"jetpack_social_post_already_shared":false,"jetpack_social_options":{"image_generator_settings":{"template":"highway","default_image_id":0,"font":"","enabled":false},"version":2}},"categories":[27],"tags":[],"class_list":["post-7915","post","type-post","status-publish","format-standard","hentry","category-u11-e3"],"jetpack_publicize_connections":[],"jetpack_featured_media_url":"","jetpack_shortlink":"https:\/\/wp.me\/p2ZUr0-23F","jetpack_sharing_enabled":true,"_links":{"self":[{"href":"https:\/\/www.djk-erlangen.de\/fussball\/index.php?rest_route=\/wp\/v2\/posts\/7915","targetHints":{"allow":["GET"]}}],"collection":[{"href":"https:\/\/www.djk-erlangen.de\/fussball\/index.php?rest_route=\/wp\/v2\/posts"}],"about":[{"href":"https:\/\/www.djk-erlangen.de\/fussball\/index.php?rest_route=\/wp\/v2\/types\/post"}],"author":[{"embeddable":true,"href":"https:\/\/www.djk-erlangen.de\/fussball\/index.php?rest_route=\/wp\/v2\/users\/32"}],"replies":[{"embeddable":true,"href":"https:\/\/www.djk-erlangen.de\/fussball\/index.php?rest_route=%2Fwp%2Fv2%2Fcomments&post=7915"}],"version-history":[{"count":3,"href":"https:\/\/www.djk-erlangen.de\/fussball\/index.php?rest_route=\/wp\/v2\/posts\/7915\/revisions"}],"predecessor-version":[{"id":7937,"href":"https:\/\/www.djk-erlangen.de\/fussball\/index.php?rest_route=\/wp\/v2\/posts\/7915\/revisions\/7937"}],"wp:attachment":[{"href":"https:\/\/www.djk-erlangen.de\/fussball\/index.php?rest_route=%2Fwp%2Fv2%2Fmedia&parent=7915"}],"wp:term":[{"taxonomy":"category","embeddable":true,"href":"https:\/\/www.djk-erlangen.de\/fussball\/index.php?rest_route=%2Fwp%2Fv2%2Fcategories&post=7915"},{"taxonomy":"post_tag","embeddable":true,"href":"https:\/\/www.djk-erlangen.de\/fussball\/index.php?rest_route=%2Fwp%2Fv2%2Ftags&post=7915"}],"curies":[{"name":"wp","href":"https:\/\/api.w.org\/{rel}","templated":true}]}}