{"id":7730,"date":"2011-09-17T17:26:22","date_gmt":"2011-09-17T15:26:22","guid":{"rendered":"http:\/\/www.djk-erlangen.de\/fussball\/?p=7730"},"modified":"2011-09-17T17:26:22","modified_gmt":"2011-09-17T15:26:22","slug":"noch-viel-sand-im-getriebe","status":"publish","type":"post","link":"https:\/\/www.djk-erlangen.de\/fussball\/?p=7730","title":{"rendered":"Noch viel Sand im Getriebe"},"content":{"rendered":"<p>Nur einen Tag nach dem fulminanten Auftakt der U-11 mit der II. Mannschaft traf man sich an gleicher Stelle am Samstag morgen wieder. Diesmal stand das Spiel der beiden I. Mannschaften auf dem Programm.<!--more--><\/p>\n<p>Irgendwie waren wir noch nicht richtig ausgeschlafen und schon zappelte der Ball zum ersten mal in unseren Maschen. Wer jetzt meinte das dieses fr\u00fche Gegentor f\u00fcr einen Ruck sorgte wurde entt\u00e4uscht.<br \/>\nVielmehr wurden die Tr\u00e4umereien intensiviert und die wach und ausgeschlafen agierenden Pumas spielten mit uns phasenweise Katz und Maus und erzielten noch zwei weitere blitzsaubere Tore. Mit diesem deutlichen R\u00fcckstand wechselte man auch die Seiten.<\/p>\n<p>Die Ansprache des Trainers schien zu fruchten. Mit dem Anpfiff des zweiten Spielabschnittes hielten wir dagegen und spielten endlich ein bisschen Fu\u00dfball. Eine Ecke der Gastgeber wurde so ungl\u00fccklich abgef\u00e4lscht, so da\u00df diese dann dummerweise im eigenen Tor landete. Jetzt war auch allen klar: Hier geht heute gar nichts mehr! Schadensbegrenzung war angesagt.<\/p>\n<p>Mit zunehmender Spieldauer erh\u00f6hten die Gastgeber nochmal das Tempo und schenkten uns noch 3 Treffer ein. Das zwischenzeitliche 6:1 durch Arijan war dann wohl nur noch Ergebniskorrektur.<\/p>\n<p>Somit d\u00fcrfte jetzt allen klar sein, da\u00df uns auch in dieser Saison nichts geschenkt wird und in der w\u00f6chentlichen Trainingsarbeit jeder Spieler an sich arbeiten sollte, dann kann sich das Blatt zum Guten schon am kommenden Wochenende wenden.<\/p>\n<p>DJK Aufgebot:<br \/>\nLuis; Daniel; Rick; Oliver; Lorenz; Tim; Benedikt; Ben; Arijan; Manuel<\/p>\n<p>Tor:<br \/>\nArijan<\/p>\n","protected":false},"excerpt":{"rendered":"<p>Nur einen Tag nach dem fulminanten Auftakt der U-11 mit der II. Mannschaft traf man sich an gleicher Stelle am Samstag morgen wieder. Diesmal stand das Spiel der beiden I. Mannschaften auf dem Programm.<\/p>\n","protected":false},"author":32,"featured_media":0,"comment_status":"open","ping_status":"closed","sticky":false,"template":"","format":"standard","meta":{"jetpack_post_was_ever_published":false,"_jetpack_newsletter_access":"","_jetpack_dont_email_post_to_subs":false,"_jetpack_newsletter_tier_id":0,"_jetpack_memberships_contains_paywalled_content":false,"_jetpack_memberships_contains_paid_content":false,"footnotes":"","jetpack_publicize_message":"","jetpack_publicize_feature_enabled":true,"jetpack_social_post_already_shared":false,"jetpack_social_options":{"image_generator_settings":{"template":"highway","default_image_id":0,"font":"","enabled":false},"version":2}},"categories":[26],"tags":[],"class_list":["post-7730","post","type-post","status-publish","format-standard","hentry","category-u11-e2"],"jetpack_publicize_connections":[],"jetpack_featured_media_url":"","jetpack_shortlink":"https:\/\/wp.me\/p2ZUr0-20G","jetpack_sharing_enabled":true,"_links":{"self":[{"href":"https:\/\/www.djk-erlangen.de\/fussball\/index.php?rest_route=\/wp\/v2\/posts\/7730","targetHints":{"allow":["GET"]}}],"collection":[{"href":"https:\/\/www.djk-erlangen.de\/fussball\/index.php?rest_route=\/wp\/v2\/posts"}],"about":[{"href":"https:\/\/www.djk-erlangen.de\/fussball\/index.php?rest_route=\/wp\/v2\/types\/post"}],"author":[{"embeddable":true,"href":"https:\/\/www.djk-erlangen.de\/fussball\/index.php?rest_route=\/wp\/v2\/users\/32"}],"replies":[{"embeddable":true,"href":"https:\/\/www.djk-erlangen.de\/fussball\/index.php?rest_route=%2Fwp%2Fv2%2Fcomments&post=7730"}],"version-history":[{"count":1,"href":"https:\/\/www.djk-erlangen.de\/fussball\/index.php?rest_route=\/wp\/v2\/posts\/7730\/revisions"}],"predecessor-version":[{"id":7731,"href":"https:\/\/www.djk-erlangen.de\/fussball\/index.php?rest_route=\/wp\/v2\/posts\/7730\/revisions\/7731"}],"wp:attachment":[{"href":"https:\/\/www.djk-erlangen.de\/fussball\/index.php?rest_route=%2Fwp%2Fv2%2Fmedia&parent=7730"}],"wp:term":[{"taxonomy":"category","embeddable":true,"href":"https:\/\/www.djk-erlangen.de\/fussball\/index.php?rest_route=%2Fwp%2Fv2%2Fcategories&post=7730"},{"taxonomy":"post_tag","embeddable":true,"href":"https:\/\/www.djk-erlangen.de\/fussball\/index.php?rest_route=%2Fwp%2Fv2%2Ftags&post=7730"}],"curies":[{"name":"wp","href":"https:\/\/api.w.org\/{rel}","templated":true}]}}