{"id":7728,"date":"2011-09-17T16:46:03","date_gmt":"2011-09-17T14:46:03","guid":{"rendered":"http:\/\/www.djk-erlangen.de\/fussball\/?p=7728"},"modified":"2011-09-17T16:46:03","modified_gmt":"2011-09-17T14:46:03","slug":"fulminater-saisonauftakt-teil2","status":"publish","type":"post","link":"https:\/\/www.djk-erlangen.de\/fussball\/?p=7728","title":{"rendered":"Fulminater Saisonauftakt Teil2"},"content":{"rendered":"<p>Am heutigen schw\u00fclwarmen Samstag hat nun auch die Spielrunde f\u00fcr unsere D-Junioren begonnen. Aufgrund der R\u00fcckkehr zum Kleinfeld war man doch im Umfeld der Mannschaft etwas angespannt. Kaum wurde das Spiel gegen den ASV Niederndorf angepfiffen stand es auch schon 0:1 f\u00fcr den Gegner. Dieser Schock war jedoch schnell verdaut und ehe man sich versah, hatten wir das Spiel gedreht und gingen mit 2:1 in F\u00fchrung. Danach hat sich die Begegnung ziemlich einseitig zu unseren Gunsten entwickelt. Nach einer 7:1 Halbzeitf\u00fchrung wurde das Spiel am Ende mit 13:1 gewonnen. Auf gleichem Niveau hallte dann auch der verdiente Siegesruf durch die Kabinen am Wiesengrund&#8230;&#8230;..<\/p>\n","protected":false},"excerpt":{"rendered":"<p>Am heutigen schw\u00fclwarmen Samstag hat nun auch die Spielrunde f\u00fcr unsere D-Junioren begonnen. Aufgrund der R\u00fcckkehr zum Kleinfeld war man doch im Umfeld der Mannschaft etwas angespannt. Kaum wurde das Spiel gegen den ASV Niederndorf angepfiffen stand es auch schon &hellip; <a href=\"https:\/\/www.djk-erlangen.de\/fussball\/?p=7728\">Weiterlesen <span class=\"meta-nav\">&rarr;<\/span><\/a><\/p>\n","protected":false},"author":7,"featured_media":0,"comment_status":"open","ping_status":"closed","sticky":false,"template":"","format":"standard","meta":{"jetpack_post_was_ever_published":false,"_jetpack_newsletter_access":"","_jetpack_dont_email_post_to_subs":false,"_jetpack_newsletter_tier_id":0,"_jetpack_memberships_contains_paywalled_content":false,"_jetpack_memberships_contains_paid_content":false,"footnotes":"","jetpack_publicize_message":"","jetpack_publicize_feature_enabled":true,"jetpack_social_post_already_shared":false,"jetpack_social_options":{"image_generator_settings":{"template":"highway","default_image_id":0,"font":"","enabled":false},"version":2}},"categories":[1],"tags":[],"class_list":["post-7728","post","type-post","status-publish","format-standard","hentry","category-allgemein"],"jetpack_publicize_connections":[],"jetpack_featured_media_url":"","jetpack_shortlink":"https:\/\/wp.me\/p2ZUr0-20E","jetpack_sharing_enabled":true,"_links":{"self":[{"href":"https:\/\/www.djk-erlangen.de\/fussball\/index.php?rest_route=\/wp\/v2\/posts\/7728","targetHints":{"allow":["GET"]}}],"collection":[{"href":"https:\/\/www.djk-erlangen.de\/fussball\/index.php?rest_route=\/wp\/v2\/posts"}],"about":[{"href":"https:\/\/www.djk-erlangen.de\/fussball\/index.php?rest_route=\/wp\/v2\/types\/post"}],"author":[{"embeddable":true,"href":"https:\/\/www.djk-erlangen.de\/fussball\/index.php?rest_route=\/wp\/v2\/users\/7"}],"replies":[{"embeddable":true,"href":"https:\/\/www.djk-erlangen.de\/fussball\/index.php?rest_route=%2Fwp%2Fv2%2Fcomments&post=7728"}],"version-history":[{"count":1,"href":"https:\/\/www.djk-erlangen.de\/fussball\/index.php?rest_route=\/wp\/v2\/posts\/7728\/revisions"}],"predecessor-version":[{"id":7729,"href":"https:\/\/www.djk-erlangen.de\/fussball\/index.php?rest_route=\/wp\/v2\/posts\/7728\/revisions\/7729"}],"wp:attachment":[{"href":"https:\/\/www.djk-erlangen.de\/fussball\/index.php?rest_route=%2Fwp%2Fv2%2Fmedia&parent=7728"}],"wp:term":[{"taxonomy":"category","embeddable":true,"href":"https:\/\/www.djk-erlangen.de\/fussball\/index.php?rest_route=%2Fwp%2Fv2%2Fcategories&post=7728"},{"taxonomy":"post_tag","embeddable":true,"href":"https:\/\/www.djk-erlangen.de\/fussball\/index.php?rest_route=%2Fwp%2Fv2%2Ftags&post=7728"}],"curies":[{"name":"wp","href":"https:\/\/api.w.org\/{rel}","templated":true}]}}