{"id":7721,"date":"2011-09-16T23:23:50","date_gmt":"2011-09-16T21:23:50","guid":{"rendered":"http:\/\/www.djk-erlangen.de\/fussball\/?p=7721"},"modified":"2011-09-22T09:29:05","modified_gmt":"2011-09-22T07:29:05","slug":"fulminanter-saisonauftakt","status":"publish","type":"post","link":"https:\/\/www.djk-erlangen.de\/fussball\/?p=7721","title":{"rendered":"Fulminanter Saisonauftakt"},"content":{"rendered":"<p>Nach wenigen Trainingseinheiten und vielen Verletzten und einigen Abg\u00e4ngen starteten wir an diesem sch\u00f6nen Sp\u00e4tsommernachmittag in Herzogenaurach bei den Pumas in die neue Saison.<\/p>\n<p><!--more-->Bondscoach Thomas ist es gelungen aus einem zusammengew\u00fcrfelten Haufen eine schlagkr\u00e4ftige Truppe aufs Feld zu schicken. In den ersten Spielminuten hatten die Wiesenwegbrasilianer ein wenig Feldvorteile und gingen durch eine sch\u00f6ne Einzelleistung von Luis auch verdient mit 1:0 in F\u00fchrung. In der Folgezeit der Partie erk\u00e4mpften wir uns \u00fcber Einsatz und Moral mehr Spielanteile und so war es auch nur eine Frage der Zeit bis der zweite Treffer folgte. Diesen erzielte Manuel nach sch\u00f6ner Vorlage von Luis. Mit diesem Ergebnis wechselte man auch die Seiten.<\/p>\n<p>Der Trainer war mit der Leistung der ersten 25 Minuten nur bedingt zufrieden und warnte die Truppe vor einem angeschlagenen Gegner.<\/p>\n<p>Mit Beginn des zweiten Spielabschnittes setzten die Kicker aus der Sportartikelhochburg alles auf eine Karte und dr\u00e4ngten auf den Anschlu\u00dftreffer. Jedoch fanden diese in einem heute \u00fcberragend agierenden Momo sowie unserem Captain Jojo in der Defensive kein Durchkommen. In der Folgezeit konnten wir uns dank der laufstarken Mittelfeldakteure Tim und Luis wieder mehr Feldvorteile erarbeiten und schn\u00fcrten<br \/>\nden Gegner g\u00e4nzlich in deren H\u00e4lfte ein. Mit zunehmender Spieldauer entwickelte sich ein magisches Dreieck welches auch f\u00fcr die Ergebnisverbesserung sorgte. Manu; Luis und Tim agierten so sicher miteinander, da\u00df man meinen konnte diese spielen schon seit Jahren miteinander. F\u00fcr das 3:0 sorgte erneut Luis. Manu wollte sich nicht lumpen lassen und erh\u00f6hte nach jeweils wundersch\u00f6nem Kombinationsspiel mit einem Doppelpack auf 5:0.<\/p>\n<p>Der n\u00e4chste Treffer wurde durch einen Eckball erzielt. Nachdem sage und schreibe 4!! Eckb\u00e4lle im Vorfeld kl\u00e4glich vergeben wurden, konzentrierte sich der Ausf\u00fchrende diesmal und zirkelte den Ball genau in den Strafraum. Ab hier scheiden sich die Geister. Fakt ist, Luis k\u00f6pfte den Ball Richtung Tor und erwischte Manu so ungl\u00fccklich im Gesicht, da\u00df von diesem der Ball ins Tor sprang! Egal 6:0 f\u00fcr die DJK.<\/p>\n<p>Der Torhunger war noch nicht gestillt. Wiederum ein wundersch\u00f6ne Kombination mit spielerischen Akzenten sorgte f\u00fcr den vielleicht sch\u00f6nsten Treffer der Begegnung. Tim eroberte sich den Ball in der eigenen H\u00e4lfte flankte selbstbewu\u00dft auf die gegen\u00fcberliegende Au\u00dfenbahn auf Manu!! Ja der hat sich mal im R\u00fccken seines Gegenspielers dort hingeschlichen und den Ball auf Luis prallen lassen.#<\/p>\n<p>Dieser t\u00e4uschte links an und ging rechts vorbei und zog ab. 7:0 f\u00fcr die Wiesenwegbrasilianer<\/p>\n<p>Trainer Thomas wechselte jetzt wild durcheinander damit jedes Kind ausreichend Spielzeit bekommt! Ein Spieler wollte sich jedoch nicht mit dem Ergebnis zufrieden geben. Neuzugang Tim eroberte sich im Mittelfeld den Ball und zog aus gef\u00fchlten 20 Metern ab und versenkte den Ball unhaltbar in den Maschen.<\/p>\n<p>So legte man zum Saisonstart mal richtig vor! Wo der Weg hin geht wird sich weisen&#8230;&#8230;&#8230;&#8230;&#8230;.<\/p>\n<p>Aufgebot DJK<br \/>\nDominik K. Dominik S. Jonas; Alex; Jojo; Momo; Luis; Manu; Rick; Tim;<\/p>\n<p>Tore:<br \/>\nManu (4); Luis (3); Tim (1)<\/p>\n","protected":false},"excerpt":{"rendered":"<p>Nach wenigen Trainingseinheiten und vielen Verletzten und einigen Abg\u00e4ngen starteten wir an diesem sch\u00f6nen Sp\u00e4tsommernachmittag in Herzogenaurach bei den Pumas in die neue Saison.<\/p>\n","protected":false},"author":32,"featured_media":0,"comment_status":"open","ping_status":"closed","sticky":false,"template":"","format":"standard","meta":{"jetpack_post_was_ever_published":false,"_jetpack_newsletter_access":"","_jetpack_dont_email_post_to_subs":false,"_jetpack_newsletter_tier_id":0,"_jetpack_memberships_contains_paywalled_content":false,"_jetpack_memberships_contains_paid_content":false,"footnotes":"","jetpack_publicize_message":"","jetpack_publicize_feature_enabled":true,"jetpack_social_post_already_shared":false,"jetpack_social_options":{"image_generator_settings":{"template":"highway","default_image_id":0,"font":"","enabled":false},"version":2}},"categories":[27],"tags":[],"class_list":["post-7721","post","type-post","status-publish","format-standard","hentry","category-u11-e3"],"jetpack_publicize_connections":[],"jetpack_featured_media_url":"","jetpack_shortlink":"https:\/\/wp.me\/p2ZUr0-20x","jetpack_sharing_enabled":true,"_links":{"self":[{"href":"https:\/\/www.djk-erlangen.de\/fussball\/index.php?rest_route=\/wp\/v2\/posts\/7721","targetHints":{"allow":["GET"]}}],"collection":[{"href":"https:\/\/www.djk-erlangen.de\/fussball\/index.php?rest_route=\/wp\/v2\/posts"}],"about":[{"href":"https:\/\/www.djk-erlangen.de\/fussball\/index.php?rest_route=\/wp\/v2\/types\/post"}],"author":[{"embeddable":true,"href":"https:\/\/www.djk-erlangen.de\/fussball\/index.php?rest_route=\/wp\/v2\/users\/32"}],"replies":[{"embeddable":true,"href":"https:\/\/www.djk-erlangen.de\/fussball\/index.php?rest_route=%2Fwp%2Fv2%2Fcomments&post=7721"}],"version-history":[{"count":4,"href":"https:\/\/www.djk-erlangen.de\/fussball\/index.php?rest_route=\/wp\/v2\/posts\/7721\/revisions"}],"predecessor-version":[{"id":7724,"href":"https:\/\/www.djk-erlangen.de\/fussball\/index.php?rest_route=\/wp\/v2\/posts\/7721\/revisions\/7724"}],"wp:attachment":[{"href":"https:\/\/www.djk-erlangen.de\/fussball\/index.php?rest_route=%2Fwp%2Fv2%2Fmedia&parent=7721"}],"wp:term":[{"taxonomy":"category","embeddable":true,"href":"https:\/\/www.djk-erlangen.de\/fussball\/index.php?rest_route=%2Fwp%2Fv2%2Fcategories&post=7721"},{"taxonomy":"post_tag","embeddable":true,"href":"https:\/\/www.djk-erlangen.de\/fussball\/index.php?rest_route=%2Fwp%2Fv2%2Ftags&post=7721"}],"curies":[{"name":"wp","href":"https:\/\/api.w.org\/{rel}","templated":true}]}}