{"id":7676,"date":"2011-09-11T15:19:58","date_gmt":"2011-09-11T13:19:58","guid":{"rendered":"http:\/\/www.djk-erlangen.de\/fussball\/?p=7676"},"modified":"2011-09-17T09:29:47","modified_gmt":"2011-09-17T07:29:47","slug":"e1-volles-programm","status":"publish","type":"post","link":"https:\/\/www.djk-erlangen.de\/fussball\/?p=7676","title":{"rendered":"E1 Volles Programm"},"content":{"rendered":"<p style=\"text-align: justify;\"><strong>Am Samstag den 10.09.<\/strong> war die E1 bei der SpVgg Greuther F\u00fcrth zu einem Freundschaftsspiel eingeladen. Hier ging es vor allem darum, da\u00df die Kinder Fu\u00dfballspielen und das unsere neuen Trainer sehen, wie sich die Jungs im Spielbetrieb nach der langen Sommerpause schlagen. Zur \u00dcberraschung der Jungs fand das Spiel auf Kunstrassen statt.<!--more--><\/p>\n<p style=\"text-align: justify;\">Anschlie\u00dfend wurden wir noch ins Jugendleistungszentrum der SpVgg Greuther F\u00fcrth zum Bundesligaspiel der U17 (F\u00fcrth &#8211; Unterhaching) eingeladen. Vielen Dank an die Greuther und die tolle Unterst\u00fctzung von J\u00fcrgen Lattacher.<\/p>\n<p style=\"text-align: justify;\">\u00a0<strong>Am Sonntag den 11.09.<\/strong> hat uns der ASV Weisendorf zu einem Turnier mit 4 Mannschaften eingeladen (Lonnerstadt, Weisendorf, Hemhofen, DJK Erlangen).<\/p>\n<p style=\"text-align: justify;\">Unsere Jungs haben sich selbst belohnt und den <strong>2. Platz<\/strong> erreicht. Gratulation an alle Kinder f\u00fcr die tolle Leistungen. Danke an die Spieler der E3 f\u00fcr die personelle Unterst\u00fctzung. Vielen Dank den ASV Weisendorf f\u00fcr die Einladung und die super Organisation. \u00dcber eine Einladung 2012 w\u00fcrden wir uns freuen.<\/p>\n<div id=\"attachment_7716\" style=\"width: 610px\" class=\"wp-caption aligncenter\"><a href=\"http:\/\/www.djk-erlangen.de\/fussball\/wp-content\/uploads\/2011\/09\/Weisendorf-11092011-1-1000X666.jpg\"><img loading=\"lazy\" decoding=\"async\" aria-describedby=\"caption-attachment-7716\" class=\"size-full wp-image-7716   \" title=\"Weisendorf 11092011\" src=\"http:\/\/www.djk-erlangen.de\/fussball\/wp-content\/uploads\/2011\/09\/Weisendorf-11092011-1-1000X666.jpg\" alt=\"Weisendorf 11092011\" width=\"600\" height=\"400\" srcset=\"https:\/\/www.djk-erlangen.de\/fussball\/wp-content\/uploads\/2011\/09\/Weisendorf-11092011-1-1000X666.jpg 1000w, https:\/\/www.djk-erlangen.de\/fussball\/wp-content\/uploads\/2011\/09\/Weisendorf-11092011-1-1000X666-150x99.jpg 150w, https:\/\/www.djk-erlangen.de\/fussball\/wp-content\/uploads\/2011\/09\/Weisendorf-11092011-1-1000X666-300x199.jpg 300w\" sizes=\"auto, (max-width: 600px) 100vw, 600px\" \/><\/a><p id=\"caption-attachment-7716\" class=\"wp-caption-text\">Weisendorf 11092011<\/p><\/div>\n","protected":false},"excerpt":{"rendered":"<p>Am Samstag den 10.09. war die E1 bei der SpVgg Greuther F\u00fcrth zu einem Freundschaftsspiel eingeladen. Hier ging es vor allem darum, da\u00df die Kinder Fu\u00dfballspielen und das unsere neuen Trainer sehen, wie sich die Jungs im Spielbetrieb nach der &hellip; <a href=\"https:\/\/www.djk-erlangen.de\/fussball\/?p=7676\">Weiterlesen <span class=\"meta-nav\">&rarr;<\/span><\/a><\/p>\n","protected":false},"author":9,"featured_media":0,"comment_status":"open","ping_status":"closed","sticky":false,"template":"","format":"standard","meta":{"jetpack_post_was_ever_published":false,"_jetpack_newsletter_access":"","_jetpack_dont_email_post_to_subs":false,"_jetpack_newsletter_tier_id":0,"_jetpack_memberships_contains_paywalled_content":false,"_jetpack_memberships_contains_paid_content":false,"footnotes":"","jetpack_publicize_message":"","jetpack_publicize_feature_enabled":true,"jetpack_social_post_already_shared":false,"jetpack_social_options":{"image_generator_settings":{"template":"highway","default_image_id":0,"font":"","enabled":false},"version":2}},"categories":[8],"tags":[],"class_list":["post-7676","post","type-post","status-publish","format-standard","hentry","category-u11-e1"],"jetpack_publicize_connections":[],"jetpack_featured_media_url":"","jetpack_shortlink":"https:\/\/wp.me\/p2ZUr0-1ZO","jetpack_sharing_enabled":true,"_links":{"self":[{"href":"https:\/\/www.djk-erlangen.de\/fussball\/index.php?rest_route=\/wp\/v2\/posts\/7676","targetHints":{"allow":["GET"]}}],"collection":[{"href":"https:\/\/www.djk-erlangen.de\/fussball\/index.php?rest_route=\/wp\/v2\/posts"}],"about":[{"href":"https:\/\/www.djk-erlangen.de\/fussball\/index.php?rest_route=\/wp\/v2\/types\/post"}],"author":[{"embeddable":true,"href":"https:\/\/www.djk-erlangen.de\/fussball\/index.php?rest_route=\/wp\/v2\/users\/9"}],"replies":[{"embeddable":true,"href":"https:\/\/www.djk-erlangen.de\/fussball\/index.php?rest_route=%2Fwp%2Fv2%2Fcomments&post=7676"}],"version-history":[{"count":19,"href":"https:\/\/www.djk-erlangen.de\/fussball\/index.php?rest_route=\/wp\/v2\/posts\/7676\/revisions"}],"predecessor-version":[{"id":7725,"href":"https:\/\/www.djk-erlangen.de\/fussball\/index.php?rest_route=\/wp\/v2\/posts\/7676\/revisions\/7725"}],"wp:attachment":[{"href":"https:\/\/www.djk-erlangen.de\/fussball\/index.php?rest_route=%2Fwp%2Fv2%2Fmedia&parent=7676"}],"wp:term":[{"taxonomy":"category","embeddable":true,"href":"https:\/\/www.djk-erlangen.de\/fussball\/index.php?rest_route=%2Fwp%2Fv2%2Fcategories&post=7676"},{"taxonomy":"post_tag","embeddable":true,"href":"https:\/\/www.djk-erlangen.de\/fussball\/index.php?rest_route=%2Fwp%2Fv2%2Ftags&post=7676"}],"curies":[{"name":"wp","href":"https:\/\/api.w.org\/{rel}","templated":true}]}}