{"id":7250,"date":"2011-07-27T22:27:26","date_gmt":"2011-07-27T20:27:26","guid":{"rendered":"http:\/\/www.djk-erlangen.de\/fussball\/?p=7250"},"modified":"2011-07-28T11:01:02","modified_gmt":"2011-07-28T09:01:02","slug":"ein-kronender-saisonabschlus","status":"publish","type":"post","link":"https:\/\/www.djk-erlangen.de\/fussball\/?p=7250","title":{"rendered":"Ein kr\u00f6nender Saisonabschlu\u00df"},"content":{"rendered":"<p>Zahlreiche F-Jugendliche nebst Eltern und Gro\u00dfeltern zusammen mit vielen G\u00f6nnern unserer DJK trafen sich am Freitag, den 22. Juli 2011 an dem unvollendeten Durchstich des Kosbacher Damms zur Abschlussfahrt .<br \/>\nDer Aufruf der Reiseleitung, p\u00fcnktlich um 14.00 Uhr zu erscheinen, wurde von den Reiseteilnehmern erh\u00f6rt und so konnte der Bus des Reiseunternehmens Tanner aus Dormitz zeitnah mit allen wichtigen Trainingsmaterialien in H\u00fctchen- wie auch Kastenform beladen werden.<br \/>\n<!--more-->Unser Kutscher Norbert, der seine komplette Familie mit an Bord hatte, eroberte sofort die Herzen der Mitreisenden. Die businterne Kakao- und Kaffeebar fand mit Reiseantritt regen Zuspruch. Die Wiesenwegbuben \/ -brasilianer uva. wurden \u00fcber das bordinterne Entertainmentprogramm bestens unterhalten. So wurden selbst die notwendigen Pausen zur Qual, da der Film notd\u00fcrftig unterbrochen werden mu\u00dfte.<\/p>\n<p>Die Reise verging wie im Flug und so war man zur besten Dinner-Zeit im Erlebnisgasthaus &#8222;Lindenhof&#8220; in Eben im Pongau angekommen. Unsere Gastwirtsfamilie Maria und Josef Kirchner begr\u00fc\u00dften uns winkenderweise vom Balkon. Wie im Vorfeld abgesprochen wurde zuerst das Abendessen eingenommen. Die Zimmereinteilung wurde vorher im Bus besprochen und daher ging es relativ entspannt zur Sache. Ehe sich die Trainer und Betreuer versahen, waren die Jungs in Trainingsklamotten umgezogen und absolvierten auf dem hauseigenen Rasen-Flokati eine Trainingseinheit mit Mr. Peter Lober, Deniz und Tobi. Zum Gl\u00fcck hatte der nebenan ans\u00e4ssige UFC Eben ein Spiel im Gro\u00dffeld und so strahlten die Flutlichtmasten unseren Jungs weit in den hoteleigenen Rasenplatz hinein.<\/p>\n<p>Die Reiseleitung k\u00fcmmerte sich zwischenzeitlich um die Entfachung des Lagerfeuers am Tipi. Das war kein Problem! So entflammte das Feuer und die Kinder hatten zus\u00e4tzlich eine Lichtquelle. \u00dcberwacht wurde die Feuerstelle als Verbindungsglied zwischen Fu\u00dfballplatz und Soccercourt durch die Betreuer.<br \/>\nSo langsam aber sicher lichteten sich die Reihen, da die Burschen langsam aber sicher m\u00fcde wurden und sich in ihre jeweiligen Zimmer zur\u00fcckzogen. Zu vorger\u00fcckter Stunde endete somit auch der Anreisetag f\u00fcr den Gro\u00dfteil der Erwachsenen.<\/p>\n<p>Wer meinte, das Fr\u00fchst\u00fcck um 08.00 Uhr am n\u00e4chsten Morgen sei zu fr\u00fch, der irrte sich gewaltig! Wie abgesprochen standen die Jungs ab 07.00 Uhr bereits auf dem Trainingsplatz. Kurzerhand wurde von unseren Gastgebern das Fr\u00fchst\u00fcck vorgezogen.<\/p>\n<p>Nach der morgendlichen St\u00e4rkung waren nun auch die Trainer, welche durch Tobi unterst\u00fctzt wurden, zum Training auf dem Platz. Nach ausgiebigem Aufw\u00e4rmen durften sich die Kinder erstmals mit dem &#8222;H\u00fcgel des Grauens&#8220; vertraut machen. Daran fanden sie unerkl\u00e4rlicherweise soviel Gefallen, dass sie gar nicht mehr aufh\u00f6ren wollten, diesen hinaufzusprinten. Einbremsen konnten wir die Kids eigentlich nur durch ein freies Spiel.<\/p>\n<p>Zum Abschluss des Vormittagstraining stand dann das von allen gew\u00fcnschte Spiel Kinder gegen Eltern an, welches dann allerdings &#8211; um die Chancengleichheit zu wahren &#8211; in zwei gemischte Mannschaften \u00fcberging. So entwickelte sich ein packendes Spiel mit vielen Nicklichkeiten h\u00fcben wie dr\u00fcben. Zum besten Mann der sog. &#8222;Alten&#8220; wurde Topscorer Thomas auserw\u00e4hlt, der durch technische Finessen den Glanz aus der aktiven Zeit mehrfach aufblitzen lie\u00df.<br \/>\nAuch unser Mannschaftsarzt sorgte durch den einen oder anderen Fl\u00fcgellauf f\u00fcr emotionale Ausbr\u00fcche auf der mit vielen Zuschauern ges\u00e4umten Sonnenterasse des Lindenhofs.<\/p>\n<p>Bei den Jungs mu\u00df man wirklich alle erw\u00e4hnen, da diese v\u00f6llig unbefangen in die Zweik\u00e4mpfe gegen die Erwachsenen gingen und vor nichts zur\u00fcckschreckten.<\/p>\n<p>Nach dem Mittagessen organisierten sich die Kinder teilweise selber und verbrachten die Zeit &#8211; wie kann es anders sein &#8211; mit Fu\u00dfball auf dem Platz oder im Soccercourt. Zum Abschluss wurde dann im Kollektiv noch eine Runde<br \/>\nVolleyball gespielt.<\/p>\n<p>W\u00e4hrend dieser Zeit erkundeten zahlreiche Erwachsene die Gegend um das weitl\u00e4ufige Gel\u00e4nde. B\u00f6se Zungen berichteten nach der R\u00fcckkehr, dass sie Sylvester Stallone alias Rocky Balboa bei den Ausdauereinheiten zu Rocky VII getroffen hatten.<\/p>\n<p>Die Reiseleitung organisierte nach R\u00fccksprache mit unserem Chauffeur Norbert dann kurzfristig einen kulturellen Trip in die &#8222;Lichtensteinklamm&#8220; nach St. Johann. Erst war das Gemaule bei den Kindern gro\u00df, doch dann f\u00fcgte man sich den Worten der Trainer und Betreuer.<br \/>\nSchlie\u00dflich sahen es die Kinder dann als weitere sportliche Herausforderung an und wollten in Rekordzeit die Klamm erklimmen. Die Erwachsenen hatten allesamt gro\u00dfe Probleme, dem Tempo der Kinder Paroli zu bieten.<br \/>\nAm Ziel angekommen wurde dann kurz und knapp das sogenannte Gipfelfoto gemacht und nach einer Verschnaufpause der R\u00fcckweg angetreten.<br \/>\nAbgek\u00e4mpft und erleichtert, dass wir keine Verletzten bzw. Verluste zu beklagen hatten, fuhren wir retour in unsere Luxusherberge.<\/p>\n<p>Nach dem Abendessen war dann der Kameradschaftsabend angesagt. Die Jungs durften ihre Sangesk\u00fcnste in der Karaoke-Bar unter Beweis stellen! Der Ausgang ist bis heute ungekl\u00e4rt. Auch hier wird gemunkelt, dass sich ein Duo der Erwachsenen auf den Spuren von Marianne und Michael befand.<\/p>\n<p>Der anstrengende Tag sorgte bei einigen f\u00fcr relativ zeitige Bettruhe und die Unentwegten trafen sich bei mittlerweile herbstlichen Temperaturen und leichtem Regen auf der sog. Sonnenterrasse zum Smalltalk.<br \/>\nDieser endete zu vorger\u00fcckter Stunde in der unendlichen Geschichte. Michael Ende war allerdings nicht zu sehen.<\/p>\n<p>Am fr\u00fchen Sonntag Morgen kam dann das b\u00f6se Erwachen! Dauerregen und ein K\u00e4lteeinbruch, welcher in H\u00f6henlagen von \u00fcber 500 Metern f\u00fcr Schneefall sorgte, tr\u00fcbte die tolle Stimmung. Kurzerhand wurde von Frau Kirchner der Oberb\u00fcrgermeister aus dem Bett geklingelt, um die \u00f6rtliche Sporthalle in Beschlag zu nehmen. Schlie\u00dflich entschieden wir uns dagegen, damit der liebe Herr OB seinen gewohnten sonnt\u00e4glichen Kirchgang<br \/>\nohne au\u00dferordentliche Zusatzbelastungen genie\u00dfen konnte. Schlie\u00dflich sind wir ja dem Di\u00f6zesanverband angeschlossen und konnten so unm\u00f6glich in das sonnt\u00e4gliche Ritual eingreifen.<\/p>\n<p>Vielmehr wurde die Zeit bis zur Abfahrt mit Kicker-, Tischtennis- und Billardturnieren \u00fcberbr\u00fcckt. Das letzte Mal wurde von allen Reiseteilnehmern nochmals geb\u00fchrend angenommen und das sehr nahr- und schmackhafte Salatbuffett war innerhalb k\u00fcrzester Zeit gepl\u00fcndert. F\u00fcr Fam. Kirchner nur eine Herausforderung, nachhaltig f\u00fcr Nachschub zu sorgen. Ebenso wurden die frisch zubereiteten Schweine- und H\u00fchnerschnitzel inkl. Pommes in Rekordzeit vernichtet und Frau Kirchner &#8222;herself&#8220; sorgte f\u00fcr den Nachschub, so dass keiner hungrig vom Tisch gehen mu\u00dfte.<\/p>\n<p>Wohl ges\u00e4ttigt traten wir dann die Heimreise an. Als kr\u00f6nenden Abschluss einer absolut gelungenen Fahrt kehrten wir dann noch so kurz vor den ersten Hei\u00dfhungerattacken der Kinder beim Schachtelwirt in Pfaffenhofen ein. Fahrerisches K\u00f6nnen und Rangierkunst war gefragt! Kein Problem f\u00fcr unseren Kutscher.<br \/>\nWiederum blickten wir in gl\u00e4nzende Kinderaugen und die verbleibenden Kilometer auf der Autobahn gen Heimat wurden mit Filmen wie &#8222;Nachts im Museum II&#8220; oder &#8222;Babyterminator&#8220; und zum Schluss mit &#8222;Kevin allein zuhause&#8220; in aller Ruhe runtergespult.<\/p>\n<p>Das Empfangskommitee am Schulzentrum West war dann auch nach der R\u00fcckkehr v\u00f6llig \u00fcberrascht, so entspannte und vor allem gl\u00fcckliche (Kinder-) Gesichter zu sehen.<\/p>\n<p>An dieser Stelle m\u00f6chte sich die Reiseleitung bei allen Mitfahrern recht herzlich bedanken, dass Ihr alle zu einer gelungenen Fahrt beigetragen habt. Auch gilt unser Dank unserem Kutscher Norbert und seiner Frau Sandra, die f\u00fcr die Kinder die Kakaobar und f\u00fcr die Erwachsenen die Kaffeebar souver\u00e4n bewirtete.\u00a0 Nicht zu vergessen unsere Gastgeber im Lindenhof, der Familie Kirchner, allen voran Maria und Josef, die uns jeden Wunsch von den Lippen abgelesen haben und Gastgeber waren, wie man es sich in einem 4****-Hotel kaum vorstellen kann. Vielen lieben Dank Euch allen, die zum Gelingen dieser Fahrt beigetragen haben.<\/p>\n<p>Die Resonanz war so gro\u00df, da\u00df wir um eine Wiederholung im kommenden Jahr kaum herum kommen werden. Nur w\u00e4re es w\u00fcnschenswert, wenn dann die Teilnehmerzahl von den Kids dominiert wird.<br \/>\nDann brauchen wir auch nicht soviele Extraw\u00fcnsche bei der Zimmerbelegung **gr**<\/p>\n<p>Es war der kr\u00f6nende Saisonabschlu\u00df, bei dem alle Reiseteilnehmer auf ihre Kosten kamen!<br \/>\nVom harten Training, \u00fcber kulturelle Weiterbildung bis hin zum Kom\u00f6dienstadl war alles geboten.<\/p>\n<p>Wenn es Euch gefallen hat, so d\u00fcrft Ihr gerne einen Kommentar abgeben. Wenn nicht, dann behaltet es f\u00fcr Euch oder sagt es uns direkt!<\/p>\n<p>Die Reiseleitung sagt &#8222;Danke&#8220; Euch allen und freut sich auf die gewachsenen Herausforderungen im n\u00e4chsten Jahr!<\/p>\n<p>Eure<br \/>\nThomas und Peter im Namen aller Trainer und Betreuer<\/p>\n\n\t\t<style type=\"text\/css\">\n\t\t\t#gallery-1 {\n\t\t\t\tmargin: auto;\n\t\t\t}\n\t\t\t#gallery-1 .gallery-item {\n\t\t\t\tfloat: left;\n\t\t\t\tmargin-top: 10px;\n\t\t\t\ttext-align: center;\n\t\t\t\twidth: 25%;\n\t\t\t}\n\t\t\t#gallery-1 img {\n\t\t\t\tborder: 2px solid #cfcfcf;\n\t\t\t}\n\t\t\t#gallery-1 .gallery-caption {\n\t\t\t\tmargin-left: 0;\n\t\t\t}\n\t\t\t\/* see gallery_shortcode() in wp-includes\/media.php *\/\n\t\t<\/style>\n\t\t<div id='gallery-1' class='gallery galleryid-7250 gallery-columns-4 gallery-size-thumbnail'><dl class='gallery-item'>\n\t\t\t<dt class='gallery-icon landscape'>\n\t\t\t\t<a href='https:\/\/www.djk-erlangen.de\/fussball\/wp-content\/uploads\/2011\/07\/DJK-07.11-050.jpg'><img loading=\"lazy\" decoding=\"async\" width=\"150\" height=\"100\" src=\"https:\/\/www.djk-erlangen.de\/fussball\/wp-content\/uploads\/2011\/07\/DJK-07.11-050-150x100.jpg\" class=\"attachment-thumbnail size-thumbnail\" alt=\"\" srcset=\"https:\/\/www.djk-erlangen.de\/fussball\/wp-content\/uploads\/2011\/07\/DJK-07.11-050-150x100.jpg 150w, https:\/\/www.djk-erlangen.de\/fussball\/wp-content\/uploads\/2011\/07\/DJK-07.11-050-300x200.jpg 300w, https:\/\/www.djk-erlangen.de\/fussball\/wp-content\/uploads\/2011\/07\/DJK-07.11-050.jpg 640w\" sizes=\"auto, (max-width: 150px) 100vw, 150px\" \/><\/a>\n\t\t\t<\/dt><\/dl><dl class='gallery-item'>\n\t\t\t<dt class='gallery-icon landscape'>\n\t\t\t\t<a href='https:\/\/www.djk-erlangen.de\/fussball\/wp-content\/uploads\/2011\/07\/DJK-07.11-053.jpg'><img loading=\"lazy\" decoding=\"async\" width=\"150\" height=\"100\" src=\"https:\/\/www.djk-erlangen.de\/fussball\/wp-content\/uploads\/2011\/07\/DJK-07.11-053-150x100.jpg\" class=\"attachment-thumbnail size-thumbnail\" alt=\"\" srcset=\"https:\/\/www.djk-erlangen.de\/fussball\/wp-content\/uploads\/2011\/07\/DJK-07.11-053-150x100.jpg 150w, https:\/\/www.djk-erlangen.de\/fussball\/wp-content\/uploads\/2011\/07\/DJK-07.11-053-300x200.jpg 300w, https:\/\/www.djk-erlangen.de\/fussball\/wp-content\/uploads\/2011\/07\/DJK-07.11-053.jpg 640w\" sizes=\"auto, (max-width: 150px) 100vw, 150px\" \/><\/a>\n\t\t\t<\/dt><\/dl><dl class='gallery-item'>\n\t\t\t<dt class='gallery-icon landscape'>\n\t\t\t\t<a href='https:\/\/www.djk-erlangen.de\/fussball\/wp-content\/uploads\/2011\/07\/DJK-07.11-056.jpg'><img loading=\"lazy\" decoding=\"async\" width=\"150\" height=\"100\" src=\"https:\/\/www.djk-erlangen.de\/fussball\/wp-content\/uploads\/2011\/07\/DJK-07.11-056-150x100.jpg\" class=\"attachment-thumbnail size-thumbnail\" alt=\"\" srcset=\"https:\/\/www.djk-erlangen.de\/fussball\/wp-content\/uploads\/2011\/07\/DJK-07.11-056-150x100.jpg 150w, https:\/\/www.djk-erlangen.de\/fussball\/wp-content\/uploads\/2011\/07\/DJK-07.11-056-300x200.jpg 300w, https:\/\/www.djk-erlangen.de\/fussball\/wp-content\/uploads\/2011\/07\/DJK-07.11-056.jpg 640w\" sizes=\"auto, (max-width: 150px) 100vw, 150px\" \/><\/a>\n\t\t\t<\/dt><\/dl><dl class='gallery-item'>\n\t\t\t<dt class='gallery-icon landscape'>\n\t\t\t\t<a href='https:\/\/www.djk-erlangen.de\/fussball\/wp-content\/uploads\/2011\/07\/DJK-07.11-060.jpg'><img loading=\"lazy\" decoding=\"async\" width=\"150\" height=\"100\" src=\"https:\/\/www.djk-erlangen.de\/fussball\/wp-content\/uploads\/2011\/07\/DJK-07.11-060-150x100.jpg\" class=\"attachment-thumbnail size-thumbnail\" alt=\"\" srcset=\"https:\/\/www.djk-erlangen.de\/fussball\/wp-content\/uploads\/2011\/07\/DJK-07.11-060-150x100.jpg 150w, https:\/\/www.djk-erlangen.de\/fussball\/wp-content\/uploads\/2011\/07\/DJK-07.11-060-300x200.jpg 300w, https:\/\/www.djk-erlangen.de\/fussball\/wp-content\/uploads\/2011\/07\/DJK-07.11-060.jpg 640w\" sizes=\"auto, (max-width: 150px) 100vw, 150px\" \/><\/a>\n\t\t\t<\/dt><\/dl><br style=\"clear: both\" \/><dl class='gallery-item'>\n\t\t\t<dt class='gallery-icon landscape'>\n\t\t\t\t<a href='https:\/\/www.djk-erlangen.de\/fussball\/wp-content\/uploads\/2011\/07\/DJK-07.11-062.jpg'><img loading=\"lazy\" decoding=\"async\" width=\"150\" height=\"100\" src=\"https:\/\/www.djk-erlangen.de\/fussball\/wp-content\/uploads\/2011\/07\/DJK-07.11-062-150x100.jpg\" class=\"attachment-thumbnail size-thumbnail\" alt=\"\" srcset=\"https:\/\/www.djk-erlangen.de\/fussball\/wp-content\/uploads\/2011\/07\/DJK-07.11-062-150x100.jpg 150w, https:\/\/www.djk-erlangen.de\/fussball\/wp-content\/uploads\/2011\/07\/DJK-07.11-062-300x200.jpg 300w, https:\/\/www.djk-erlangen.de\/fussball\/wp-content\/uploads\/2011\/07\/DJK-07.11-062.jpg 640w\" sizes=\"auto, (max-width: 150px) 100vw, 150px\" \/><\/a>\n\t\t\t<\/dt><\/dl><dl class='gallery-item'>\n\t\t\t<dt class='gallery-icon landscape'>\n\t\t\t\t<a href='https:\/\/www.djk-erlangen.de\/fussball\/wp-content\/uploads\/2011\/07\/DJK-07.11-064.jpg'><img loading=\"lazy\" decoding=\"async\" width=\"150\" height=\"100\" src=\"https:\/\/www.djk-erlangen.de\/fussball\/wp-content\/uploads\/2011\/07\/DJK-07.11-064-150x100.jpg\" class=\"attachment-thumbnail size-thumbnail\" alt=\"\" srcset=\"https:\/\/www.djk-erlangen.de\/fussball\/wp-content\/uploads\/2011\/07\/DJK-07.11-064-150x100.jpg 150w, https:\/\/www.djk-erlangen.de\/fussball\/wp-content\/uploads\/2011\/07\/DJK-07.11-064-300x200.jpg 300w, https:\/\/www.djk-erlangen.de\/fussball\/wp-content\/uploads\/2011\/07\/DJK-07.11-064.jpg 640w\" sizes=\"auto, (max-width: 150px) 100vw, 150px\" \/><\/a>\n\t\t\t<\/dt><\/dl><dl class='gallery-item'>\n\t\t\t<dt class='gallery-icon landscape'>\n\t\t\t\t<a href='https:\/\/www.djk-erlangen.de\/fussball\/wp-content\/uploads\/2011\/07\/DJK-07.11-066.jpg'><img loading=\"lazy\" decoding=\"async\" width=\"150\" height=\"100\" src=\"https:\/\/www.djk-erlangen.de\/fussball\/wp-content\/uploads\/2011\/07\/DJK-07.11-066-150x100.jpg\" class=\"attachment-thumbnail size-thumbnail\" alt=\"\" srcset=\"https:\/\/www.djk-erlangen.de\/fussball\/wp-content\/uploads\/2011\/07\/DJK-07.11-066-150x100.jpg 150w, https:\/\/www.djk-erlangen.de\/fussball\/wp-content\/uploads\/2011\/07\/DJK-07.11-066-300x200.jpg 300w, https:\/\/www.djk-erlangen.de\/fussball\/wp-content\/uploads\/2011\/07\/DJK-07.11-066.jpg 640w\" sizes=\"auto, (max-width: 150px) 100vw, 150px\" \/><\/a>\n\t\t\t<\/dt><\/dl><dl class='gallery-item'>\n\t\t\t<dt class='gallery-icon landscape'>\n\t\t\t\t<a href='https:\/\/www.djk-erlangen.de\/fussball\/wp-content\/uploads\/2011\/07\/DJK-07.11-071.jpg'><img loading=\"lazy\" decoding=\"async\" width=\"150\" height=\"100\" src=\"https:\/\/www.djk-erlangen.de\/fussball\/wp-content\/uploads\/2011\/07\/DJK-07.11-071-150x100.jpg\" class=\"attachment-thumbnail size-thumbnail\" alt=\"\" srcset=\"https:\/\/www.djk-erlangen.de\/fussball\/wp-content\/uploads\/2011\/07\/DJK-07.11-071-150x100.jpg 150w, https:\/\/www.djk-erlangen.de\/fussball\/wp-content\/uploads\/2011\/07\/DJK-07.11-071-300x200.jpg 300w, https:\/\/www.djk-erlangen.de\/fussball\/wp-content\/uploads\/2011\/07\/DJK-07.11-071.jpg 640w\" sizes=\"auto, (max-width: 150px) 100vw, 150px\" \/><\/a>\n\t\t\t<\/dt><\/dl><br style=\"clear: both\" \/><dl class='gallery-item'>\n\t\t\t<dt class='gallery-icon landscape'>\n\t\t\t\t<a href='https:\/\/www.djk-erlangen.de\/fussball\/wp-content\/uploads\/2011\/07\/DJK-07.11-090.jpg'><img loading=\"lazy\" decoding=\"async\" width=\"150\" height=\"100\" src=\"https:\/\/www.djk-erlangen.de\/fussball\/wp-content\/uploads\/2011\/07\/DJK-07.11-090-150x100.jpg\" class=\"attachment-thumbnail size-thumbnail\" alt=\"\" srcset=\"https:\/\/www.djk-erlangen.de\/fussball\/wp-content\/uploads\/2011\/07\/DJK-07.11-090-150x100.jpg 150w, https:\/\/www.djk-erlangen.de\/fussball\/wp-content\/uploads\/2011\/07\/DJK-07.11-090-300x200.jpg 300w, https:\/\/www.djk-erlangen.de\/fussball\/wp-content\/uploads\/2011\/07\/DJK-07.11-090.jpg 640w\" sizes=\"auto, (max-width: 150px) 100vw, 150px\" \/><\/a>\n\t\t\t<\/dt><\/dl><dl class='gallery-item'>\n\t\t\t<dt class='gallery-icon landscape'>\n\t\t\t\t<a href='https:\/\/www.djk-erlangen.de\/fussball\/wp-content\/uploads\/2011\/07\/DJK-07.11-104.jpg'><img loading=\"lazy\" decoding=\"async\" width=\"150\" height=\"110\" src=\"https:\/\/www.djk-erlangen.de\/fussball\/wp-content\/uploads\/2011\/07\/DJK-07.11-104-150x110.jpg\" class=\"attachment-thumbnail size-thumbnail\" alt=\"\" srcset=\"https:\/\/www.djk-erlangen.de\/fussball\/wp-content\/uploads\/2011\/07\/DJK-07.11-104-150x110.jpg 150w, https:\/\/www.djk-erlangen.de\/fussball\/wp-content\/uploads\/2011\/07\/DJK-07.11-104-300x220.jpg 300w, https:\/\/www.djk-erlangen.de\/fussball\/wp-content\/uploads\/2011\/07\/DJK-07.11-104.jpg 640w\" sizes=\"auto, (max-width: 150px) 100vw, 150px\" \/><\/a>\n\t\t\t<\/dt><\/dl><dl class='gallery-item'>\n\t\t\t<dt class='gallery-icon portrait'>\n\t\t\t\t<a href='https:\/\/www.djk-erlangen.de\/fussball\/wp-content\/uploads\/2011\/07\/DJK-07.11-107.jpg'><img loading=\"lazy\" decoding=\"async\" width=\"112\" height=\"150\" src=\"https:\/\/www.djk-erlangen.de\/fussball\/wp-content\/uploads\/2011\/07\/DJK-07.11-107-112x150.jpg\" class=\"attachment-thumbnail size-thumbnail\" alt=\"\" srcset=\"https:\/\/www.djk-erlangen.de\/fussball\/wp-content\/uploads\/2011\/07\/DJK-07.11-107-112x150.jpg 112w, https:\/\/www.djk-erlangen.de\/fussball\/wp-content\/uploads\/2011\/07\/DJK-07.11-107-225x300.jpg 225w, https:\/\/www.djk-erlangen.de\/fussball\/wp-content\/uploads\/2011\/07\/DJK-07.11-107.jpg 480w\" sizes=\"auto, (max-width: 112px) 100vw, 112px\" \/><\/a>\n\t\t\t<\/dt><\/dl><dl class='gallery-item'>\n\t\t\t<dt class='gallery-icon landscape'>\n\t\t\t\t<a href='https:\/\/www.djk-erlangen.de\/fussball\/wp-content\/uploads\/2011\/07\/DJK-07.11-108.jpg'><img loading=\"lazy\" decoding=\"async\" width=\"150\" height=\"112\" src=\"https:\/\/www.djk-erlangen.de\/fussball\/wp-content\/uploads\/2011\/07\/DJK-07.11-108-150x112.jpg\" class=\"attachment-thumbnail size-thumbnail\" alt=\"\" srcset=\"https:\/\/www.djk-erlangen.de\/fussball\/wp-content\/uploads\/2011\/07\/DJK-07.11-108-150x112.jpg 150w, https:\/\/www.djk-erlangen.de\/fussball\/wp-content\/uploads\/2011\/07\/DJK-07.11-108-300x225.jpg 300w, https:\/\/www.djk-erlangen.de\/fussball\/wp-content\/uploads\/2011\/07\/DJK-07.11-108.jpg 640w\" sizes=\"auto, (max-width: 150px) 100vw, 150px\" \/><\/a>\n\t\t\t<\/dt><\/dl><br style=\"clear: both\" \/><dl class='gallery-item'>\n\t\t\t<dt class='gallery-icon portrait'>\n\t\t\t\t<a href='https:\/\/www.djk-erlangen.de\/fussball\/wp-content\/uploads\/2011\/07\/DJK-07.11-113.jpg'><img loading=\"lazy\" decoding=\"async\" width=\"112\" height=\"150\" src=\"https:\/\/www.djk-erlangen.de\/fussball\/wp-content\/uploads\/2011\/07\/DJK-07.11-113-112x150.jpg\" class=\"attachment-thumbnail size-thumbnail\" alt=\"\" srcset=\"https:\/\/www.djk-erlangen.de\/fussball\/wp-content\/uploads\/2011\/07\/DJK-07.11-113-112x150.jpg 112w, https:\/\/www.djk-erlangen.de\/fussball\/wp-content\/uploads\/2011\/07\/DJK-07.11-113-225x300.jpg 225w, https:\/\/www.djk-erlangen.de\/fussball\/wp-content\/uploads\/2011\/07\/DJK-07.11-113.jpg 480w\" sizes=\"auto, (max-width: 112px) 100vw, 112px\" \/><\/a>\n\t\t\t<\/dt><\/dl><dl class='gallery-item'>\n\t\t\t<dt class='gallery-icon portrait'>\n\t\t\t\t<a href='https:\/\/www.djk-erlangen.de\/fussball\/wp-content\/uploads\/2011\/07\/DJK-07.11-117.jpg'><img loading=\"lazy\" decoding=\"async\" width=\"112\" height=\"150\" src=\"https:\/\/www.djk-erlangen.de\/fussball\/wp-content\/uploads\/2011\/07\/DJK-07.11-117-112x150.jpg\" class=\"attachment-thumbnail size-thumbnail\" alt=\"\" srcset=\"https:\/\/www.djk-erlangen.de\/fussball\/wp-content\/uploads\/2011\/07\/DJK-07.11-117-112x150.jpg 112w, https:\/\/www.djk-erlangen.de\/fussball\/wp-content\/uploads\/2011\/07\/DJK-07.11-117-225x300.jpg 225w, https:\/\/www.djk-erlangen.de\/fussball\/wp-content\/uploads\/2011\/07\/DJK-07.11-117.jpg 480w\" sizes=\"auto, (max-width: 112px) 100vw, 112px\" \/><\/a>\n\t\t\t<\/dt><\/dl><dl class='gallery-item'>\n\t\t\t<dt class='gallery-icon portrait'>\n\t\t\t\t<a href='https:\/\/www.djk-erlangen.de\/fussball\/wp-content\/uploads\/2011\/07\/DJK-07.11-123.jpg'><img loading=\"lazy\" decoding=\"async\" width=\"112\" height=\"150\" src=\"https:\/\/www.djk-erlangen.de\/fussball\/wp-content\/uploads\/2011\/07\/DJK-07.11-123-112x150.jpg\" class=\"attachment-thumbnail size-thumbnail\" alt=\"\" srcset=\"https:\/\/www.djk-erlangen.de\/fussball\/wp-content\/uploads\/2011\/07\/DJK-07.11-123-112x150.jpg 112w, https:\/\/www.djk-erlangen.de\/fussball\/wp-content\/uploads\/2011\/07\/DJK-07.11-123-225x300.jpg 225w, https:\/\/www.djk-erlangen.de\/fussball\/wp-content\/uploads\/2011\/07\/DJK-07.11-123.jpg 480w\" sizes=\"auto, (max-width: 112px) 100vw, 112px\" \/><\/a>\n\t\t\t<\/dt><\/dl><dl class='gallery-item'>\n\t\t\t<dt class='gallery-icon portrait'>\n\t\t\t\t<a href='https:\/\/www.djk-erlangen.de\/fussball\/wp-content\/uploads\/2011\/07\/DJK-07.11-130.jpg'><img loading=\"lazy\" decoding=\"async\" width=\"112\" height=\"150\" src=\"https:\/\/www.djk-erlangen.de\/fussball\/wp-content\/uploads\/2011\/07\/DJK-07.11-130-112x150.jpg\" class=\"attachment-thumbnail size-thumbnail\" alt=\"\" srcset=\"https:\/\/www.djk-erlangen.de\/fussball\/wp-content\/uploads\/2011\/07\/DJK-07.11-130-112x150.jpg 112w, https:\/\/www.djk-erlangen.de\/fussball\/wp-content\/uploads\/2011\/07\/DJK-07.11-130-225x300.jpg 225w, https:\/\/www.djk-erlangen.de\/fussball\/wp-content\/uploads\/2011\/07\/DJK-07.11-130.jpg 480w\" sizes=\"auto, (max-width: 112px) 100vw, 112px\" \/><\/a>\n\t\t\t<\/dt><\/dl><br style=\"clear: both\" \/><dl class='gallery-item'>\n\t\t\t<dt class='gallery-icon portrait'>\n\t\t\t\t<a href='https:\/\/www.djk-erlangen.de\/fussball\/wp-content\/uploads\/2011\/07\/DJK-07.11-131.jpg'><img loading=\"lazy\" decoding=\"async\" width=\"112\" height=\"150\" src=\"https:\/\/www.djk-erlangen.de\/fussball\/wp-content\/uploads\/2011\/07\/DJK-07.11-131-112x150.jpg\" class=\"attachment-thumbnail size-thumbnail\" alt=\"\" srcset=\"https:\/\/www.djk-erlangen.de\/fussball\/wp-content\/uploads\/2011\/07\/DJK-07.11-131-112x150.jpg 112w, https:\/\/www.djk-erlangen.de\/fussball\/wp-content\/uploads\/2011\/07\/DJK-07.11-131-225x300.jpg 225w, https:\/\/www.djk-erlangen.de\/fussball\/wp-content\/uploads\/2011\/07\/DJK-07.11-131.jpg 480w\" sizes=\"auto, (max-width: 112px) 100vw, 112px\" \/><\/a>\n\t\t\t<\/dt><\/dl><dl class='gallery-item'>\n\t\t\t<dt class='gallery-icon landscape'>\n\t\t\t\t<a href='https:\/\/www.djk-erlangen.de\/fussball\/wp-content\/uploads\/2011\/07\/DJK-07.11-142.jpg'><img loading=\"lazy\" decoding=\"async\" width=\"150\" height=\"112\" src=\"https:\/\/www.djk-erlangen.de\/fussball\/wp-content\/uploads\/2011\/07\/DJK-07.11-142-150x112.jpg\" class=\"attachment-thumbnail size-thumbnail\" alt=\"\" srcset=\"https:\/\/www.djk-erlangen.de\/fussball\/wp-content\/uploads\/2011\/07\/DJK-07.11-142-150x112.jpg 150w, https:\/\/www.djk-erlangen.de\/fussball\/wp-content\/uploads\/2011\/07\/DJK-07.11-142-300x225.jpg 300w, https:\/\/www.djk-erlangen.de\/fussball\/wp-content\/uploads\/2011\/07\/DJK-07.11-142.jpg 640w\" sizes=\"auto, (max-width: 150px) 100vw, 150px\" \/><\/a>\n\t\t\t<\/dt><\/dl><dl class='gallery-item'>\n\t\t\t<dt class='gallery-icon portrait'>\n\t\t\t\t<a href='https:\/\/www.djk-erlangen.de\/fussball\/wp-content\/uploads\/2011\/07\/DJK-07.11-157.jpg'><img loading=\"lazy\" decoding=\"async\" width=\"112\" height=\"150\" src=\"https:\/\/www.djk-erlangen.de\/fussball\/wp-content\/uploads\/2011\/07\/DJK-07.11-157-112x150.jpg\" class=\"attachment-thumbnail size-thumbnail\" alt=\"\" srcset=\"https:\/\/www.djk-erlangen.de\/fussball\/wp-content\/uploads\/2011\/07\/DJK-07.11-157-112x150.jpg 112w, https:\/\/www.djk-erlangen.de\/fussball\/wp-content\/uploads\/2011\/07\/DJK-07.11-157-225x300.jpg 225w, https:\/\/www.djk-erlangen.de\/fussball\/wp-content\/uploads\/2011\/07\/DJK-07.11-157.jpg 480w\" sizes=\"auto, (max-width: 112px) 100vw, 112px\" \/><\/a>\n\t\t\t<\/dt><\/dl><dl class='gallery-item'>\n\t\t\t<dt class='gallery-icon landscape'>\n\t\t\t\t<a href='https:\/\/www.djk-erlangen.de\/fussball\/wp-content\/uploads\/2011\/07\/DJK-07.11-163.jpg'><img loading=\"lazy\" decoding=\"async\" width=\"150\" height=\"100\" src=\"https:\/\/www.djk-erlangen.de\/fussball\/wp-content\/uploads\/2011\/07\/DJK-07.11-163-150x100.jpg\" class=\"attachment-thumbnail size-thumbnail\" alt=\"\" srcset=\"https:\/\/www.djk-erlangen.de\/fussball\/wp-content\/uploads\/2011\/07\/DJK-07.11-163-150x100.jpg 150w, https:\/\/www.djk-erlangen.de\/fussball\/wp-content\/uploads\/2011\/07\/DJK-07.11-163-300x200.jpg 300w, https:\/\/www.djk-erlangen.de\/fussball\/wp-content\/uploads\/2011\/07\/DJK-07.11-163.jpg 640w\" sizes=\"auto, (max-width: 150px) 100vw, 150px\" \/><\/a>\n\t\t\t<\/dt><\/dl><br style=\"clear: both\" \/><dl class='gallery-item'>\n\t\t\t<dt class='gallery-icon portrait'>\n\t\t\t\t<a href='https:\/\/www.djk-erlangen.de\/fussball\/wp-content\/uploads\/2011\/07\/DJK-07.11-165.jpg'><img loading=\"lazy\" decoding=\"async\" width=\"100\" height=\"150\" src=\"https:\/\/www.djk-erlangen.de\/fussball\/wp-content\/uploads\/2011\/07\/DJK-07.11-165-100x150.jpg\" class=\"attachment-thumbnail size-thumbnail\" alt=\"\" srcset=\"https:\/\/www.djk-erlangen.de\/fussball\/wp-content\/uploads\/2011\/07\/DJK-07.11-165-100x150.jpg 100w, https:\/\/www.djk-erlangen.de\/fussball\/wp-content\/uploads\/2011\/07\/DJK-07.11-165-200x300.jpg 200w, https:\/\/www.djk-erlangen.de\/fussball\/wp-content\/uploads\/2011\/07\/DJK-07.11-165.jpg 427w\" sizes=\"auto, (max-width: 100px) 100vw, 100px\" \/><\/a>\n\t\t\t<\/dt><\/dl><dl class='gallery-item'>\n\t\t\t<dt class='gallery-icon portrait'>\n\t\t\t\t<a href='https:\/\/www.djk-erlangen.de\/fussball\/wp-content\/uploads\/2011\/07\/DJK-07.11-167.jpg'><img loading=\"lazy\" decoding=\"async\" width=\"100\" height=\"150\" src=\"https:\/\/www.djk-erlangen.de\/fussball\/wp-content\/uploads\/2011\/07\/DJK-07.11-167-100x150.jpg\" class=\"attachment-thumbnail size-thumbnail\" alt=\"\" srcset=\"https:\/\/www.djk-erlangen.de\/fussball\/wp-content\/uploads\/2011\/07\/DJK-07.11-167-100x150.jpg 100w, https:\/\/www.djk-erlangen.de\/fussball\/wp-content\/uploads\/2011\/07\/DJK-07.11-167-200x300.jpg 200w, https:\/\/www.djk-erlangen.de\/fussball\/wp-content\/uploads\/2011\/07\/DJK-07.11-167.jpg 427w\" sizes=\"auto, (max-width: 100px) 100vw, 100px\" \/><\/a>\n\t\t\t<\/dt><\/dl><dl class='gallery-item'>\n\t\t\t<dt class='gallery-icon portrait'>\n\t\t\t\t<a href='https:\/\/www.djk-erlangen.de\/fussball\/wp-content\/uploads\/2011\/07\/DJK-07.11-169.jpg'><img loading=\"lazy\" decoding=\"async\" width=\"100\" height=\"150\" src=\"https:\/\/www.djk-erlangen.de\/fussball\/wp-content\/uploads\/2011\/07\/DJK-07.11-169-100x150.jpg\" class=\"attachment-thumbnail size-thumbnail\" alt=\"\" srcset=\"https:\/\/www.djk-erlangen.de\/fussball\/wp-content\/uploads\/2011\/07\/DJK-07.11-169-100x150.jpg 100w, https:\/\/www.djk-erlangen.de\/fussball\/wp-content\/uploads\/2011\/07\/DJK-07.11-169-200x300.jpg 200w, https:\/\/www.djk-erlangen.de\/fussball\/wp-content\/uploads\/2011\/07\/DJK-07.11-169.jpg 427w\" sizes=\"auto, (max-width: 100px) 100vw, 100px\" \/><\/a>\n\t\t\t<\/dt><\/dl><dl class='gallery-item'>\n\t\t\t<dt class='gallery-icon portrait'>\n\t\t\t\t<a href='https:\/\/www.djk-erlangen.de\/fussball\/wp-content\/uploads\/2011\/07\/DSCF19871.jpg'><img loading=\"lazy\" decoding=\"async\" width=\"112\" height=\"150\" src=\"https:\/\/www.djk-erlangen.de\/fussball\/wp-content\/uploads\/2011\/07\/DSCF19871-112x150.jpg\" class=\"attachment-thumbnail size-thumbnail\" alt=\"\" srcset=\"https:\/\/www.djk-erlangen.de\/fussball\/wp-content\/uploads\/2011\/07\/DSCF19871-112x150.jpg 112w, https:\/\/www.djk-erlangen.de\/fussball\/wp-content\/uploads\/2011\/07\/DSCF19871-225x300.jpg 225w, https:\/\/www.djk-erlangen.de\/fussball\/wp-content\/uploads\/2011\/07\/DSCF19871.jpg 480w\" sizes=\"auto, (max-width: 112px) 100vw, 112px\" \/><\/a>\n\t\t\t<\/dt><\/dl><br style=\"clear: both\" \/><dl class='gallery-item'>\n\t\t\t<dt class='gallery-icon portrait'>\n\t\t\t\t<a href='https:\/\/www.djk-erlangen.de\/fussball\/wp-content\/uploads\/2011\/07\/DSCF1988.jpg'><img loading=\"lazy\" decoding=\"async\" width=\"112\" height=\"150\" src=\"https:\/\/www.djk-erlangen.de\/fussball\/wp-content\/uploads\/2011\/07\/DSCF1988-112x150.jpg\" class=\"attachment-thumbnail size-thumbnail\" alt=\"\" srcset=\"https:\/\/www.djk-erlangen.de\/fussball\/wp-content\/uploads\/2011\/07\/DSCF1988-112x150.jpg 112w, https:\/\/www.djk-erlangen.de\/fussball\/wp-content\/uploads\/2011\/07\/DSCF1988-225x300.jpg 225w, https:\/\/www.djk-erlangen.de\/fussball\/wp-content\/uploads\/2011\/07\/DSCF1988.jpg 480w\" sizes=\"auto, (max-width: 112px) 100vw, 112px\" \/><\/a>\n\t\t\t<\/dt><\/dl><dl class='gallery-item'>\n\t\t\t<dt class='gallery-icon portrait'>\n\t\t\t\t<a href='https:\/\/www.djk-erlangen.de\/fussball\/wp-content\/uploads\/2011\/07\/DSCF1989.jpg'><img loading=\"lazy\" decoding=\"async\" width=\"112\" height=\"150\" src=\"https:\/\/www.djk-erlangen.de\/fussball\/wp-content\/uploads\/2011\/07\/DSCF1989-112x150.jpg\" class=\"attachment-thumbnail size-thumbnail\" alt=\"\" srcset=\"https:\/\/www.djk-erlangen.de\/fussball\/wp-content\/uploads\/2011\/07\/DSCF1989-112x150.jpg 112w, https:\/\/www.djk-erlangen.de\/fussball\/wp-content\/uploads\/2011\/07\/DSCF1989-225x300.jpg 225w, https:\/\/www.djk-erlangen.de\/fussball\/wp-content\/uploads\/2011\/07\/DSCF1989.jpg 480w\" sizes=\"auto, (max-width: 112px) 100vw, 112px\" \/><\/a>\n\t\t\t<\/dt><\/dl><dl class='gallery-item'>\n\t\t\t<dt class='gallery-icon landscape'>\n\t\t\t\t<a href='https:\/\/www.djk-erlangen.de\/fussball\/wp-content\/uploads\/2011\/07\/DSCF1990.jpg'><img loading=\"lazy\" decoding=\"async\" width=\"150\" height=\"112\" src=\"https:\/\/www.djk-erlangen.de\/fussball\/wp-content\/uploads\/2011\/07\/DSCF1990-150x112.jpg\" class=\"attachment-thumbnail size-thumbnail\" alt=\"\" srcset=\"https:\/\/www.djk-erlangen.de\/fussball\/wp-content\/uploads\/2011\/07\/DSCF1990-150x112.jpg 150w, https:\/\/www.djk-erlangen.de\/fussball\/wp-content\/uploads\/2011\/07\/DSCF1990-300x225.jpg 300w, https:\/\/www.djk-erlangen.de\/fussball\/wp-content\/uploads\/2011\/07\/DSCF1990.jpg 640w\" sizes=\"auto, (max-width: 150px) 100vw, 150px\" \/><\/a>\n\t\t\t<\/dt><\/dl><dl class='gallery-item'>\n\t\t\t<dt class='gallery-icon landscape'>\n\t\t\t\t<a href='https:\/\/www.djk-erlangen.de\/fussball\/wp-content\/uploads\/2011\/07\/DSCF1991.jpg'><img loading=\"lazy\" decoding=\"async\" width=\"150\" height=\"112\" src=\"https:\/\/www.djk-erlangen.de\/fussball\/wp-content\/uploads\/2011\/07\/DSCF1991-150x112.jpg\" class=\"attachment-thumbnail size-thumbnail\" alt=\"\" srcset=\"https:\/\/www.djk-erlangen.de\/fussball\/wp-content\/uploads\/2011\/07\/DSCF1991-150x112.jpg 150w, https:\/\/www.djk-erlangen.de\/fussball\/wp-content\/uploads\/2011\/07\/DSCF1991-300x225.jpg 300w, https:\/\/www.djk-erlangen.de\/fussball\/wp-content\/uploads\/2011\/07\/DSCF1991.jpg 640w\" sizes=\"auto, (max-width: 150px) 100vw, 150px\" \/><\/a>\n\t\t\t<\/dt><\/dl><br style=\"clear: both\" \/><dl class='gallery-item'>\n\t\t\t<dt class='gallery-icon landscape'>\n\t\t\t\t<a href='https:\/\/www.djk-erlangen.de\/fussball\/wp-content\/uploads\/2011\/07\/DSCF1992.jpg'><img loading=\"lazy\" decoding=\"async\" width=\"150\" height=\"112\" src=\"https:\/\/www.djk-erlangen.de\/fussball\/wp-content\/uploads\/2011\/07\/DSCF1992-150x112.jpg\" class=\"attachment-thumbnail size-thumbnail\" alt=\"\" srcset=\"https:\/\/www.djk-erlangen.de\/fussball\/wp-content\/uploads\/2011\/07\/DSCF1992-150x112.jpg 150w, https:\/\/www.djk-erlangen.de\/fussball\/wp-content\/uploads\/2011\/07\/DSCF1992-300x225.jpg 300w, https:\/\/www.djk-erlangen.de\/fussball\/wp-content\/uploads\/2011\/07\/DSCF1992.jpg 640w\" sizes=\"auto, (max-width: 150px) 100vw, 150px\" \/><\/a>\n\t\t\t<\/dt><\/dl><dl class='gallery-item'>\n\t\t\t<dt class='gallery-icon landscape'>\n\t\t\t\t<a href='https:\/\/www.djk-erlangen.de\/fussball\/wp-content\/uploads\/2011\/07\/DSCF1993.jpg'><img loading=\"lazy\" decoding=\"async\" width=\"150\" height=\"112\" src=\"https:\/\/www.djk-erlangen.de\/fussball\/wp-content\/uploads\/2011\/07\/DSCF1993-150x112.jpg\" class=\"attachment-thumbnail size-thumbnail\" alt=\"\" srcset=\"https:\/\/www.djk-erlangen.de\/fussball\/wp-content\/uploads\/2011\/07\/DSCF1993-150x112.jpg 150w, https:\/\/www.djk-erlangen.de\/fussball\/wp-content\/uploads\/2011\/07\/DSCF1993-300x225.jpg 300w, https:\/\/www.djk-erlangen.de\/fussball\/wp-content\/uploads\/2011\/07\/DSCF1993.jpg 640w\" sizes=\"auto, (max-width: 150px) 100vw, 150px\" \/><\/a>\n\t\t\t<\/dt><\/dl><dl class='gallery-item'>\n\t\t\t<dt class='gallery-icon portrait'>\n\t\t\t\t<a href='https:\/\/www.djk-erlangen.de\/fussball\/wp-content\/uploads\/2011\/07\/DSCF1994.jpg'><img loading=\"lazy\" decoding=\"async\" width=\"112\" height=\"150\" src=\"https:\/\/www.djk-erlangen.de\/fussball\/wp-content\/uploads\/2011\/07\/DSCF1994-112x150.jpg\" class=\"attachment-thumbnail size-thumbnail\" alt=\"\" srcset=\"https:\/\/www.djk-erlangen.de\/fussball\/wp-content\/uploads\/2011\/07\/DSCF1994-112x150.jpg 112w, https:\/\/www.djk-erlangen.de\/fussball\/wp-content\/uploads\/2011\/07\/DSCF1994-225x300.jpg 225w, https:\/\/www.djk-erlangen.de\/fussball\/wp-content\/uploads\/2011\/07\/DSCF1994.jpg 480w\" sizes=\"auto, (max-width: 112px) 100vw, 112px\" \/><\/a>\n\t\t\t<\/dt><\/dl><dl class='gallery-item'>\n\t\t\t<dt class='gallery-icon portrait'>\n\t\t\t\t<a href='https:\/\/www.djk-erlangen.de\/fussball\/wp-content\/uploads\/2011\/07\/DSCF1995.jpg'><img loading=\"lazy\" decoding=\"async\" width=\"112\" height=\"150\" src=\"https:\/\/www.djk-erlangen.de\/fussball\/wp-content\/uploads\/2011\/07\/DSCF1995-112x150.jpg\" class=\"attachment-thumbnail size-thumbnail\" alt=\"\" srcset=\"https:\/\/www.djk-erlangen.de\/fussball\/wp-content\/uploads\/2011\/07\/DSCF1995-112x150.jpg 112w, https:\/\/www.djk-erlangen.de\/fussball\/wp-content\/uploads\/2011\/07\/DSCF1995-225x300.jpg 225w, https:\/\/www.djk-erlangen.de\/fussball\/wp-content\/uploads\/2011\/07\/DSCF1995.jpg 480w\" sizes=\"auto, (max-width: 112px) 100vw, 112px\" \/><\/a>\n\t\t\t<\/dt><\/dl><br style=\"clear: both\" \/><dl class='gallery-item'>\n\t\t\t<dt class='gallery-icon landscape'>\n\t\t\t\t<a href='https:\/\/www.djk-erlangen.de\/fussball\/wp-content\/uploads\/2011\/07\/DSCF1996.jpg'><img loading=\"lazy\" decoding=\"async\" width=\"150\" height=\"112\" src=\"https:\/\/www.djk-erlangen.de\/fussball\/wp-content\/uploads\/2011\/07\/DSCF1996-150x112.jpg\" class=\"attachment-thumbnail size-thumbnail\" alt=\"\" srcset=\"https:\/\/www.djk-erlangen.de\/fussball\/wp-content\/uploads\/2011\/07\/DSCF1996-150x112.jpg 150w, https:\/\/www.djk-erlangen.de\/fussball\/wp-content\/uploads\/2011\/07\/DSCF1996-300x225.jpg 300w, https:\/\/www.djk-erlangen.de\/fussball\/wp-content\/uploads\/2011\/07\/DSCF1996.jpg 640w\" sizes=\"auto, (max-width: 150px) 100vw, 150px\" \/><\/a>\n\t\t\t<\/dt><\/dl><dl class='gallery-item'>\n\t\t\t<dt class='gallery-icon portrait'>\n\t\t\t\t<a href='https:\/\/www.djk-erlangen.de\/fussball\/wp-content\/uploads\/2011\/07\/DSCF1997.jpg'><img loading=\"lazy\" decoding=\"async\" width=\"112\" height=\"150\" src=\"https:\/\/www.djk-erlangen.de\/fussball\/wp-content\/uploads\/2011\/07\/DSCF1997-112x150.jpg\" class=\"attachment-thumbnail size-thumbnail\" alt=\"\" srcset=\"https:\/\/www.djk-erlangen.de\/fussball\/wp-content\/uploads\/2011\/07\/DSCF1997-112x150.jpg 112w, https:\/\/www.djk-erlangen.de\/fussball\/wp-content\/uploads\/2011\/07\/DSCF1997-225x300.jpg 225w, https:\/\/www.djk-erlangen.de\/fussball\/wp-content\/uploads\/2011\/07\/DSCF1997.jpg 480w\" sizes=\"auto, (max-width: 112px) 100vw, 112px\" \/><\/a>\n\t\t\t<\/dt><\/dl><dl class='gallery-item'>\n\t\t\t<dt class='gallery-icon portrait'>\n\t\t\t\t<a href='https:\/\/www.djk-erlangen.de\/fussball\/wp-content\/uploads\/2011\/07\/DSCF1998.jpg'><img loading=\"lazy\" decoding=\"async\" width=\"112\" height=\"150\" src=\"https:\/\/www.djk-erlangen.de\/fussball\/wp-content\/uploads\/2011\/07\/DSCF1998-112x150.jpg\" class=\"attachment-thumbnail size-thumbnail\" alt=\"\" srcset=\"https:\/\/www.djk-erlangen.de\/fussball\/wp-content\/uploads\/2011\/07\/DSCF1998-112x150.jpg 112w, https:\/\/www.djk-erlangen.de\/fussball\/wp-content\/uploads\/2011\/07\/DSCF1998-225x300.jpg 225w, https:\/\/www.djk-erlangen.de\/fussball\/wp-content\/uploads\/2011\/07\/DSCF1998.jpg 480w\" sizes=\"auto, (max-width: 112px) 100vw, 112px\" \/><\/a>\n\t\t\t<\/dt><\/dl><dl class='gallery-item'>\n\t\t\t<dt class='gallery-icon portrait'>\n\t\t\t\t<a href='https:\/\/www.djk-erlangen.de\/fussball\/wp-content\/uploads\/2011\/07\/DSCF1999.jpg'><img loading=\"lazy\" decoding=\"async\" width=\"112\" height=\"150\" src=\"https:\/\/www.djk-erlangen.de\/fussball\/wp-content\/uploads\/2011\/07\/DSCF1999-112x150.jpg\" class=\"attachment-thumbnail size-thumbnail\" alt=\"\" srcset=\"https:\/\/www.djk-erlangen.de\/fussball\/wp-content\/uploads\/2011\/07\/DSCF1999-112x150.jpg 112w, https:\/\/www.djk-erlangen.de\/fussball\/wp-content\/uploads\/2011\/07\/DSCF1999-225x300.jpg 225w, https:\/\/www.djk-erlangen.de\/fussball\/wp-content\/uploads\/2011\/07\/DSCF1999.jpg 480w\" sizes=\"auto, (max-width: 112px) 100vw, 112px\" \/><\/a>\n\t\t\t<\/dt><\/dl><br style=\"clear: both\" \/><dl class='gallery-item'>\n\t\t\t<dt class='gallery-icon landscape'>\n\t\t\t\t<a href='https:\/\/www.djk-erlangen.de\/fussball\/wp-content\/uploads\/2011\/07\/DSCF2000.jpg'><img loading=\"lazy\" decoding=\"async\" width=\"150\" height=\"112\" src=\"https:\/\/www.djk-erlangen.de\/fussball\/wp-content\/uploads\/2011\/07\/DSCF2000-150x112.jpg\" class=\"attachment-thumbnail size-thumbnail\" alt=\"\" srcset=\"https:\/\/www.djk-erlangen.de\/fussball\/wp-content\/uploads\/2011\/07\/DSCF2000-150x112.jpg 150w, https:\/\/www.djk-erlangen.de\/fussball\/wp-content\/uploads\/2011\/07\/DSCF2000-300x225.jpg 300w, https:\/\/www.djk-erlangen.de\/fussball\/wp-content\/uploads\/2011\/07\/DSCF2000.jpg 640w\" sizes=\"auto, (max-width: 150px) 100vw, 150px\" \/><\/a>\n\t\t\t<\/dt><\/dl><dl class='gallery-item'>\n\t\t\t<dt class='gallery-icon portrait'>\n\t\t\t\t<a href='https:\/\/www.djk-erlangen.de\/fussball\/wp-content\/uploads\/2011\/07\/DSCF2001.jpg'><img loading=\"lazy\" decoding=\"async\" width=\"112\" height=\"150\" src=\"https:\/\/www.djk-erlangen.de\/fussball\/wp-content\/uploads\/2011\/07\/DSCF2001-112x150.jpg\" class=\"attachment-thumbnail size-thumbnail\" alt=\"\" srcset=\"https:\/\/www.djk-erlangen.de\/fussball\/wp-content\/uploads\/2011\/07\/DSCF2001-112x150.jpg 112w, https:\/\/www.djk-erlangen.de\/fussball\/wp-content\/uploads\/2011\/07\/DSCF2001-225x300.jpg 225w, https:\/\/www.djk-erlangen.de\/fussball\/wp-content\/uploads\/2011\/07\/DSCF2001.jpg 480w\" sizes=\"auto, (max-width: 112px) 100vw, 112px\" \/><\/a>\n\t\t\t<\/dt><\/dl><dl class='gallery-item'>\n\t\t\t<dt class='gallery-icon portrait'>\n\t\t\t\t<a href='https:\/\/www.djk-erlangen.de\/fussball\/wp-content\/uploads\/2011\/07\/DSCF2002.jpg'><img loading=\"lazy\" decoding=\"async\" width=\"112\" height=\"150\" src=\"https:\/\/www.djk-erlangen.de\/fussball\/wp-content\/uploads\/2011\/07\/DSCF2002-112x150.jpg\" class=\"attachment-thumbnail size-thumbnail\" alt=\"\" srcset=\"https:\/\/www.djk-erlangen.de\/fussball\/wp-content\/uploads\/2011\/07\/DSCF2002-112x150.jpg 112w, https:\/\/www.djk-erlangen.de\/fussball\/wp-content\/uploads\/2011\/07\/DSCF2002-225x300.jpg 225w, https:\/\/www.djk-erlangen.de\/fussball\/wp-content\/uploads\/2011\/07\/DSCF2002.jpg 480w\" sizes=\"auto, (max-width: 112px) 100vw, 112px\" \/><\/a>\n\t\t\t<\/dt><\/dl><dl class='gallery-item'>\n\t\t\t<dt class='gallery-icon portrait'>\n\t\t\t\t<a href='https:\/\/www.djk-erlangen.de\/fussball\/wp-content\/uploads\/2011\/07\/DSCF2003.jpg'><img loading=\"lazy\" decoding=\"async\" width=\"112\" height=\"150\" src=\"https:\/\/www.djk-erlangen.de\/fussball\/wp-content\/uploads\/2011\/07\/DSCF2003-112x150.jpg\" class=\"attachment-thumbnail size-thumbnail\" alt=\"\" srcset=\"https:\/\/www.djk-erlangen.de\/fussball\/wp-content\/uploads\/2011\/07\/DSCF2003-112x150.jpg 112w, https:\/\/www.djk-erlangen.de\/fussball\/wp-content\/uploads\/2011\/07\/DSCF2003-225x300.jpg 225w, https:\/\/www.djk-erlangen.de\/fussball\/wp-content\/uploads\/2011\/07\/DSCF2003.jpg 480w\" sizes=\"auto, (max-width: 112px) 100vw, 112px\" \/><\/a>\n\t\t\t<\/dt><\/dl><br style=\"clear: both\" \/><dl class='gallery-item'>\n\t\t\t<dt class='gallery-icon portrait'>\n\t\t\t\t<a href='https:\/\/www.djk-erlangen.de\/fussball\/wp-content\/uploads\/2011\/07\/DSCF2004.jpg'><img loading=\"lazy\" decoding=\"async\" width=\"112\" height=\"150\" src=\"https:\/\/www.djk-erlangen.de\/fussball\/wp-content\/uploads\/2011\/07\/DSCF2004-112x150.jpg\" class=\"attachment-thumbnail size-thumbnail\" alt=\"\" srcset=\"https:\/\/www.djk-erlangen.de\/fussball\/wp-content\/uploads\/2011\/07\/DSCF2004-112x150.jpg 112w, https:\/\/www.djk-erlangen.de\/fussball\/wp-content\/uploads\/2011\/07\/DSCF2004-225x300.jpg 225w, https:\/\/www.djk-erlangen.de\/fussball\/wp-content\/uploads\/2011\/07\/DSCF2004.jpg 480w\" sizes=\"auto, (max-width: 112px) 100vw, 112px\" \/><\/a>\n\t\t\t<\/dt><\/dl><dl class='gallery-item'>\n\t\t\t<dt class='gallery-icon portrait'>\n\t\t\t\t<a href='https:\/\/www.djk-erlangen.de\/fussball\/wp-content\/uploads\/2011\/07\/DSCF2005.jpg'><img loading=\"lazy\" decoding=\"async\" width=\"112\" height=\"150\" src=\"https:\/\/www.djk-erlangen.de\/fussball\/wp-content\/uploads\/2011\/07\/DSCF2005-112x150.jpg\" class=\"attachment-thumbnail size-thumbnail\" alt=\"\" srcset=\"https:\/\/www.djk-erlangen.de\/fussball\/wp-content\/uploads\/2011\/07\/DSCF2005-112x150.jpg 112w, https:\/\/www.djk-erlangen.de\/fussball\/wp-content\/uploads\/2011\/07\/DSCF2005-225x300.jpg 225w, https:\/\/www.djk-erlangen.de\/fussball\/wp-content\/uploads\/2011\/07\/DSCF2005.jpg 480w\" sizes=\"auto, (max-width: 112px) 100vw, 112px\" \/><\/a>\n\t\t\t<\/dt><\/dl><dl class='gallery-item'>\n\t\t\t<dt class='gallery-icon portrait'>\n\t\t\t\t<a href='https:\/\/www.djk-erlangen.de\/fussball\/wp-content\/uploads\/2011\/07\/DSCF2006.jpg'><img loading=\"lazy\" decoding=\"async\" width=\"112\" height=\"150\" src=\"https:\/\/www.djk-erlangen.de\/fussball\/wp-content\/uploads\/2011\/07\/DSCF2006-112x150.jpg\" class=\"attachment-thumbnail size-thumbnail\" alt=\"\" srcset=\"https:\/\/www.djk-erlangen.de\/fussball\/wp-content\/uploads\/2011\/07\/DSCF2006-112x150.jpg 112w, https:\/\/www.djk-erlangen.de\/fussball\/wp-content\/uploads\/2011\/07\/DSCF2006-225x300.jpg 225w, https:\/\/www.djk-erlangen.de\/fussball\/wp-content\/uploads\/2011\/07\/DSCF2006.jpg 480w\" sizes=\"auto, (max-width: 112px) 100vw, 112px\" \/><\/a>\n\t\t\t<\/dt><\/dl><dl class='gallery-item'>\n\t\t\t<dt class='gallery-icon portrait'>\n\t\t\t\t<a href='https:\/\/www.djk-erlangen.de\/fussball\/wp-content\/uploads\/2011\/07\/DSCF2007.jpg'><img loading=\"lazy\" decoding=\"async\" width=\"112\" height=\"150\" src=\"https:\/\/www.djk-erlangen.de\/fussball\/wp-content\/uploads\/2011\/07\/DSCF2007-112x150.jpg\" class=\"attachment-thumbnail size-thumbnail\" alt=\"\" srcset=\"https:\/\/www.djk-erlangen.de\/fussball\/wp-content\/uploads\/2011\/07\/DSCF2007-112x150.jpg 112w, https:\/\/www.djk-erlangen.de\/fussball\/wp-content\/uploads\/2011\/07\/DSCF2007-225x300.jpg 225w, https:\/\/www.djk-erlangen.de\/fussball\/wp-content\/uploads\/2011\/07\/DSCF2007.jpg 480w\" sizes=\"auto, (max-width: 112px) 100vw, 112px\" \/><\/a>\n\t\t\t<\/dt><\/dl><br style=\"clear: both\" \/><dl class='gallery-item'>\n\t\t\t<dt class='gallery-icon portrait'>\n\t\t\t\t<a href='https:\/\/www.djk-erlangen.de\/fussball\/wp-content\/uploads\/2011\/07\/DSCF2009.jpg'><img loading=\"lazy\" decoding=\"async\" width=\"112\" height=\"150\" src=\"https:\/\/www.djk-erlangen.de\/fussball\/wp-content\/uploads\/2011\/07\/DSCF2009-112x150.jpg\" class=\"attachment-thumbnail size-thumbnail\" alt=\"\" srcset=\"https:\/\/www.djk-erlangen.de\/fussball\/wp-content\/uploads\/2011\/07\/DSCF2009-112x150.jpg 112w, https:\/\/www.djk-erlangen.de\/fussball\/wp-content\/uploads\/2011\/07\/DSCF2009-225x300.jpg 225w, https:\/\/www.djk-erlangen.de\/fussball\/wp-content\/uploads\/2011\/07\/DSCF2009.jpg 480w\" sizes=\"auto, (max-width: 112px) 100vw, 112px\" \/><\/a>\n\t\t\t<\/dt><\/dl><dl class='gallery-item'>\n\t\t\t<dt class='gallery-icon portrait'>\n\t\t\t\t<a href='https:\/\/www.djk-erlangen.de\/fussball\/wp-content\/uploads\/2011\/07\/DSCF2010.jpg'><img loading=\"lazy\" decoding=\"async\" width=\"112\" height=\"150\" src=\"https:\/\/www.djk-erlangen.de\/fussball\/wp-content\/uploads\/2011\/07\/DSCF2010-112x150.jpg\" class=\"attachment-thumbnail size-thumbnail\" alt=\"\" srcset=\"https:\/\/www.djk-erlangen.de\/fussball\/wp-content\/uploads\/2011\/07\/DSCF2010-112x150.jpg 112w, https:\/\/www.djk-erlangen.de\/fussball\/wp-content\/uploads\/2011\/07\/DSCF2010-225x300.jpg 225w, https:\/\/www.djk-erlangen.de\/fussball\/wp-content\/uploads\/2011\/07\/DSCF2010.jpg 480w\" sizes=\"auto, (max-width: 112px) 100vw, 112px\" \/><\/a>\n\t\t\t<\/dt><\/dl><dl class='gallery-item'>\n\t\t\t<dt class='gallery-icon landscape'>\n\t\t\t\t<a href='https:\/\/www.djk-erlangen.de\/fussball\/wp-content\/uploads\/2011\/07\/DSCF2011.jpg'><img loading=\"lazy\" decoding=\"async\" width=\"150\" height=\"112\" src=\"https:\/\/www.djk-erlangen.de\/fussball\/wp-content\/uploads\/2011\/07\/DSCF2011-150x112.jpg\" class=\"attachment-thumbnail size-thumbnail\" alt=\"\" srcset=\"https:\/\/www.djk-erlangen.de\/fussball\/wp-content\/uploads\/2011\/07\/DSCF2011-150x112.jpg 150w, https:\/\/www.djk-erlangen.de\/fussball\/wp-content\/uploads\/2011\/07\/DSCF2011-300x225.jpg 300w, https:\/\/www.djk-erlangen.de\/fussball\/wp-content\/uploads\/2011\/07\/DSCF2011.jpg 640w\" sizes=\"auto, (max-width: 150px) 100vw, 150px\" \/><\/a>\n\t\t\t<\/dt><\/dl><dl class='gallery-item'>\n\t\t\t<dt class='gallery-icon portrait'>\n\t\t\t\t<a href='https:\/\/www.djk-erlangen.de\/fussball\/wp-content\/uploads\/2011\/07\/DSCF2012.jpg'><img loading=\"lazy\" decoding=\"async\" width=\"112\" height=\"150\" src=\"https:\/\/www.djk-erlangen.de\/fussball\/wp-content\/uploads\/2011\/07\/DSCF2012-112x150.jpg\" class=\"attachment-thumbnail size-thumbnail\" alt=\"\" srcset=\"https:\/\/www.djk-erlangen.de\/fussball\/wp-content\/uploads\/2011\/07\/DSCF2012-112x150.jpg 112w, https:\/\/www.djk-erlangen.de\/fussball\/wp-content\/uploads\/2011\/07\/DSCF2012-225x300.jpg 225w, https:\/\/www.djk-erlangen.de\/fussball\/wp-content\/uploads\/2011\/07\/DSCF2012.jpg 480w\" sizes=\"auto, (max-width: 112px) 100vw, 112px\" \/><\/a>\n\t\t\t<\/dt><\/dl><br style=\"clear: both\" \/><dl class='gallery-item'>\n\t\t\t<dt class='gallery-icon portrait'>\n\t\t\t\t<a href='https:\/\/www.djk-erlangen.de\/fussball\/wp-content\/uploads\/2011\/07\/DSCF2013.jpg'><img loading=\"lazy\" decoding=\"async\" width=\"112\" height=\"150\" src=\"https:\/\/www.djk-erlangen.de\/fussball\/wp-content\/uploads\/2011\/07\/DSCF2013-112x150.jpg\" class=\"attachment-thumbnail size-thumbnail\" alt=\"\" srcset=\"https:\/\/www.djk-erlangen.de\/fussball\/wp-content\/uploads\/2011\/07\/DSCF2013-112x150.jpg 112w, https:\/\/www.djk-erlangen.de\/fussball\/wp-content\/uploads\/2011\/07\/DSCF2013-225x300.jpg 225w, https:\/\/www.djk-erlangen.de\/fussball\/wp-content\/uploads\/2011\/07\/DSCF2013.jpg 480w\" sizes=\"auto, (max-width: 112px) 100vw, 112px\" \/><\/a>\n\t\t\t<\/dt><\/dl><dl class='gallery-item'>\n\t\t\t<dt class='gallery-icon portrait'>\n\t\t\t\t<a href='https:\/\/www.djk-erlangen.de\/fussball\/wp-content\/uploads\/2011\/07\/DSCF2017.jpg'><img loading=\"lazy\" decoding=\"async\" width=\"112\" height=\"150\" src=\"https:\/\/www.djk-erlangen.de\/fussball\/wp-content\/uploads\/2011\/07\/DSCF2017-112x150.jpg\" class=\"attachment-thumbnail size-thumbnail\" alt=\"\" srcset=\"https:\/\/www.djk-erlangen.de\/fussball\/wp-content\/uploads\/2011\/07\/DSCF2017-112x150.jpg 112w, https:\/\/www.djk-erlangen.de\/fussball\/wp-content\/uploads\/2011\/07\/DSCF2017-225x300.jpg 225w, https:\/\/www.djk-erlangen.de\/fussball\/wp-content\/uploads\/2011\/07\/DSCF2017.jpg 480w\" sizes=\"auto, (max-width: 112px) 100vw, 112px\" \/><\/a>\n\t\t\t<\/dt><\/dl><dl class='gallery-item'>\n\t\t\t<dt class='gallery-icon landscape'>\n\t\t\t\t<a href='https:\/\/www.djk-erlangen.de\/fussball\/wp-content\/uploads\/2011\/07\/DSCF2018.jpg'><img loading=\"lazy\" decoding=\"async\" width=\"150\" height=\"112\" src=\"https:\/\/www.djk-erlangen.de\/fussball\/wp-content\/uploads\/2011\/07\/DSCF2018-150x112.jpg\" class=\"attachment-thumbnail size-thumbnail\" alt=\"\" srcset=\"https:\/\/www.djk-erlangen.de\/fussball\/wp-content\/uploads\/2011\/07\/DSCF2018-150x112.jpg 150w, https:\/\/www.djk-erlangen.de\/fussball\/wp-content\/uploads\/2011\/07\/DSCF2018-300x225.jpg 300w, https:\/\/www.djk-erlangen.de\/fussball\/wp-content\/uploads\/2011\/07\/DSCF2018.jpg 640w\" sizes=\"auto, (max-width: 150px) 100vw, 150px\" \/><\/a>\n\t\t\t<\/dt><\/dl><dl class='gallery-item'>\n\t\t\t<dt class='gallery-icon portrait'>\n\t\t\t\t<a href='https:\/\/www.djk-erlangen.de\/fussball\/wp-content\/uploads\/2011\/07\/DSCF2019.jpg'><img loading=\"lazy\" decoding=\"async\" width=\"112\" height=\"150\" src=\"https:\/\/www.djk-erlangen.de\/fussball\/wp-content\/uploads\/2011\/07\/DSCF2019-112x150.jpg\" class=\"attachment-thumbnail size-thumbnail\" alt=\"\" srcset=\"https:\/\/www.djk-erlangen.de\/fussball\/wp-content\/uploads\/2011\/07\/DSCF2019-112x150.jpg 112w, https:\/\/www.djk-erlangen.de\/fussball\/wp-content\/uploads\/2011\/07\/DSCF2019-225x300.jpg 225w, https:\/\/www.djk-erlangen.de\/fussball\/wp-content\/uploads\/2011\/07\/DSCF2019.jpg 480w\" sizes=\"auto, (max-width: 112px) 100vw, 112px\" \/><\/a>\n\t\t\t<\/dt><\/dl><br style=\"clear: both\" \/><dl class='gallery-item'>\n\t\t\t<dt class='gallery-icon portrait'>\n\t\t\t\t<a href='https:\/\/www.djk-erlangen.de\/fussball\/wp-content\/uploads\/2011\/07\/DSCF2020.jpg'><img loading=\"lazy\" decoding=\"async\" width=\"112\" height=\"150\" src=\"https:\/\/www.djk-erlangen.de\/fussball\/wp-content\/uploads\/2011\/07\/DSCF2020-112x150.jpg\" class=\"attachment-thumbnail size-thumbnail\" alt=\"\" srcset=\"https:\/\/www.djk-erlangen.de\/fussball\/wp-content\/uploads\/2011\/07\/DSCF2020-112x150.jpg 112w, https:\/\/www.djk-erlangen.de\/fussball\/wp-content\/uploads\/2011\/07\/DSCF2020-225x300.jpg 225w, https:\/\/www.djk-erlangen.de\/fussball\/wp-content\/uploads\/2011\/07\/DSCF2020.jpg 480w\" sizes=\"auto, (max-width: 112px) 100vw, 112px\" \/><\/a>\n\t\t\t<\/dt><\/dl><dl class='gallery-item'>\n\t\t\t<dt class='gallery-icon landscape'>\n\t\t\t\t<a href='https:\/\/www.djk-erlangen.de\/fussball\/wp-content\/uploads\/2011\/07\/DJK-07.11-0501.jpg'><img loading=\"lazy\" decoding=\"async\" width=\"150\" height=\"100\" src=\"https:\/\/www.djk-erlangen.de\/fussball\/wp-content\/uploads\/2011\/07\/DJK-07.11-0501-150x100.jpg\" class=\"attachment-thumbnail size-thumbnail\" alt=\"\" srcset=\"https:\/\/www.djk-erlangen.de\/fussball\/wp-content\/uploads\/2011\/07\/DJK-07.11-0501-150x100.jpg 150w, https:\/\/www.djk-erlangen.de\/fussball\/wp-content\/uploads\/2011\/07\/DJK-07.11-0501-300x200.jpg 300w, https:\/\/www.djk-erlangen.de\/fussball\/wp-content\/uploads\/2011\/07\/DJK-07.11-0501.jpg 640w\" sizes=\"auto, (max-width: 150px) 100vw, 150px\" \/><\/a>\n\t\t\t<\/dt><\/dl><dl class='gallery-item'>\n\t\t\t<dt class='gallery-icon landscape'>\n\t\t\t\t<a href='https:\/\/www.djk-erlangen.de\/fussball\/wp-content\/uploads\/2011\/07\/DJK-07.11-0531.jpg'><img loading=\"lazy\" decoding=\"async\" width=\"150\" height=\"100\" src=\"https:\/\/www.djk-erlangen.de\/fussball\/wp-content\/uploads\/2011\/07\/DJK-07.11-0531-150x100.jpg\" class=\"attachment-thumbnail size-thumbnail\" alt=\"\" srcset=\"https:\/\/www.djk-erlangen.de\/fussball\/wp-content\/uploads\/2011\/07\/DJK-07.11-0531-150x100.jpg 150w, https:\/\/www.djk-erlangen.de\/fussball\/wp-content\/uploads\/2011\/07\/DJK-07.11-0531-300x200.jpg 300w, https:\/\/www.djk-erlangen.de\/fussball\/wp-content\/uploads\/2011\/07\/DJK-07.11-0531.jpg 640w\" sizes=\"auto, (max-width: 150px) 100vw, 150px\" \/><\/a>\n\t\t\t<\/dt><\/dl><dl class='gallery-item'>\n\t\t\t<dt class='gallery-icon landscape'>\n\t\t\t\t<a href='https:\/\/www.djk-erlangen.de\/fussball\/wp-content\/uploads\/2011\/07\/DJK-07.11-0561.jpg'><img loading=\"lazy\" decoding=\"async\" width=\"150\" height=\"100\" src=\"https:\/\/www.djk-erlangen.de\/fussball\/wp-content\/uploads\/2011\/07\/DJK-07.11-0561-150x100.jpg\" class=\"attachment-thumbnail size-thumbnail\" alt=\"\" srcset=\"https:\/\/www.djk-erlangen.de\/fussball\/wp-content\/uploads\/2011\/07\/DJK-07.11-0561-150x100.jpg 150w, https:\/\/www.djk-erlangen.de\/fussball\/wp-content\/uploads\/2011\/07\/DJK-07.11-0561-300x200.jpg 300w, https:\/\/www.djk-erlangen.de\/fussball\/wp-content\/uploads\/2011\/07\/DJK-07.11-0561.jpg 640w\" sizes=\"auto, (max-width: 150px) 100vw, 150px\" \/><\/a>\n\t\t\t<\/dt><\/dl><br style=\"clear: both\" \/><dl class='gallery-item'>\n\t\t\t<dt class='gallery-icon landscape'>\n\t\t\t\t<a href='https:\/\/www.djk-erlangen.de\/fussball\/wp-content\/uploads\/2011\/07\/DJK-07.11-0601.jpg'><img loading=\"lazy\" decoding=\"async\" width=\"150\" height=\"100\" src=\"https:\/\/www.djk-erlangen.de\/fussball\/wp-content\/uploads\/2011\/07\/DJK-07.11-0601-150x100.jpg\" class=\"attachment-thumbnail size-thumbnail\" alt=\"\" srcset=\"https:\/\/www.djk-erlangen.de\/fussball\/wp-content\/uploads\/2011\/07\/DJK-07.11-0601-150x100.jpg 150w, https:\/\/www.djk-erlangen.de\/fussball\/wp-content\/uploads\/2011\/07\/DJK-07.11-0601-300x200.jpg 300w, https:\/\/www.djk-erlangen.de\/fussball\/wp-content\/uploads\/2011\/07\/DJK-07.11-0601.jpg 640w\" sizes=\"auto, (max-width: 150px) 100vw, 150px\" \/><\/a>\n\t\t\t<\/dt><\/dl><dl class='gallery-item'>\n\t\t\t<dt class='gallery-icon landscape'>\n\t\t\t\t<a href='https:\/\/www.djk-erlangen.de\/fussball\/wp-content\/uploads\/2011\/07\/DJK-07.11-0621.jpg'><img loading=\"lazy\" decoding=\"async\" width=\"150\" height=\"100\" src=\"https:\/\/www.djk-erlangen.de\/fussball\/wp-content\/uploads\/2011\/07\/DJK-07.11-0621-150x100.jpg\" class=\"attachment-thumbnail size-thumbnail\" alt=\"\" srcset=\"https:\/\/www.djk-erlangen.de\/fussball\/wp-content\/uploads\/2011\/07\/DJK-07.11-0621-150x100.jpg 150w, https:\/\/www.djk-erlangen.de\/fussball\/wp-content\/uploads\/2011\/07\/DJK-07.11-0621-300x200.jpg 300w, https:\/\/www.djk-erlangen.de\/fussball\/wp-content\/uploads\/2011\/07\/DJK-07.11-0621.jpg 640w\" sizes=\"auto, (max-width: 150px) 100vw, 150px\" \/><\/a>\n\t\t\t<\/dt><\/dl><dl class='gallery-item'>\n\t\t\t<dt class='gallery-icon landscape'>\n\t\t\t\t<a href='https:\/\/www.djk-erlangen.de\/fussball\/wp-content\/uploads\/2011\/07\/DJK-07.11-0641.jpg'><img loading=\"lazy\" decoding=\"async\" width=\"150\" height=\"100\" src=\"https:\/\/www.djk-erlangen.de\/fussball\/wp-content\/uploads\/2011\/07\/DJK-07.11-0641-150x100.jpg\" class=\"attachment-thumbnail size-thumbnail\" alt=\"\" srcset=\"https:\/\/www.djk-erlangen.de\/fussball\/wp-content\/uploads\/2011\/07\/DJK-07.11-0641-150x100.jpg 150w, https:\/\/www.djk-erlangen.de\/fussball\/wp-content\/uploads\/2011\/07\/DJK-07.11-0641-300x200.jpg 300w, https:\/\/www.djk-erlangen.de\/fussball\/wp-content\/uploads\/2011\/07\/DJK-07.11-0641.jpg 640w\" sizes=\"auto, (max-width: 150px) 100vw, 150px\" \/><\/a>\n\t\t\t<\/dt><\/dl><dl class='gallery-item'>\n\t\t\t<dt class='gallery-icon landscape'>\n\t\t\t\t<a href='https:\/\/www.djk-erlangen.de\/fussball\/wp-content\/uploads\/2011\/07\/DJK-07.11-0661.jpg'><img loading=\"lazy\" decoding=\"async\" width=\"150\" height=\"100\" src=\"https:\/\/www.djk-erlangen.de\/fussball\/wp-content\/uploads\/2011\/07\/DJK-07.11-0661-150x100.jpg\" class=\"attachment-thumbnail size-thumbnail\" alt=\"\" srcset=\"https:\/\/www.djk-erlangen.de\/fussball\/wp-content\/uploads\/2011\/07\/DJK-07.11-0661-150x100.jpg 150w, https:\/\/www.djk-erlangen.de\/fussball\/wp-content\/uploads\/2011\/07\/DJK-07.11-0661-300x200.jpg 300w, https:\/\/www.djk-erlangen.de\/fussball\/wp-content\/uploads\/2011\/07\/DJK-07.11-0661.jpg 640w\" sizes=\"auto, (max-width: 150px) 100vw, 150px\" \/><\/a>\n\t\t\t<\/dt><\/dl><br style=\"clear: both\" \/><dl class='gallery-item'>\n\t\t\t<dt class='gallery-icon landscape'>\n\t\t\t\t<a href='https:\/\/www.djk-erlangen.de\/fussball\/wp-content\/uploads\/2011\/07\/DJK-07.11-0711.jpg'><img loading=\"lazy\" decoding=\"async\" width=\"150\" height=\"100\" src=\"https:\/\/www.djk-erlangen.de\/fussball\/wp-content\/uploads\/2011\/07\/DJK-07.11-0711-150x100.jpg\" class=\"attachment-thumbnail size-thumbnail\" alt=\"\" srcset=\"https:\/\/www.djk-erlangen.de\/fussball\/wp-content\/uploads\/2011\/07\/DJK-07.11-0711-150x100.jpg 150w, https:\/\/www.djk-erlangen.de\/fussball\/wp-content\/uploads\/2011\/07\/DJK-07.11-0711-300x200.jpg 300w, https:\/\/www.djk-erlangen.de\/fussball\/wp-content\/uploads\/2011\/07\/DJK-07.11-0711.jpg 640w\" sizes=\"auto, (max-width: 150px) 100vw, 150px\" \/><\/a>\n\t\t\t<\/dt><\/dl><dl class='gallery-item'>\n\t\t\t<dt class='gallery-icon landscape'>\n\t\t\t\t<a href='https:\/\/www.djk-erlangen.de\/fussball\/wp-content\/uploads\/2011\/07\/DJK-07.11-0901.jpg'><img loading=\"lazy\" decoding=\"async\" width=\"150\" height=\"100\" src=\"https:\/\/www.djk-erlangen.de\/fussball\/wp-content\/uploads\/2011\/07\/DJK-07.11-0901-150x100.jpg\" class=\"attachment-thumbnail size-thumbnail\" alt=\"\" srcset=\"https:\/\/www.djk-erlangen.de\/fussball\/wp-content\/uploads\/2011\/07\/DJK-07.11-0901-150x100.jpg 150w, https:\/\/www.djk-erlangen.de\/fussball\/wp-content\/uploads\/2011\/07\/DJK-07.11-0901-300x200.jpg 300w, https:\/\/www.djk-erlangen.de\/fussball\/wp-content\/uploads\/2011\/07\/DJK-07.11-0901.jpg 640w\" sizes=\"auto, (max-width: 150px) 100vw, 150px\" \/><\/a>\n\t\t\t<\/dt><\/dl><dl class='gallery-item'>\n\t\t\t<dt class='gallery-icon landscape'>\n\t\t\t\t<a href='https:\/\/www.djk-erlangen.de\/fussball\/wp-content\/uploads\/2011\/07\/DJK-07.11-1041.jpg'><img loading=\"lazy\" decoding=\"async\" width=\"150\" height=\"110\" src=\"https:\/\/www.djk-erlangen.de\/fussball\/wp-content\/uploads\/2011\/07\/DJK-07.11-1041-150x110.jpg\" class=\"attachment-thumbnail size-thumbnail\" alt=\"\" srcset=\"https:\/\/www.djk-erlangen.de\/fussball\/wp-content\/uploads\/2011\/07\/DJK-07.11-1041-150x110.jpg 150w, https:\/\/www.djk-erlangen.de\/fussball\/wp-content\/uploads\/2011\/07\/DJK-07.11-1041-300x220.jpg 300w, https:\/\/www.djk-erlangen.de\/fussball\/wp-content\/uploads\/2011\/07\/DJK-07.11-1041.jpg 640w\" sizes=\"auto, (max-width: 150px) 100vw, 150px\" \/><\/a>\n\t\t\t<\/dt><\/dl><dl class='gallery-item'>\n\t\t\t<dt class='gallery-icon portrait'>\n\t\t\t\t<a href='https:\/\/www.djk-erlangen.de\/fussball\/wp-content\/uploads\/2011\/07\/DJK-07.11-1071.jpg'><img loading=\"lazy\" decoding=\"async\" width=\"112\" height=\"150\" src=\"https:\/\/www.djk-erlangen.de\/fussball\/wp-content\/uploads\/2011\/07\/DJK-07.11-1071-112x150.jpg\" class=\"attachment-thumbnail size-thumbnail\" alt=\"\" srcset=\"https:\/\/www.djk-erlangen.de\/fussball\/wp-content\/uploads\/2011\/07\/DJK-07.11-1071-112x150.jpg 112w, https:\/\/www.djk-erlangen.de\/fussball\/wp-content\/uploads\/2011\/07\/DJK-07.11-1071-225x300.jpg 225w, https:\/\/www.djk-erlangen.de\/fussball\/wp-content\/uploads\/2011\/07\/DJK-07.11-1071.jpg 480w\" sizes=\"auto, (max-width: 112px) 100vw, 112px\" \/><\/a>\n\t\t\t<\/dt><\/dl><br style=\"clear: both\" \/><dl class='gallery-item'>\n\t\t\t<dt class='gallery-icon landscape'>\n\t\t\t\t<a href='https:\/\/www.djk-erlangen.de\/fussball\/wp-content\/uploads\/2011\/07\/DJK-07.11-1081.jpg'><img loading=\"lazy\" decoding=\"async\" width=\"150\" height=\"112\" src=\"https:\/\/www.djk-erlangen.de\/fussball\/wp-content\/uploads\/2011\/07\/DJK-07.11-1081-150x112.jpg\" class=\"attachment-thumbnail size-thumbnail\" alt=\"\" srcset=\"https:\/\/www.djk-erlangen.de\/fussball\/wp-content\/uploads\/2011\/07\/DJK-07.11-1081-150x112.jpg 150w, https:\/\/www.djk-erlangen.de\/fussball\/wp-content\/uploads\/2011\/07\/DJK-07.11-1081-300x225.jpg 300w, https:\/\/www.djk-erlangen.de\/fussball\/wp-content\/uploads\/2011\/07\/DJK-07.11-1081.jpg 640w\" sizes=\"auto, (max-width: 150px) 100vw, 150px\" \/><\/a>\n\t\t\t<\/dt><\/dl><dl class='gallery-item'>\n\t\t\t<dt class='gallery-icon portrait'>\n\t\t\t\t<a href='https:\/\/www.djk-erlangen.de\/fussball\/wp-content\/uploads\/2011\/07\/DJK-07.11-1131.jpg'><img loading=\"lazy\" decoding=\"async\" width=\"112\" height=\"150\" src=\"https:\/\/www.djk-erlangen.de\/fussball\/wp-content\/uploads\/2011\/07\/DJK-07.11-1131-112x150.jpg\" class=\"attachment-thumbnail size-thumbnail\" alt=\"\" srcset=\"https:\/\/www.djk-erlangen.de\/fussball\/wp-content\/uploads\/2011\/07\/DJK-07.11-1131-112x150.jpg 112w, https:\/\/www.djk-erlangen.de\/fussball\/wp-content\/uploads\/2011\/07\/DJK-07.11-1131-225x300.jpg 225w, https:\/\/www.djk-erlangen.de\/fussball\/wp-content\/uploads\/2011\/07\/DJK-07.11-1131.jpg 480w\" sizes=\"auto, (max-width: 112px) 100vw, 112px\" \/><\/a>\n\t\t\t<\/dt><\/dl><dl class='gallery-item'>\n\t\t\t<dt class='gallery-icon portrait'>\n\t\t\t\t<a href='https:\/\/www.djk-erlangen.de\/fussball\/wp-content\/uploads\/2011\/07\/DJK-07.11-1171.jpg'><img loading=\"lazy\" decoding=\"async\" width=\"112\" height=\"150\" src=\"https:\/\/www.djk-erlangen.de\/fussball\/wp-content\/uploads\/2011\/07\/DJK-07.11-1171-112x150.jpg\" class=\"attachment-thumbnail size-thumbnail\" alt=\"\" srcset=\"https:\/\/www.djk-erlangen.de\/fussball\/wp-content\/uploads\/2011\/07\/DJK-07.11-1171-112x150.jpg 112w, https:\/\/www.djk-erlangen.de\/fussball\/wp-content\/uploads\/2011\/07\/DJK-07.11-1171-225x300.jpg 225w, https:\/\/www.djk-erlangen.de\/fussball\/wp-content\/uploads\/2011\/07\/DJK-07.11-1171.jpg 480w\" sizes=\"auto, (max-width: 112px) 100vw, 112px\" \/><\/a>\n\t\t\t<\/dt><\/dl><dl class='gallery-item'>\n\t\t\t<dt class='gallery-icon portrait'>\n\t\t\t\t<a href='https:\/\/www.djk-erlangen.de\/fussball\/wp-content\/uploads\/2011\/07\/DJK-07.11-1231.jpg'><img loading=\"lazy\" decoding=\"async\" width=\"112\" height=\"150\" src=\"https:\/\/www.djk-erlangen.de\/fussball\/wp-content\/uploads\/2011\/07\/DJK-07.11-1231-112x150.jpg\" class=\"attachment-thumbnail size-thumbnail\" alt=\"\" srcset=\"https:\/\/www.djk-erlangen.de\/fussball\/wp-content\/uploads\/2011\/07\/DJK-07.11-1231-112x150.jpg 112w, https:\/\/www.djk-erlangen.de\/fussball\/wp-content\/uploads\/2011\/07\/DJK-07.11-1231-225x300.jpg 225w, https:\/\/www.djk-erlangen.de\/fussball\/wp-content\/uploads\/2011\/07\/DJK-07.11-1231.jpg 480w\" sizes=\"auto, (max-width: 112px) 100vw, 112px\" \/><\/a>\n\t\t\t<\/dt><\/dl><br style=\"clear: both\" \/><dl class='gallery-item'>\n\t\t\t<dt class='gallery-icon portrait'>\n\t\t\t\t<a href='https:\/\/www.djk-erlangen.de\/fussball\/wp-content\/uploads\/2011\/07\/DJK-07.11-1301.jpg'><img loading=\"lazy\" decoding=\"async\" width=\"112\" height=\"150\" src=\"https:\/\/www.djk-erlangen.de\/fussball\/wp-content\/uploads\/2011\/07\/DJK-07.11-1301-112x150.jpg\" class=\"attachment-thumbnail size-thumbnail\" alt=\"\" srcset=\"https:\/\/www.djk-erlangen.de\/fussball\/wp-content\/uploads\/2011\/07\/DJK-07.11-1301-112x150.jpg 112w, https:\/\/www.djk-erlangen.de\/fussball\/wp-content\/uploads\/2011\/07\/DJK-07.11-1301-225x300.jpg 225w, https:\/\/www.djk-erlangen.de\/fussball\/wp-content\/uploads\/2011\/07\/DJK-07.11-1301.jpg 480w\" sizes=\"auto, (max-width: 112px) 100vw, 112px\" \/><\/a>\n\t\t\t<\/dt><\/dl><dl class='gallery-item'>\n\t\t\t<dt class='gallery-icon portrait'>\n\t\t\t\t<a href='https:\/\/www.djk-erlangen.de\/fussball\/wp-content\/uploads\/2011\/07\/DJK-07.11-1311.jpg'><img loading=\"lazy\" decoding=\"async\" width=\"112\" height=\"150\" src=\"https:\/\/www.djk-erlangen.de\/fussball\/wp-content\/uploads\/2011\/07\/DJK-07.11-1311-112x150.jpg\" class=\"attachment-thumbnail size-thumbnail\" alt=\"\" srcset=\"https:\/\/www.djk-erlangen.de\/fussball\/wp-content\/uploads\/2011\/07\/DJK-07.11-1311-112x150.jpg 112w, https:\/\/www.djk-erlangen.de\/fussball\/wp-content\/uploads\/2011\/07\/DJK-07.11-1311-225x300.jpg 225w, https:\/\/www.djk-erlangen.de\/fussball\/wp-content\/uploads\/2011\/07\/DJK-07.11-1311.jpg 480w\" sizes=\"auto, (max-width: 112px) 100vw, 112px\" \/><\/a>\n\t\t\t<\/dt><\/dl><dl class='gallery-item'>\n\t\t\t<dt class='gallery-icon landscape'>\n\t\t\t\t<a href='https:\/\/www.djk-erlangen.de\/fussball\/wp-content\/uploads\/2011\/07\/DJK-07.11-1421.jpg'><img loading=\"lazy\" decoding=\"async\" width=\"150\" height=\"112\" src=\"https:\/\/www.djk-erlangen.de\/fussball\/wp-content\/uploads\/2011\/07\/DJK-07.11-1421-150x112.jpg\" class=\"attachment-thumbnail size-thumbnail\" alt=\"\" srcset=\"https:\/\/www.djk-erlangen.de\/fussball\/wp-content\/uploads\/2011\/07\/DJK-07.11-1421-150x112.jpg 150w, https:\/\/www.djk-erlangen.de\/fussball\/wp-content\/uploads\/2011\/07\/DJK-07.11-1421-300x225.jpg 300w, https:\/\/www.djk-erlangen.de\/fussball\/wp-content\/uploads\/2011\/07\/DJK-07.11-1421.jpg 640w\" sizes=\"auto, (max-width: 150px) 100vw, 150px\" \/><\/a>\n\t\t\t<\/dt><\/dl><dl class='gallery-item'>\n\t\t\t<dt class='gallery-icon portrait'>\n\t\t\t\t<a href='https:\/\/www.djk-erlangen.de\/fussball\/wp-content\/uploads\/2011\/07\/DJK-07.11-1571.jpg'><img loading=\"lazy\" decoding=\"async\" width=\"112\" height=\"150\" src=\"https:\/\/www.djk-erlangen.de\/fussball\/wp-content\/uploads\/2011\/07\/DJK-07.11-1571-112x150.jpg\" class=\"attachment-thumbnail size-thumbnail\" alt=\"\" srcset=\"https:\/\/www.djk-erlangen.de\/fussball\/wp-content\/uploads\/2011\/07\/DJK-07.11-1571-112x150.jpg 112w, https:\/\/www.djk-erlangen.de\/fussball\/wp-content\/uploads\/2011\/07\/DJK-07.11-1571-225x300.jpg 225w, https:\/\/www.djk-erlangen.de\/fussball\/wp-content\/uploads\/2011\/07\/DJK-07.11-1571.jpg 480w\" sizes=\"auto, (max-width: 112px) 100vw, 112px\" \/><\/a>\n\t\t\t<\/dt><\/dl><br style=\"clear: both\" \/><dl class='gallery-item'>\n\t\t\t<dt class='gallery-icon landscape'>\n\t\t\t\t<a href='https:\/\/www.djk-erlangen.de\/fussball\/wp-content\/uploads\/2011\/07\/DJK-07.11-1631.jpg'><img loading=\"lazy\" decoding=\"async\" width=\"150\" height=\"100\" src=\"https:\/\/www.djk-erlangen.de\/fussball\/wp-content\/uploads\/2011\/07\/DJK-07.11-1631-150x100.jpg\" class=\"attachment-thumbnail size-thumbnail\" alt=\"\" srcset=\"https:\/\/www.djk-erlangen.de\/fussball\/wp-content\/uploads\/2011\/07\/DJK-07.11-1631-150x100.jpg 150w, https:\/\/www.djk-erlangen.de\/fussball\/wp-content\/uploads\/2011\/07\/DJK-07.11-1631-300x200.jpg 300w, https:\/\/www.djk-erlangen.de\/fussball\/wp-content\/uploads\/2011\/07\/DJK-07.11-1631.jpg 640w\" sizes=\"auto, (max-width: 150px) 100vw, 150px\" \/><\/a>\n\t\t\t<\/dt><\/dl><dl class='gallery-item'>\n\t\t\t<dt class='gallery-icon portrait'>\n\t\t\t\t<a href='https:\/\/www.djk-erlangen.de\/fussball\/wp-content\/uploads\/2011\/07\/DJK-07.11-1651.jpg'><img loading=\"lazy\" decoding=\"async\" width=\"100\" height=\"150\" src=\"https:\/\/www.djk-erlangen.de\/fussball\/wp-content\/uploads\/2011\/07\/DJK-07.11-1651-100x150.jpg\" class=\"attachment-thumbnail size-thumbnail\" alt=\"\" srcset=\"https:\/\/www.djk-erlangen.de\/fussball\/wp-content\/uploads\/2011\/07\/DJK-07.11-1651-100x150.jpg 100w, https:\/\/www.djk-erlangen.de\/fussball\/wp-content\/uploads\/2011\/07\/DJK-07.11-1651-200x300.jpg 200w, https:\/\/www.djk-erlangen.de\/fussball\/wp-content\/uploads\/2011\/07\/DJK-07.11-1651.jpg 427w\" sizes=\"auto, (max-width: 100px) 100vw, 100px\" \/><\/a>\n\t\t\t<\/dt><\/dl><dl class='gallery-item'>\n\t\t\t<dt class='gallery-icon portrait'>\n\t\t\t\t<a href='https:\/\/www.djk-erlangen.de\/fussball\/wp-content\/uploads\/2011\/07\/DJK-07.11-1671.jpg'><img loading=\"lazy\" decoding=\"async\" width=\"100\" height=\"150\" src=\"https:\/\/www.djk-erlangen.de\/fussball\/wp-content\/uploads\/2011\/07\/DJK-07.11-1671-100x150.jpg\" class=\"attachment-thumbnail size-thumbnail\" alt=\"\" srcset=\"https:\/\/www.djk-erlangen.de\/fussball\/wp-content\/uploads\/2011\/07\/DJK-07.11-1671-100x150.jpg 100w, https:\/\/www.djk-erlangen.de\/fussball\/wp-content\/uploads\/2011\/07\/DJK-07.11-1671-200x300.jpg 200w, https:\/\/www.djk-erlangen.de\/fussball\/wp-content\/uploads\/2011\/07\/DJK-07.11-1671.jpg 427w\" sizes=\"auto, (max-width: 100px) 100vw, 100px\" \/><\/a>\n\t\t\t<\/dt><\/dl><dl class='gallery-item'>\n\t\t\t<dt class='gallery-icon portrait'>\n\t\t\t\t<a href='https:\/\/www.djk-erlangen.de\/fussball\/wp-content\/uploads\/2011\/07\/DSCF19872.jpg'><img loading=\"lazy\" decoding=\"async\" width=\"112\" height=\"150\" src=\"https:\/\/www.djk-erlangen.de\/fussball\/wp-content\/uploads\/2011\/07\/DSCF19872-112x150.jpg\" class=\"attachment-thumbnail size-thumbnail\" alt=\"\" srcset=\"https:\/\/www.djk-erlangen.de\/fussball\/wp-content\/uploads\/2011\/07\/DSCF19872-112x150.jpg 112w, https:\/\/www.djk-erlangen.de\/fussball\/wp-content\/uploads\/2011\/07\/DSCF19872-225x300.jpg 225w, https:\/\/www.djk-erlangen.de\/fussball\/wp-content\/uploads\/2011\/07\/DSCF19872.jpg 480w\" sizes=\"auto, (max-width: 112px) 100vw, 112px\" \/><\/a>\n\t\t\t<\/dt><\/dl><br style=\"clear: both\" \/><dl class='gallery-item'>\n\t\t\t<dt class='gallery-icon portrait'>\n\t\t\t\t<a href='https:\/\/www.djk-erlangen.de\/fussball\/wp-content\/uploads\/2011\/07\/DSCF19881.jpg'><img loading=\"lazy\" decoding=\"async\" width=\"112\" height=\"150\" src=\"https:\/\/www.djk-erlangen.de\/fussball\/wp-content\/uploads\/2011\/07\/DSCF19881-112x150.jpg\" class=\"attachment-thumbnail size-thumbnail\" alt=\"\" srcset=\"https:\/\/www.djk-erlangen.de\/fussball\/wp-content\/uploads\/2011\/07\/DSCF19881-112x150.jpg 112w, https:\/\/www.djk-erlangen.de\/fussball\/wp-content\/uploads\/2011\/07\/DSCF19881-225x300.jpg 225w, https:\/\/www.djk-erlangen.de\/fussball\/wp-content\/uploads\/2011\/07\/DSCF19881.jpg 480w\" sizes=\"auto, (max-width: 112px) 100vw, 112px\" \/><\/a>\n\t\t\t<\/dt><\/dl><dl class='gallery-item'>\n\t\t\t<dt class='gallery-icon portrait'>\n\t\t\t\t<a href='https:\/\/www.djk-erlangen.de\/fussball\/wp-content\/uploads\/2011\/07\/DSCF19891.jpg'><img loading=\"lazy\" decoding=\"async\" width=\"112\" height=\"150\" src=\"https:\/\/www.djk-erlangen.de\/fussball\/wp-content\/uploads\/2011\/07\/DSCF19891-112x150.jpg\" class=\"attachment-thumbnail size-thumbnail\" alt=\"\" srcset=\"https:\/\/www.djk-erlangen.de\/fussball\/wp-content\/uploads\/2011\/07\/DSCF19891-112x150.jpg 112w, https:\/\/www.djk-erlangen.de\/fussball\/wp-content\/uploads\/2011\/07\/DSCF19891-225x300.jpg 225w, https:\/\/www.djk-erlangen.de\/fussball\/wp-content\/uploads\/2011\/07\/DSCF19891.jpg 480w\" sizes=\"auto, (max-width: 112px) 100vw, 112px\" \/><\/a>\n\t\t\t<\/dt><\/dl><dl class='gallery-item'>\n\t\t\t<dt class='gallery-icon landscape'>\n\t\t\t\t<a href='https:\/\/www.djk-erlangen.de\/fussball\/wp-content\/uploads\/2011\/07\/DSCF19901.jpg'><img loading=\"lazy\" decoding=\"async\" width=\"150\" height=\"112\" src=\"https:\/\/www.djk-erlangen.de\/fussball\/wp-content\/uploads\/2011\/07\/DSCF19901-150x112.jpg\" class=\"attachment-thumbnail size-thumbnail\" alt=\"\" srcset=\"https:\/\/www.djk-erlangen.de\/fussball\/wp-content\/uploads\/2011\/07\/DSCF19901-150x112.jpg 150w, https:\/\/www.djk-erlangen.de\/fussball\/wp-content\/uploads\/2011\/07\/DSCF19901-300x225.jpg 300w, https:\/\/www.djk-erlangen.de\/fussball\/wp-content\/uploads\/2011\/07\/DSCF19901.jpg 640w\" sizes=\"auto, (max-width: 150px) 100vw, 150px\" \/><\/a>\n\t\t\t<\/dt><\/dl><dl class='gallery-item'>\n\t\t\t<dt class='gallery-icon landscape'>\n\t\t\t\t<a href='https:\/\/www.djk-erlangen.de\/fussball\/wp-content\/uploads\/2011\/07\/DSCF19911.jpg'><img loading=\"lazy\" decoding=\"async\" width=\"150\" height=\"112\" src=\"https:\/\/www.djk-erlangen.de\/fussball\/wp-content\/uploads\/2011\/07\/DSCF19911-150x112.jpg\" class=\"attachment-thumbnail size-thumbnail\" alt=\"\" srcset=\"https:\/\/www.djk-erlangen.de\/fussball\/wp-content\/uploads\/2011\/07\/DSCF19911-150x112.jpg 150w, https:\/\/www.djk-erlangen.de\/fussball\/wp-content\/uploads\/2011\/07\/DSCF19911-300x225.jpg 300w, https:\/\/www.djk-erlangen.de\/fussball\/wp-content\/uploads\/2011\/07\/DSCF19911.jpg 640w\" sizes=\"auto, (max-width: 150px) 100vw, 150px\" \/><\/a>\n\t\t\t<\/dt><\/dl><br style=\"clear: both\" \/><dl class='gallery-item'>\n\t\t\t<dt class='gallery-icon landscape'>\n\t\t\t\t<a href='https:\/\/www.djk-erlangen.de\/fussball\/wp-content\/uploads\/2011\/07\/DSCF19921.jpg'><img loading=\"lazy\" decoding=\"async\" width=\"150\" height=\"112\" src=\"https:\/\/www.djk-erlangen.de\/fussball\/wp-content\/uploads\/2011\/07\/DSCF19921-150x112.jpg\" class=\"attachment-thumbnail size-thumbnail\" alt=\"\" srcset=\"https:\/\/www.djk-erlangen.de\/fussball\/wp-content\/uploads\/2011\/07\/DSCF19921-150x112.jpg 150w, https:\/\/www.djk-erlangen.de\/fussball\/wp-content\/uploads\/2011\/07\/DSCF19921-300x225.jpg 300w, https:\/\/www.djk-erlangen.de\/fussball\/wp-content\/uploads\/2011\/07\/DSCF19921.jpg 640w\" sizes=\"auto, (max-width: 150px) 100vw, 150px\" \/><\/a>\n\t\t\t<\/dt><\/dl><dl class='gallery-item'>\n\t\t\t<dt class='gallery-icon landscape'>\n\t\t\t\t<a href='https:\/\/www.djk-erlangen.de\/fussball\/wp-content\/uploads\/2011\/07\/DSCF19931.jpg'><img loading=\"lazy\" decoding=\"async\" width=\"150\" height=\"112\" src=\"https:\/\/www.djk-erlangen.de\/fussball\/wp-content\/uploads\/2011\/07\/DSCF19931-150x112.jpg\" class=\"attachment-thumbnail size-thumbnail\" alt=\"\" srcset=\"https:\/\/www.djk-erlangen.de\/fussball\/wp-content\/uploads\/2011\/07\/DSCF19931-150x112.jpg 150w, https:\/\/www.djk-erlangen.de\/fussball\/wp-content\/uploads\/2011\/07\/DSCF19931-300x225.jpg 300w, https:\/\/www.djk-erlangen.de\/fussball\/wp-content\/uploads\/2011\/07\/DSCF19931.jpg 640w\" sizes=\"auto, (max-width: 150px) 100vw, 150px\" \/><\/a>\n\t\t\t<\/dt><\/dl><dl class='gallery-item'>\n\t\t\t<dt class='gallery-icon portrait'>\n\t\t\t\t<a href='https:\/\/www.djk-erlangen.de\/fussball\/wp-content\/uploads\/2011\/07\/DSCF19941.jpg'><img loading=\"lazy\" decoding=\"async\" width=\"112\" height=\"150\" src=\"https:\/\/www.djk-erlangen.de\/fussball\/wp-content\/uploads\/2011\/07\/DSCF19941-112x150.jpg\" class=\"attachment-thumbnail size-thumbnail\" alt=\"\" srcset=\"https:\/\/www.djk-erlangen.de\/fussball\/wp-content\/uploads\/2011\/07\/DSCF19941-112x150.jpg 112w, https:\/\/www.djk-erlangen.de\/fussball\/wp-content\/uploads\/2011\/07\/DSCF19941-225x300.jpg 225w, https:\/\/www.djk-erlangen.de\/fussball\/wp-content\/uploads\/2011\/07\/DSCF19941.jpg 480w\" sizes=\"auto, (max-width: 112px) 100vw, 112px\" \/><\/a>\n\t\t\t<\/dt><\/dl><dl class='gallery-item'>\n\t\t\t<dt class='gallery-icon portrait'>\n\t\t\t\t<a href='https:\/\/www.djk-erlangen.de\/fussball\/wp-content\/uploads\/2011\/07\/DSCF19951.jpg'><img loading=\"lazy\" decoding=\"async\" width=\"112\" height=\"150\" src=\"https:\/\/www.djk-erlangen.de\/fussball\/wp-content\/uploads\/2011\/07\/DSCF19951-112x150.jpg\" class=\"attachment-thumbnail size-thumbnail\" alt=\"\" srcset=\"https:\/\/www.djk-erlangen.de\/fussball\/wp-content\/uploads\/2011\/07\/DSCF19951-112x150.jpg 112w, https:\/\/www.djk-erlangen.de\/fussball\/wp-content\/uploads\/2011\/07\/DSCF19951-225x300.jpg 225w, https:\/\/www.djk-erlangen.de\/fussball\/wp-content\/uploads\/2011\/07\/DSCF19951.jpg 480w\" sizes=\"auto, (max-width: 112px) 100vw, 112px\" \/><\/a>\n\t\t\t<\/dt><\/dl><br style=\"clear: both\" \/><dl class='gallery-item'>\n\t\t\t<dt class='gallery-icon portrait'>\n\t\t\t\t<a href='https:\/\/www.djk-erlangen.de\/fussball\/wp-content\/uploads\/2011\/07\/DSCF19971.jpg'><img loading=\"lazy\" decoding=\"async\" width=\"112\" height=\"150\" src=\"https:\/\/www.djk-erlangen.de\/fussball\/wp-content\/uploads\/2011\/07\/DSCF19971-112x150.jpg\" class=\"attachment-thumbnail size-thumbnail\" alt=\"\" srcset=\"https:\/\/www.djk-erlangen.de\/fussball\/wp-content\/uploads\/2011\/07\/DSCF19971-112x150.jpg 112w, https:\/\/www.djk-erlangen.de\/fussball\/wp-content\/uploads\/2011\/07\/DSCF19971-225x300.jpg 225w, https:\/\/www.djk-erlangen.de\/fussball\/wp-content\/uploads\/2011\/07\/DSCF19971.jpg 480w\" sizes=\"auto, (max-width: 112px) 100vw, 112px\" \/><\/a>\n\t\t\t<\/dt><\/dl><dl class='gallery-item'>\n\t\t\t<dt class='gallery-icon portrait'>\n\t\t\t\t<a href='https:\/\/www.djk-erlangen.de\/fussball\/wp-content\/uploads\/2011\/07\/DSCF19981.jpg'><img loading=\"lazy\" decoding=\"async\" width=\"112\" height=\"150\" src=\"https:\/\/www.djk-erlangen.de\/fussball\/wp-content\/uploads\/2011\/07\/DSCF19981-112x150.jpg\" class=\"attachment-thumbnail size-thumbnail\" alt=\"\" srcset=\"https:\/\/www.djk-erlangen.de\/fussball\/wp-content\/uploads\/2011\/07\/DSCF19981-112x150.jpg 112w, https:\/\/www.djk-erlangen.de\/fussball\/wp-content\/uploads\/2011\/07\/DSCF19981-225x300.jpg 225w, https:\/\/www.djk-erlangen.de\/fussball\/wp-content\/uploads\/2011\/07\/DSCF19981.jpg 480w\" sizes=\"auto, (max-width: 112px) 100vw, 112px\" \/><\/a>\n\t\t\t<\/dt><\/dl><dl class='gallery-item'>\n\t\t\t<dt class='gallery-icon portrait'>\n\t\t\t\t<a href='https:\/\/www.djk-erlangen.de\/fussball\/wp-content\/uploads\/2011\/07\/DSCF19991.jpg'><img loading=\"lazy\" decoding=\"async\" width=\"112\" height=\"150\" src=\"https:\/\/www.djk-erlangen.de\/fussball\/wp-content\/uploads\/2011\/07\/DSCF19991-112x150.jpg\" class=\"attachment-thumbnail size-thumbnail\" alt=\"\" srcset=\"https:\/\/www.djk-erlangen.de\/fussball\/wp-content\/uploads\/2011\/07\/DSCF19991-112x150.jpg 112w, https:\/\/www.djk-erlangen.de\/fussball\/wp-content\/uploads\/2011\/07\/DSCF19991-225x300.jpg 225w, https:\/\/www.djk-erlangen.de\/fussball\/wp-content\/uploads\/2011\/07\/DSCF19991.jpg 480w\" sizes=\"auto, (max-width: 112px) 100vw, 112px\" \/><\/a>\n\t\t\t<\/dt><\/dl><dl class='gallery-item'>\n\t\t\t<dt class='gallery-icon landscape'>\n\t\t\t\t<a href='https:\/\/www.djk-erlangen.de\/fussball\/wp-content\/uploads\/2011\/07\/DSCF20001.jpg'><img loading=\"lazy\" decoding=\"async\" width=\"150\" height=\"112\" src=\"https:\/\/www.djk-erlangen.de\/fussball\/wp-content\/uploads\/2011\/07\/DSCF20001-150x112.jpg\" class=\"attachment-thumbnail size-thumbnail\" alt=\"\" srcset=\"https:\/\/www.djk-erlangen.de\/fussball\/wp-content\/uploads\/2011\/07\/DSCF20001-150x112.jpg 150w, https:\/\/www.djk-erlangen.de\/fussball\/wp-content\/uploads\/2011\/07\/DSCF20001-300x225.jpg 300w, https:\/\/www.djk-erlangen.de\/fussball\/wp-content\/uploads\/2011\/07\/DSCF20001.jpg 640w\" sizes=\"auto, (max-width: 150px) 100vw, 150px\" \/><\/a>\n\t\t\t<\/dt><\/dl><br style=\"clear: both\" \/><dl class='gallery-item'>\n\t\t\t<dt class='gallery-icon portrait'>\n\t\t\t\t<a href='https:\/\/www.djk-erlangen.de\/fussball\/wp-content\/uploads\/2011\/07\/DSCF20011.jpg'><img loading=\"lazy\" decoding=\"async\" width=\"112\" height=\"150\" src=\"https:\/\/www.djk-erlangen.de\/fussball\/wp-content\/uploads\/2011\/07\/DSCF20011-112x150.jpg\" class=\"attachment-thumbnail size-thumbnail\" alt=\"\" srcset=\"https:\/\/www.djk-erlangen.de\/fussball\/wp-content\/uploads\/2011\/07\/DSCF20011-112x150.jpg 112w, https:\/\/www.djk-erlangen.de\/fussball\/wp-content\/uploads\/2011\/07\/DSCF20011-225x300.jpg 225w, https:\/\/www.djk-erlangen.de\/fussball\/wp-content\/uploads\/2011\/07\/DSCF20011.jpg 480w\" sizes=\"auto, (max-width: 112px) 100vw, 112px\" \/><\/a>\n\t\t\t<\/dt><\/dl><dl class='gallery-item'>\n\t\t\t<dt class='gallery-icon portrait'>\n\t\t\t\t<a href='https:\/\/www.djk-erlangen.de\/fussball\/wp-content\/uploads\/2011\/07\/DSCF20021.jpg'><img loading=\"lazy\" decoding=\"async\" width=\"112\" height=\"150\" src=\"https:\/\/www.djk-erlangen.de\/fussball\/wp-content\/uploads\/2011\/07\/DSCF20021-112x150.jpg\" class=\"attachment-thumbnail size-thumbnail\" alt=\"\" srcset=\"https:\/\/www.djk-erlangen.de\/fussball\/wp-content\/uploads\/2011\/07\/DSCF20021-112x150.jpg 112w, https:\/\/www.djk-erlangen.de\/fussball\/wp-content\/uploads\/2011\/07\/DSCF20021-225x300.jpg 225w, https:\/\/www.djk-erlangen.de\/fussball\/wp-content\/uploads\/2011\/07\/DSCF20021.jpg 480w\" sizes=\"auto, (max-width: 112px) 100vw, 112px\" \/><\/a>\n\t\t\t<\/dt><\/dl><dl class='gallery-item'>\n\t\t\t<dt class='gallery-icon portrait'>\n\t\t\t\t<a href='https:\/\/www.djk-erlangen.de\/fussball\/wp-content\/uploads\/2011\/07\/DSCF20031.jpg'><img loading=\"lazy\" decoding=\"async\" width=\"112\" height=\"150\" src=\"https:\/\/www.djk-erlangen.de\/fussball\/wp-content\/uploads\/2011\/07\/DSCF20031-112x150.jpg\" class=\"attachment-thumbnail size-thumbnail\" alt=\"\" srcset=\"https:\/\/www.djk-erlangen.de\/fussball\/wp-content\/uploads\/2011\/07\/DSCF20031-112x150.jpg 112w, https:\/\/www.djk-erlangen.de\/fussball\/wp-content\/uploads\/2011\/07\/DSCF20031-225x300.jpg 225w, https:\/\/www.djk-erlangen.de\/fussball\/wp-content\/uploads\/2011\/07\/DSCF20031.jpg 480w\" sizes=\"auto, (max-width: 112px) 100vw, 112px\" \/><\/a>\n\t\t\t<\/dt><\/dl><dl class='gallery-item'>\n\t\t\t<dt class='gallery-icon portrait'>\n\t\t\t\t<a href='https:\/\/www.djk-erlangen.de\/fussball\/wp-content\/uploads\/2011\/07\/DSCF20041.jpg'><img loading=\"lazy\" decoding=\"async\" width=\"112\" height=\"150\" src=\"https:\/\/www.djk-erlangen.de\/fussball\/wp-content\/uploads\/2011\/07\/DSCF20041-112x150.jpg\" class=\"attachment-thumbnail size-thumbnail\" alt=\"\" srcset=\"https:\/\/www.djk-erlangen.de\/fussball\/wp-content\/uploads\/2011\/07\/DSCF20041-112x150.jpg 112w, https:\/\/www.djk-erlangen.de\/fussball\/wp-content\/uploads\/2011\/07\/DSCF20041-225x300.jpg 225w, https:\/\/www.djk-erlangen.de\/fussball\/wp-content\/uploads\/2011\/07\/DSCF20041.jpg 480w\" sizes=\"auto, (max-width: 112px) 100vw, 112px\" \/><\/a>\n\t\t\t<\/dt><\/dl><br style=\"clear: both\" \/><dl class='gallery-item'>\n\t\t\t<dt class='gallery-icon portrait'>\n\t\t\t\t<a href='https:\/\/www.djk-erlangen.de\/fussball\/wp-content\/uploads\/2011\/07\/DSCF20051.jpg'><img loading=\"lazy\" decoding=\"async\" width=\"112\" height=\"150\" src=\"https:\/\/www.djk-erlangen.de\/fussball\/wp-content\/uploads\/2011\/07\/DSCF20051-112x150.jpg\" class=\"attachment-thumbnail size-thumbnail\" alt=\"\" srcset=\"https:\/\/www.djk-erlangen.de\/fussball\/wp-content\/uploads\/2011\/07\/DSCF20051-112x150.jpg 112w, https:\/\/www.djk-erlangen.de\/fussball\/wp-content\/uploads\/2011\/07\/DSCF20051-225x300.jpg 225w, https:\/\/www.djk-erlangen.de\/fussball\/wp-content\/uploads\/2011\/07\/DSCF20051.jpg 480w\" sizes=\"auto, (max-width: 112px) 100vw, 112px\" \/><\/a>\n\t\t\t<\/dt><\/dl><dl class='gallery-item'>\n\t\t\t<dt class='gallery-icon portrait'>\n\t\t\t\t<a href='https:\/\/www.djk-erlangen.de\/fussball\/wp-content\/uploads\/2011\/07\/DSCF20061.jpg'><img loading=\"lazy\" decoding=\"async\" width=\"112\" height=\"150\" src=\"https:\/\/www.djk-erlangen.de\/fussball\/wp-content\/uploads\/2011\/07\/DSCF20061-112x150.jpg\" class=\"attachment-thumbnail size-thumbnail\" alt=\"\" srcset=\"https:\/\/www.djk-erlangen.de\/fussball\/wp-content\/uploads\/2011\/07\/DSCF20061-112x150.jpg 112w, https:\/\/www.djk-erlangen.de\/fussball\/wp-content\/uploads\/2011\/07\/DSCF20061-225x300.jpg 225w, https:\/\/www.djk-erlangen.de\/fussball\/wp-content\/uploads\/2011\/07\/DSCF20061.jpg 480w\" sizes=\"auto, (max-width: 112px) 100vw, 112px\" \/><\/a>\n\t\t\t<\/dt><\/dl><dl class='gallery-item'>\n\t\t\t<dt class='gallery-icon portrait'>\n\t\t\t\t<a href='https:\/\/www.djk-erlangen.de\/fussball\/wp-content\/uploads\/2011\/07\/DSCF20071.jpg'><img loading=\"lazy\" decoding=\"async\" width=\"112\" height=\"150\" src=\"https:\/\/www.djk-erlangen.de\/fussball\/wp-content\/uploads\/2011\/07\/DSCF20071-112x150.jpg\" class=\"attachment-thumbnail size-thumbnail\" alt=\"\" srcset=\"https:\/\/www.djk-erlangen.de\/fussball\/wp-content\/uploads\/2011\/07\/DSCF20071-112x150.jpg 112w, https:\/\/www.djk-erlangen.de\/fussball\/wp-content\/uploads\/2011\/07\/DSCF20071-225x300.jpg 225w, https:\/\/www.djk-erlangen.de\/fussball\/wp-content\/uploads\/2011\/07\/DSCF20071.jpg 480w\" sizes=\"auto, (max-width: 112px) 100vw, 112px\" \/><\/a>\n\t\t\t<\/dt><\/dl><dl class='gallery-item'>\n\t\t\t<dt class='gallery-icon portrait'>\n\t\t\t\t<a href='https:\/\/www.djk-erlangen.de\/fussball\/wp-content\/uploads\/2011\/07\/DSCF20091.jpg'><img loading=\"lazy\" decoding=\"async\" width=\"112\" height=\"150\" src=\"https:\/\/www.djk-erlangen.de\/fussball\/wp-content\/uploads\/2011\/07\/DSCF20091-112x150.jpg\" class=\"attachment-thumbnail size-thumbnail\" alt=\"\" srcset=\"https:\/\/www.djk-erlangen.de\/fussball\/wp-content\/uploads\/2011\/07\/DSCF20091-112x150.jpg 112w, https:\/\/www.djk-erlangen.de\/fussball\/wp-content\/uploads\/2011\/07\/DSCF20091-225x300.jpg 225w, https:\/\/www.djk-erlangen.de\/fussball\/wp-content\/uploads\/2011\/07\/DSCF20091.jpg 480w\" sizes=\"auto, (max-width: 112px) 100vw, 112px\" \/><\/a>\n\t\t\t<\/dt><\/dl><br style=\"clear: both\" \/><dl class='gallery-item'>\n\t\t\t<dt class='gallery-icon portrait'>\n\t\t\t\t<a href='https:\/\/www.djk-erlangen.de\/fussball\/wp-content\/uploads\/2011\/07\/DSCF20101.jpg'><img loading=\"lazy\" decoding=\"async\" width=\"112\" height=\"150\" src=\"https:\/\/www.djk-erlangen.de\/fussball\/wp-content\/uploads\/2011\/07\/DSCF20101-112x150.jpg\" class=\"attachment-thumbnail size-thumbnail\" alt=\"\" srcset=\"https:\/\/www.djk-erlangen.de\/fussball\/wp-content\/uploads\/2011\/07\/DSCF20101-112x150.jpg 112w, https:\/\/www.djk-erlangen.de\/fussball\/wp-content\/uploads\/2011\/07\/DSCF20101-225x300.jpg 225w, https:\/\/www.djk-erlangen.de\/fussball\/wp-content\/uploads\/2011\/07\/DSCF20101.jpg 480w\" sizes=\"auto, (max-width: 112px) 100vw, 112px\" \/><\/a>\n\t\t\t<\/dt><\/dl><dl class='gallery-item'>\n\t\t\t<dt class='gallery-icon landscape'>\n\t\t\t\t<a href='https:\/\/www.djk-erlangen.de\/fussball\/wp-content\/uploads\/2011\/07\/DSCF20111.jpg'><img loading=\"lazy\" decoding=\"async\" width=\"150\" height=\"112\" src=\"https:\/\/www.djk-erlangen.de\/fussball\/wp-content\/uploads\/2011\/07\/DSCF20111-150x112.jpg\" class=\"attachment-thumbnail size-thumbnail\" alt=\"\" srcset=\"https:\/\/www.djk-erlangen.de\/fussball\/wp-content\/uploads\/2011\/07\/DSCF20111-150x112.jpg 150w, https:\/\/www.djk-erlangen.de\/fussball\/wp-content\/uploads\/2011\/07\/DSCF20111-300x225.jpg 300w, https:\/\/www.djk-erlangen.de\/fussball\/wp-content\/uploads\/2011\/07\/DSCF20111.jpg 640w\" sizes=\"auto, (max-width: 150px) 100vw, 150px\" \/><\/a>\n\t\t\t<\/dt><\/dl><dl class='gallery-item'>\n\t\t\t<dt class='gallery-icon portrait'>\n\t\t\t\t<a href='https:\/\/www.djk-erlangen.de\/fussball\/wp-content\/uploads\/2011\/07\/DSCF20121.jpg'><img loading=\"lazy\" decoding=\"async\" width=\"112\" height=\"150\" src=\"https:\/\/www.djk-erlangen.de\/fussball\/wp-content\/uploads\/2011\/07\/DSCF20121-112x150.jpg\" class=\"attachment-thumbnail size-thumbnail\" alt=\"\" srcset=\"https:\/\/www.djk-erlangen.de\/fussball\/wp-content\/uploads\/2011\/07\/DSCF20121-112x150.jpg 112w, https:\/\/www.djk-erlangen.de\/fussball\/wp-content\/uploads\/2011\/07\/DSCF20121-225x300.jpg 225w, https:\/\/www.djk-erlangen.de\/fussball\/wp-content\/uploads\/2011\/07\/DSCF20121.jpg 480w\" sizes=\"auto, (max-width: 112px) 100vw, 112px\" \/><\/a>\n\t\t\t<\/dt><\/dl><dl class='gallery-item'>\n\t\t\t<dt class='gallery-icon portrait'>\n\t\t\t\t<a href='https:\/\/www.djk-erlangen.de\/fussball\/wp-content\/uploads\/2011\/07\/DSCF20131.jpg'><img loading=\"lazy\" decoding=\"async\" width=\"112\" height=\"150\" src=\"https:\/\/www.djk-erlangen.de\/fussball\/wp-content\/uploads\/2011\/07\/DSCF20131-112x150.jpg\" class=\"attachment-thumbnail size-thumbnail\" alt=\"\" srcset=\"https:\/\/www.djk-erlangen.de\/fussball\/wp-content\/uploads\/2011\/07\/DSCF20131-112x150.jpg 112w, https:\/\/www.djk-erlangen.de\/fussball\/wp-content\/uploads\/2011\/07\/DSCF20131-225x300.jpg 225w, https:\/\/www.djk-erlangen.de\/fussball\/wp-content\/uploads\/2011\/07\/DSCF20131.jpg 480w\" sizes=\"auto, (max-width: 112px) 100vw, 112px\" \/><\/a>\n\t\t\t<\/dt><\/dl><br style=\"clear: both\" \/><dl class='gallery-item'>\n\t\t\t<dt class='gallery-icon portrait'>\n\t\t\t\t<a href='https:\/\/www.djk-erlangen.de\/fussball\/wp-content\/uploads\/2011\/07\/DSCF20171.jpg'><img loading=\"lazy\" decoding=\"async\" width=\"112\" height=\"150\" src=\"https:\/\/www.djk-erlangen.de\/fussball\/wp-content\/uploads\/2011\/07\/DSCF20171-112x150.jpg\" class=\"attachment-thumbnail size-thumbnail\" alt=\"\" srcset=\"https:\/\/www.djk-erlangen.de\/fussball\/wp-content\/uploads\/2011\/07\/DSCF20171-112x150.jpg 112w, https:\/\/www.djk-erlangen.de\/fussball\/wp-content\/uploads\/2011\/07\/DSCF20171-225x300.jpg 225w, https:\/\/www.djk-erlangen.de\/fussball\/wp-content\/uploads\/2011\/07\/DSCF20171.jpg 480w\" sizes=\"auto, (max-width: 112px) 100vw, 112px\" \/><\/a>\n\t\t\t<\/dt><\/dl><dl class='gallery-item'>\n\t\t\t<dt class='gallery-icon landscape'>\n\t\t\t\t<a href='https:\/\/www.djk-erlangen.de\/fussball\/wp-content\/uploads\/2011\/07\/DSCF20181.jpg'><img loading=\"lazy\" decoding=\"async\" width=\"150\" height=\"112\" src=\"https:\/\/www.djk-erlangen.de\/fussball\/wp-content\/uploads\/2011\/07\/DSCF20181-150x112.jpg\" class=\"attachment-thumbnail size-thumbnail\" alt=\"\" srcset=\"https:\/\/www.djk-erlangen.de\/fussball\/wp-content\/uploads\/2011\/07\/DSCF20181-150x112.jpg 150w, https:\/\/www.djk-erlangen.de\/fussball\/wp-content\/uploads\/2011\/07\/DSCF20181-300x225.jpg 300w, https:\/\/www.djk-erlangen.de\/fussball\/wp-content\/uploads\/2011\/07\/DSCF20181.jpg 640w\" sizes=\"auto, (max-width: 150px) 100vw, 150px\" \/><\/a>\n\t\t\t<\/dt><\/dl><dl class='gallery-item'>\n\t\t\t<dt class='gallery-icon portrait'>\n\t\t\t\t<a href='https:\/\/www.djk-erlangen.de\/fussball\/wp-content\/uploads\/2011\/07\/DSCF20191.jpg'><img loading=\"lazy\" decoding=\"async\" width=\"112\" height=\"150\" src=\"https:\/\/www.djk-erlangen.de\/fussball\/wp-content\/uploads\/2011\/07\/DSCF20191-112x150.jpg\" class=\"attachment-thumbnail size-thumbnail\" alt=\"\" srcset=\"https:\/\/www.djk-erlangen.de\/fussball\/wp-content\/uploads\/2011\/07\/DSCF20191-112x150.jpg 112w, https:\/\/www.djk-erlangen.de\/fussball\/wp-content\/uploads\/2011\/07\/DSCF20191-225x300.jpg 225w, https:\/\/www.djk-erlangen.de\/fussball\/wp-content\/uploads\/2011\/07\/DSCF20191.jpg 480w\" sizes=\"auto, (max-width: 112px) 100vw, 112px\" \/><\/a>\n\t\t\t<\/dt><\/dl><dl class='gallery-item'>\n\t\t\t<dt class='gallery-icon portrait'>\n\t\t\t\t<a href='https:\/\/www.djk-erlangen.de\/fussball\/wp-content\/uploads\/2011\/07\/DSCF20201.jpg'><img loading=\"lazy\" decoding=\"async\" width=\"112\" height=\"150\" src=\"https:\/\/www.djk-erlangen.de\/fussball\/wp-content\/uploads\/2011\/07\/DSCF20201-112x150.jpg\" class=\"attachment-thumbnail size-thumbnail\" alt=\"\" srcset=\"https:\/\/www.djk-erlangen.de\/fussball\/wp-content\/uploads\/2011\/07\/DSCF20201-112x150.jpg 112w, https:\/\/www.djk-erlangen.de\/fussball\/wp-content\/uploads\/2011\/07\/DSCF20201-225x300.jpg 225w, https:\/\/www.djk-erlangen.de\/fussball\/wp-content\/uploads\/2011\/07\/DSCF20201.jpg 480w\" sizes=\"auto, (max-width: 112px) 100vw, 112px\" \/><\/a>\n\t\t\t<\/dt><\/dl><br style=\"clear: both\" \/>\n\t\t<\/div>\n\n<p><img decoding=\"async\" title=\"gallery link=&quot;file&quot;\" src=\"http:\/\/www.djk-erlangen.de\/fussball\/wp-includes\/js\/tinymce\/plugins\/wpgallery\/img\/t.gif\" alt=\"\" \/><\/p>\n<p><img decoding=\"async\" title=\"gallery link=&quot;file&quot;\" src=\"http:\/\/www.djk-erlangen.de\/fussball\/wp-includes\/js\/tinymce\/plugins\/wpgallery\/img\/t.gif\" alt=\"\" \/><\/p>\n","protected":false},"excerpt":{"rendered":"<p>Zahlreiche F-Jugendliche nebst Eltern und Gro\u00dfeltern zusammen mit vielen G\u00f6nnern unserer DJK trafen sich am Freitag, den 22. Juli 2011 an dem unvollendeten Durchstich des Kosbacher Damms zur Abschlussfahrt . Der Aufruf der Reiseleitung, p\u00fcnktlich um 14.00 Uhr zu erscheinen, &hellip; <a href=\"https:\/\/www.djk-erlangen.de\/fussball\/?p=7250\">Weiterlesen <span class=\"meta-nav\">&rarr;<\/span><\/a><\/p>\n","protected":false},"author":32,"featured_media":0,"comment_status":"open","ping_status":"closed","sticky":false,"template":"","format":"standard","meta":{"jetpack_post_was_ever_published":false,"_jetpack_newsletter_access":"","_jetpack_dont_email_post_to_subs":false,"_jetpack_newsletter_tier_id":0,"_jetpack_memberships_contains_paywalled_content":false,"_jetpack_memberships_contains_paid_content":false,"footnotes":"","jetpack_publicize_message":"","jetpack_publicize_feature_enabled":true,"jetpack_social_post_already_shared":false,"jetpack_social_options":{"image_generator_settings":{"template":"highway","default_image_id":0,"font":"","enabled":false},"version":2}},"categories":[15],"tags":[],"class_list":["post-7250","post","type-post","status-publish","format-standard","hentry","category-u9-f1"],"jetpack_publicize_connections":[],"jetpack_featured_media_url":"","jetpack_shortlink":"https:\/\/wp.me\/p2ZUr0-1SW","jetpack_sharing_enabled":true,"_links":{"self":[{"href":"https:\/\/www.djk-erlangen.de\/fussball\/index.php?rest_route=\/wp\/v2\/posts\/7250","targetHints":{"allow":["GET"]}}],"collection":[{"href":"https:\/\/www.djk-erlangen.de\/fussball\/index.php?rest_route=\/wp\/v2\/posts"}],"about":[{"href":"https:\/\/www.djk-erlangen.de\/fussball\/index.php?rest_route=\/wp\/v2\/types\/post"}],"author":[{"embeddable":true,"href":"https:\/\/www.djk-erlangen.de\/fussball\/index.php?rest_route=\/wp\/v2\/users\/32"}],"replies":[{"embeddable":true,"href":"https:\/\/www.djk-erlangen.de\/fussball\/index.php?rest_route=%2Fwp%2Fv2%2Fcomments&post=7250"}],"version-history":[{"count":9,"href":"https:\/\/www.djk-erlangen.de\/fussball\/index.php?rest_route=\/wp\/v2\/posts\/7250\/revisions"}],"predecessor-version":[{"id":7371,"href":"https:\/\/www.djk-erlangen.de\/fussball\/index.php?rest_route=\/wp\/v2\/posts\/7250\/revisions\/7371"}],"wp:attachment":[{"href":"https:\/\/www.djk-erlangen.de\/fussball\/index.php?rest_route=%2Fwp%2Fv2%2Fmedia&parent=7250"}],"wp:term":[{"taxonomy":"category","embeddable":true,"href":"https:\/\/www.djk-erlangen.de\/fussball\/index.php?rest_route=%2Fwp%2Fv2%2Fcategories&post=7250"},{"taxonomy":"post_tag","embeddable":true,"href":"https:\/\/www.djk-erlangen.de\/fussball\/index.php?rest_route=%2Fwp%2Fv2%2Ftags&post=7250"}],"curies":[{"name":"wp","href":"https:\/\/api.w.org\/{rel}","templated":true}]}}