{"id":7228,"date":"2011-07-21T23:52:10","date_gmt":"2011-07-21T21:52:10","guid":{"rendered":"http:\/\/www.djk-erlangen.de\/fussball\/?p=7228"},"modified":"2011-07-28T11:06:38","modified_gmt":"2011-07-28T09:06:38","slug":"finalausrichtung-der-f-2-um-den-kreispokal-bei-der-djk","status":"publish","type":"post","link":"https:\/\/www.djk-erlangen.de\/fussball\/?p=7228","title":{"rendered":"Finalausrichtung der F2 um den Kreispokal bei der DJK"},"content":{"rendered":"<p>Es ist erstmals gelungen, die Finalspiele um den Kreispokal der F2-Jugend bei der DJK zu absolvieren. Nach den heftigen Regenschauern der letzten Tage standen die Organisatoren vor einem gro\u00dfen Problem!<br \/>\nBleibt das Wasser weg? Entwarnung kam am Mittwoch Abend durch den 3. Vorstand mit den Worten &#8222;hervorragende Platzverh\u00e4ltnisse&#8220;. Somit war uns allen klar, dass die Finalrunde um den Kreispokal der F2-Jugend ordnungsgem\u00e4\u00df \u00fcber die B\u00fchne gehen kann. Schlie\u00dflich spielen die Wiesenwegbrasilianer ja um Platz 3!!!<\/p>\n<p><!--more--><\/p>\n<p>Die Regenf\u00e4lle von Mittwoch auf Donnerstag konnten uns nicht mehr ersch\u00fcttern. Das letztendliche &#8222;GO&#8220; erhielten wir von unserem Greenkeeper Thomas, der sich am fr\u00fchen Morgen vom Zustand &#8222;seines&#8220; A-Platzes pers\u00f6nlich \u00fcberzeugte. Einzige Aussage, die ihm zu entlocken war: &#8222;Furztrocken&#8220;!!! Die Finalausrichtung war gerettet! Einen ganz besonderen Dank m\u00f6chten wir als Mannschaft an dieser Stelle mal an unser &#8222;M\u00e4dchen&#8220; f\u00fcr alles aussprechen: Unser Rasenkosmetiker und Trainer in Personalunion hat wieder mal eine Meisterleistung beim Einstreuen erbracht. Daran d\u00fcrfen wir uns allerdings nicht gew\u00f6hnen.<\/p>\n<p>Aufgrund der zahlreichen Schulveranstaltungen sowie dem Stadtstaffellauf war die Aufstellung Schall und Rauch. Der Reihe nach trudelten dann die Nominierten und Nichtnominierten zum Treffpunkt bzw. Training ein.<\/p>\n<p>Bondscoach Thomas berief letztlich die bis dato anwesenden Spieler in die Kabine zur Besprechung. Diese hatte es in sich! Hochmotiviert gingen die Wiesenwegbrasilianer in ihr Aufw\u00e4rmprogramm. Die Anspannung wurde dann auch mit in das Spiel genommen, welches durch den KJL Norbert Kn\u00f6sel pers\u00f6nlich geleitet wurde.<\/p>\n<p>Der Frust \u00fcber das vorzeitige Aus im Halbfinale war deutlich zu sp\u00fcren und dementsprechend wurde agiert. Folgerichtig ging man auch verdient mit 1:0 in F\u00fchrung. Der zweite Treffer dieser Begegnung lie\u00df nicht lange auf sich warten und schon war man gegen v\u00f6llig \u00fcberforderte R\u00f6thenbacher der Herr im Haus.<br \/>\nVon nun an lief unser Spiel wie gewohnt. &#8222;Kick and Rush&#8220;. Die G\u00e4ste konnten unseren Dauerl\u00e4ufern nichts mehr entgegensetzen und ergaben sich f\u00f6rmlich. Dadurch kamen wir zu weiteren Torchancen, die auch genutzt wurden. Zum Saisonabschlu\u00df wurde man somit verdient 3. Sieger.<\/p>\n<p>Im Finale dominierte der TSV Frauenaurach gegen die SpVgg Uehlfeld und wurde verdient Kreispokalsieger der F2-Junioren!\u00a0 An dieser Stelle herzlichen Gl\u00fcckwunsch nach &#8222;Mediamarktdowntown&#8220;.<\/p>\n<p>Sportlich haben wir wieder mal bewiesen, da\u00df wir ger\u00fcstet sind, gro\u00dfe Sachen zu machen. Einziger Wermutstropfen war die &#8222;kulinarische Anti-Versorgung&#8220;! Schade!!!<\/p>\n<p>Was soll\u00b4s! Jetzt starten wir erst mal durch nach \u00d6sterreich!!!<\/p>\n<p>Euch allen w\u00fcnschen wir sch\u00f6ne und erholsame Sommerferien und freuen uns, Euch alle wiederzusehen, dann als E3-Jugend.<\/p>\n<p>Die Verantwortlichen<\/p>\n<p>&nbsp;<\/p>\n","protected":false},"excerpt":{"rendered":"<p>Es ist erstmals gelungen, die Finalspiele um den Kreispokal der F2-Jugend bei der DJK zu absolvieren. Nach den heftigen Regenschauern der letzten Tage standen die Organisatoren vor einem gro\u00dfen Problem! Bleibt das Wasser weg? Entwarnung kam am Mittwoch Abend durch &hellip; <a href=\"https:\/\/www.djk-erlangen.de\/fussball\/?p=7228\">Weiterlesen <span class=\"meta-nav\">&rarr;<\/span><\/a><\/p>\n","protected":false},"author":32,"featured_media":0,"comment_status":"open","ping_status":"closed","sticky":false,"template":"","format":"standard","meta":{"jetpack_post_was_ever_published":false,"_jetpack_newsletter_access":"","_jetpack_dont_email_post_to_subs":false,"_jetpack_newsletter_tier_id":0,"_jetpack_memberships_contains_paywalled_content":false,"_jetpack_memberships_contains_paid_content":false,"footnotes":"","jetpack_publicize_message":"","jetpack_publicize_feature_enabled":true,"jetpack_social_post_already_shared":false,"jetpack_social_options":{"image_generator_settings":{"template":"highway","default_image_id":0,"font":"","enabled":false},"version":2}},"categories":[1],"tags":[],"class_list":["post-7228","post","type-post","status-publish","format-standard","hentry","category-allgemein"],"jetpack_publicize_connections":[],"jetpack_featured_media_url":"","jetpack_shortlink":"https:\/\/wp.me\/p2ZUr0-1SA","jetpack_sharing_enabled":true,"_links":{"self":[{"href":"https:\/\/www.djk-erlangen.de\/fussball\/index.php?rest_route=\/wp\/v2\/posts\/7228","targetHints":{"allow":["GET"]}}],"collection":[{"href":"https:\/\/www.djk-erlangen.de\/fussball\/index.php?rest_route=\/wp\/v2\/posts"}],"about":[{"href":"https:\/\/www.djk-erlangen.de\/fussball\/index.php?rest_route=\/wp\/v2\/types\/post"}],"author":[{"embeddable":true,"href":"https:\/\/www.djk-erlangen.de\/fussball\/index.php?rest_route=\/wp\/v2\/users\/32"}],"replies":[{"embeddable":true,"href":"https:\/\/www.djk-erlangen.de\/fussball\/index.php?rest_route=%2Fwp%2Fv2%2Fcomments&post=7228"}],"version-history":[{"count":5,"href":"https:\/\/www.djk-erlangen.de\/fussball\/index.php?rest_route=\/wp\/v2\/posts\/7228\/revisions"}],"predecessor-version":[{"id":7230,"href":"https:\/\/www.djk-erlangen.de\/fussball\/index.php?rest_route=\/wp\/v2\/posts\/7228\/revisions\/7230"}],"wp:attachment":[{"href":"https:\/\/www.djk-erlangen.de\/fussball\/index.php?rest_route=%2Fwp%2Fv2%2Fmedia&parent=7228"}],"wp:term":[{"taxonomy":"category","embeddable":true,"href":"https:\/\/www.djk-erlangen.de\/fussball\/index.php?rest_route=%2Fwp%2Fv2%2Fcategories&post=7228"},{"taxonomy":"post_tag","embeddable":true,"href":"https:\/\/www.djk-erlangen.de\/fussball\/index.php?rest_route=%2Fwp%2Fv2%2Ftags&post=7228"}],"curies":[{"name":"wp","href":"https:\/\/api.w.org\/{rel}","templated":true}]}}