{"id":7178,"date":"2011-07-13T00:08:07","date_gmt":"2011-07-12T22:08:07","guid":{"rendered":"http:\/\/www.djk-erlangen.de\/fussball\/?p=7178"},"modified":"2011-07-13T00:17:50","modified_gmt":"2011-07-12T22:17:50","slug":"die-djk-erlangen-ist-finalausrichter","status":"publish","type":"post","link":"https:\/\/www.djk-erlangen.de\/fussball\/?p=7178","title":{"rendered":"Die DJK Erlangen ist Finalausrichter!!!"},"content":{"rendered":"<p>Liebe DJK Gemeinde, unser Verein ist Ausrichter der diesj\u00e4hrigen Finalrunde im Kreispokal der F-2 Jugend!<br \/>\nBitte macht Euch Gedanken, wie wir den Finaltag f\u00fcr alle 4 beteiligten Mannschaften kurzfristig zu einem Erlebnis<br \/>\nwerden lassen k\u00f6nnen!<br \/>\nDie F-2 der DJK steht dar\u00fcberhinaus im kleinen Finale im Spiel um Platz 3<!--more--><\/p>\n<p>Zitat: Norbert Kn\u00f6sel siehe unten:<\/p>\n<p>&#8222;Bei der F2 werden die Finalspiele (Endspiel, 3. Platz) n\u00e4chste Woche bei der DJK Erlangen (Dienstag, 19.7.11, oder Donnerstag, 21.7.11) ausgetragen! (Es gab drei Bewerber, die DJK hat sich als erster gemeldet und au\u00dferdem liegt das Sportgel\u00e4nde relativ zentral).&#8220;<\/p>\n<p>NAT\u00dcRLICH W\u00dcRDEN WIR UNS \u00dcBER ZAHLREICHE ZUSCHAUER AUS NAH UND FERN SEHR FREUEN!!!<\/p>\n","protected":false},"excerpt":{"rendered":"<p>Liebe DJK Gemeinde, unser Verein ist Ausrichter der diesj\u00e4hrigen Finalrunde im Kreispokal der F-2 Jugend! Bitte macht Euch Gedanken, wie wir den Finaltag f\u00fcr alle 4 beteiligten Mannschaften kurzfristig zu einem Erlebnis werden lassen k\u00f6nnen! Die F-2 der DJK steht &hellip; <a href=\"https:\/\/www.djk-erlangen.de\/fussball\/?p=7178\">Weiterlesen <span class=\"meta-nav\">&rarr;<\/span><\/a><\/p>\n","protected":false},"author":32,"featured_media":0,"comment_status":"open","ping_status":"closed","sticky":false,"template":"","format":"standard","meta":{"jetpack_post_was_ever_published":false,"_jetpack_newsletter_access":"","_jetpack_dont_email_post_to_subs":false,"_jetpack_newsletter_tier_id":0,"_jetpack_memberships_contains_paywalled_content":false,"_jetpack_memberships_contains_paid_content":false,"footnotes":"","jetpack_publicize_message":"","jetpack_publicize_feature_enabled":true,"jetpack_social_post_already_shared":false,"jetpack_social_options":{"image_generator_settings":{"template":"highway","default_image_id":0,"font":"","enabled":false},"version":2}},"categories":[1,15],"tags":[],"class_list":["post-7178","post","type-post","status-publish","format-standard","hentry","category-allgemein","category-u9-f1"],"jetpack_publicize_connections":[],"jetpack_featured_media_url":"","jetpack_shortlink":"https:\/\/wp.me\/p2ZUr0-1RM","jetpack_sharing_enabled":true,"_links":{"self":[{"href":"https:\/\/www.djk-erlangen.de\/fussball\/index.php?rest_route=\/wp\/v2\/posts\/7178","targetHints":{"allow":["GET"]}}],"collection":[{"href":"https:\/\/www.djk-erlangen.de\/fussball\/index.php?rest_route=\/wp\/v2\/posts"}],"about":[{"href":"https:\/\/www.djk-erlangen.de\/fussball\/index.php?rest_route=\/wp\/v2\/types\/post"}],"author":[{"embeddable":true,"href":"https:\/\/www.djk-erlangen.de\/fussball\/index.php?rest_route=\/wp\/v2\/users\/32"}],"replies":[{"embeddable":true,"href":"https:\/\/www.djk-erlangen.de\/fussball\/index.php?rest_route=%2Fwp%2Fv2%2Fcomments&post=7178"}],"version-history":[{"count":5,"href":"https:\/\/www.djk-erlangen.de\/fussball\/index.php?rest_route=\/wp\/v2\/posts\/7178\/revisions"}],"predecessor-version":[{"id":7182,"href":"https:\/\/www.djk-erlangen.de\/fussball\/index.php?rest_route=\/wp\/v2\/posts\/7178\/revisions\/7182"}],"wp:attachment":[{"href":"https:\/\/www.djk-erlangen.de\/fussball\/index.php?rest_route=%2Fwp%2Fv2%2Fmedia&parent=7178"}],"wp:term":[{"taxonomy":"category","embeddable":true,"href":"https:\/\/www.djk-erlangen.de\/fussball\/index.php?rest_route=%2Fwp%2Fv2%2Fcategories&post=7178"},{"taxonomy":"post_tag","embeddable":true,"href":"https:\/\/www.djk-erlangen.de\/fussball\/index.php?rest_route=%2Fwp%2Fv2%2Ftags&post=7178"}],"curies":[{"name":"wp","href":"https:\/\/api.w.org\/{rel}","templated":true}]}}