{"id":7175,"date":"2011-07-12T22:52:20","date_gmt":"2011-07-12T20:52:20","guid":{"rendered":"http:\/\/www.djk-erlangen.de\/fussball\/?p=7175"},"modified":"2011-07-12T22:52:20","modified_gmt":"2011-07-12T20:52:20","slug":"halbfinale-um-den-kreispokal-in-uehlfeld","status":"publish","type":"post","link":"https:\/\/www.djk-erlangen.de\/fussball\/?p=7175","title":{"rendered":"Halbfinale um den Kreispokal in Uehlfeld"},"content":{"rendered":"<p>Die F-2 Jugend absolvierte am heutigen Dienstag nachmittag ihr Halbfinale um den Kreispokal in Uehlfeld. Nach einer kleinen l\u00e4ndlichen Rundfahrt \u00fcber die verschiedensten D\u00f6rfer ist man wohlbehalten am Spielort eingetroffen.<br \/>\nHochmotiviert ging man nach der Ansprache in die Partie, doch vor dem Anpfiff stand noch ein 5 min\u00fctiger Aufstieg von der Umkleide zum Sportplatz an. Dieser glich mehr einem Beachvolleyballplatz als einem Fu\u00dfballplatz.<\/p>\n<p><!--more-->Nach den anf\u00e4nglichen Meckereien \u00fcber den Untergrund fanden wir auch gleich in unser Spiel. Bis auf die Nr. 7 der Gastgeber, welche durch taktisch kluge Spielweise immer wieder auffiel, sowie der Spieler mit der Nr. 5 der nur<br \/>\ndurch Fouls das Spiel belebte, hatten wir das Geschehen v\u00f6llig im Griff.<\/p>\n<p>Der Einbahnstra\u00dfenfu\u00dfball wurde in der 10. Minute durch die erl\u00f6sende 1:0 F\u00fchrung f\u00fcr die Wiesenwegbrasilianer belohnt. Von nun an vergab man zuhauf Torchance um Torchance. Die Gastgeber konnten sich bei unser<br \/>\nAbschlu\u00dfschw\u00e4che bedanken, da\u00df diese zur Pause nicht hoffnungslos hinten lagen. So wechselte man mit diesem knappen Vorsprung auch die Seiten.<\/p>\n<p>In der Halbzeitpause warnte Trainer Thomas seine Mannen vor dem angeschlagenen Gegner. Diese Warnung ging anscheinend an allen Spielern spurlos vorbei. Ein v\u00f6llig anderes Bild im zweiten Spielabschnitt. Die Ordnung<br \/>\nging v\u00f6llig verloren und es waren nur noch einzelne Akteure und keine Mannschaft auf dem Platz. Jeder scho\u00df planlos und ohne \u00dcberlegung auf das gegnerische Geh\u00e4use. Anscheinend wurde nicht registriert, da\u00df Uehlfeld den<br \/>\ngr\u00f6\u00dften Unsicherheitsfaktor, den Torh\u00fcter, zur Pause gewechselt hatte.<\/p>\n<p>Die Abwehr wurde teilweise komplett aufgel\u00f6st, da man mit aller Gewalt den zweiten Treffer erzielen wollte. So kam es wie es kommen mu\u00dfte! Ein weiter Abschlag des Torh\u00fcters wurde durch die in der R\u00fcckw\u00e4rtsbewegung befindlichen Spieler mehr als untersch\u00e4tzt und so konnte der Gastgeber aus heiterem Himmel 4 Minuten vor Schlu\u00df den Ausgleich erzielen. Dieses Ergebnis wurde dann mit viel Gl\u00fcck und auch teilweise Mi\u00dfgeschick \u00fcber die<br \/>\nSpielzeit gerettet.<\/p>\n<p>Zum Gl\u00fcck dachten alle Beteiligten aus der Medizinhauptstadt &#8211; denn in einer Verl\u00e4ngerung h\u00e4tten wir noch zwei Stunden ohne Tor spielen k\u00f6nnen &#8211; da\u00df es direkt zum 9 Meterschie\u00dfen geht.<\/p>\n<p>Hier versagten den auserw\u00e4hlten Sch\u00fctzen g\u00e4nzlich die Nerven! Sage und schreibe die ersten 3!!! Sch\u00fcsse vom omin\u00f6sen Punkt wurden verschossen!!!! Der Gastgeber behielt dagegen eine lupenreine Weste und verwandelte alle unhaltbar. So war das Halbfinale beendet bevor der gro\u00dfe Showdown eigentlich erst beginnen sollte. Einem Teil der Spieler war die Entt\u00e4uschung f\u00f6rmlich ins Gesicht geschrieben und es bedarf einer enormen Aufbauarbeit<br \/>\ndurch die Trainer und Betreuer.<\/p>\n<p>Die Entt\u00e4uschung \u00fcber das verpa\u00dfte Ziel kam bei den Verantwortlichen erst nach dem die Kinder im Bett waren.<\/p>\n<p>Als einziger Wehrmutstropfen bleibt jetzt noch das kleine Finale gegen den 1. FC R\u00f6thenbach\/Pegnitz welche ihr Halbfinale gegen die Spieli zuhause mit 2:3 verloren.<br \/>\nVielleicht d\u00fcrfen wir uns ja als Ausrichter der Finalspiele im Jubil\u00e4umsjahr wenigstens hier wie ein 1. Sieger f\u00fchlen.<\/p>\n","protected":false},"excerpt":{"rendered":"<p>Die F-2 Jugend absolvierte am heutigen Dienstag nachmittag ihr Halbfinale um den Kreispokal in Uehlfeld. Nach einer kleinen l\u00e4ndlichen Rundfahrt \u00fcber die verschiedensten D\u00f6rfer ist man wohlbehalten am Spielort eingetroffen. Hochmotiviert ging man nach der Ansprache in die Partie, doch &hellip; <a href=\"https:\/\/www.djk-erlangen.de\/fussball\/?p=7175\">Weiterlesen <span class=\"meta-nav\">&rarr;<\/span><\/a><\/p>\n","protected":false},"author":32,"featured_media":0,"comment_status":"open","ping_status":"closed","sticky":false,"template":"","format":"standard","meta":{"jetpack_post_was_ever_published":false,"_jetpack_newsletter_access":"","_jetpack_dont_email_post_to_subs":false,"_jetpack_newsletter_tier_id":0,"_jetpack_memberships_contains_paywalled_content":false,"_jetpack_memberships_contains_paid_content":false,"footnotes":"","jetpack_publicize_message":"","jetpack_publicize_feature_enabled":true,"jetpack_social_post_already_shared":false,"jetpack_social_options":{"image_generator_settings":{"template":"highway","default_image_id":0,"font":"","enabled":false},"version":2}},"categories":[1],"tags":[],"class_list":["post-7175","post","type-post","status-publish","format-standard","hentry","category-allgemein"],"jetpack_publicize_connections":[],"jetpack_featured_media_url":"","jetpack_shortlink":"https:\/\/wp.me\/p2ZUr0-1RJ","jetpack_sharing_enabled":true,"_links":{"self":[{"href":"https:\/\/www.djk-erlangen.de\/fussball\/index.php?rest_route=\/wp\/v2\/posts\/7175","targetHints":{"allow":["GET"]}}],"collection":[{"href":"https:\/\/www.djk-erlangen.de\/fussball\/index.php?rest_route=\/wp\/v2\/posts"}],"about":[{"href":"https:\/\/www.djk-erlangen.de\/fussball\/index.php?rest_route=\/wp\/v2\/types\/post"}],"author":[{"embeddable":true,"href":"https:\/\/www.djk-erlangen.de\/fussball\/index.php?rest_route=\/wp\/v2\/users\/32"}],"replies":[{"embeddable":true,"href":"https:\/\/www.djk-erlangen.de\/fussball\/index.php?rest_route=%2Fwp%2Fv2%2Fcomments&post=7175"}],"version-history":[{"count":1,"href":"https:\/\/www.djk-erlangen.de\/fussball\/index.php?rest_route=\/wp\/v2\/posts\/7175\/revisions"}],"predecessor-version":[{"id":7176,"href":"https:\/\/www.djk-erlangen.de\/fussball\/index.php?rest_route=\/wp\/v2\/posts\/7175\/revisions\/7176"}],"wp:attachment":[{"href":"https:\/\/www.djk-erlangen.de\/fussball\/index.php?rest_route=%2Fwp%2Fv2%2Fmedia&parent=7175"}],"wp:term":[{"taxonomy":"category","embeddable":true,"href":"https:\/\/www.djk-erlangen.de\/fussball\/index.php?rest_route=%2Fwp%2Fv2%2Fcategories&post=7175"},{"taxonomy":"post_tag","embeddable":true,"href":"https:\/\/www.djk-erlangen.de\/fussball\/index.php?rest_route=%2Fwp%2Fv2%2Ftags&post=7175"}],"curies":[{"name":"wp","href":"https:\/\/api.w.org\/{rel}","templated":true}]}}