{"id":7173,"date":"2011-07-14T00:00:38","date_gmt":"2011-07-13T22:00:38","guid":{"rendered":"http:\/\/www.djk-erlangen.de\/fussball\/?p=7173"},"modified":"2011-07-14T16:55:19","modified_gmt":"2011-07-14T14:55:19","slug":"ruckblick-09-10-07-2011","status":"publish","type":"post","link":"https:\/\/www.djk-erlangen.de\/fussball\/?p=7173","title":{"rendered":"R\u00fcckblick 09.\/10.07.2011 (inkl. Impressionen von der Kerwa-Bar)"},"content":{"rendered":"<p>Sportlich ging es am Wochenende zweimal ins Elfmeterschie\u00dfen.<br \/>\nBeim Einlagespiel DJK I &#8211; DJK II im Rahmen der\u00a0DJK-Kerwa\/90-Jahre DJK-Feierlichkeiten\u00a0stand es nach 90 min 1:1 unentschieden. Im anschlie\u00dfenden Elfmeterschie\u00dfen konnte sich die Reserve knapp behaupten.<!--more--><br \/>\nAm Sonntag brachte uns die 2. Runde des Toto-Pokals auf Kreisebene ein Gastspiel beim T\u00fcrkischen SV Erlangen ein. Nach packenden 90 Pokal-Minuten auf dem Johann-Kalb-Sportfeld stand es 3:3 und so kam es erneut zum Duell vom Elfmeterpunkt. Hier versagten unserem &#8222;Baggio&#8220; die Nerven und wir mussten uns knapp mit 8:7 geschlagen geben.<br \/>\nSpielverlauf: 1:0, 1:1 Hanusch, 1:2 Hoffmann, 2:2, 3:2, 3:3 T. Rausch (Foulelfmeter)<\/p>\n<p>Dar\u00fcberhinaus m\u00f6chte sich der Autor sowohl bei allen G\u00e4sten an der Kerwa-Cocktail-Bar als auch den freiwilligen Helfern bedanken, die mittlerweile schon zum dritten Mal in Folge ihren Beitrag zu einem sch\u00f6nen Kerwa-Samstagabend geleistet haben.<\/p>\n\n\t\t<style type=\"text\/css\">\n\t\t\t#gallery-1 {\n\t\t\t\tmargin: auto;\n\t\t\t}\n\t\t\t#gallery-1 .gallery-item {\n\t\t\t\tfloat: left;\n\t\t\t\tmargin-top: 10px;\n\t\t\t\ttext-align: center;\n\t\t\t\twidth: 33%;\n\t\t\t}\n\t\t\t#gallery-1 img {\n\t\t\t\tborder: 2px solid #cfcfcf;\n\t\t\t}\n\t\t\t#gallery-1 .gallery-caption {\n\t\t\t\tmargin-left: 0;\n\t\t\t}\n\t\t\t\/* see gallery_shortcode() in wp-includes\/media.php *\/\n\t\t<\/style>\n\t\t<div id='gallery-1' class='gallery galleryid-7173 gallery-columns-3 gallery-size-thumbnail'><dl class='gallery-item'>\n\t\t\t<dt class='gallery-icon landscape'>\n\t\t\t\t<a href='https:\/\/www.djk-erlangen.de\/fussball\/wp-content\/uploads\/2011\/07\/2011Kerwa1.jpg'><img loading=\"lazy\" decoding=\"async\" width=\"150\" height=\"112\" src=\"https:\/\/www.djk-erlangen.de\/fussball\/wp-content\/uploads\/2011\/07\/2011Kerwa1-150x112.jpg\" class=\"attachment-thumbnail size-thumbnail\" alt=\"\" srcset=\"https:\/\/www.djk-erlangen.de\/fussball\/wp-content\/uploads\/2011\/07\/2011Kerwa1-150x112.jpg 150w, https:\/\/www.djk-erlangen.de\/fussball\/wp-content\/uploads\/2011\/07\/2011Kerwa1-300x224.jpg 300w, https:\/\/www.djk-erlangen.de\/fussball\/wp-content\/uploads\/2011\/07\/2011Kerwa1.jpg 448w\" sizes=\"auto, (max-width: 150px) 100vw, 150px\" \/><\/a>\n\t\t\t<\/dt><\/dl><dl class='gallery-item'>\n\t\t\t<dt class='gallery-icon landscape'>\n\t\t\t\t<a href='https:\/\/www.djk-erlangen.de\/fussball\/wp-content\/uploads\/2011\/07\/2011Kerwa2.jpg'><img loading=\"lazy\" decoding=\"async\" width=\"150\" height=\"112\" src=\"https:\/\/www.djk-erlangen.de\/fussball\/wp-content\/uploads\/2011\/07\/2011Kerwa2-150x112.jpg\" class=\"attachment-thumbnail size-thumbnail\" alt=\"\" srcset=\"https:\/\/www.djk-erlangen.de\/fussball\/wp-content\/uploads\/2011\/07\/2011Kerwa2-150x112.jpg 150w, https:\/\/www.djk-erlangen.de\/fussball\/wp-content\/uploads\/2011\/07\/2011Kerwa2-300x224.jpg 300w, https:\/\/www.djk-erlangen.de\/fussball\/wp-content\/uploads\/2011\/07\/2011Kerwa2.jpg 448w\" sizes=\"auto, (max-width: 150px) 100vw, 150px\" \/><\/a>\n\t\t\t<\/dt><\/dl><dl class='gallery-item'>\n\t\t\t<dt class='gallery-icon landscape'>\n\t\t\t\t<a href='https:\/\/www.djk-erlangen.de\/fussball\/wp-content\/uploads\/2011\/07\/2011Kerwa3.jpg'><img loading=\"lazy\" decoding=\"async\" width=\"150\" height=\"112\" src=\"https:\/\/www.djk-erlangen.de\/fussball\/wp-content\/uploads\/2011\/07\/2011Kerwa3-150x112.jpg\" class=\"attachment-thumbnail size-thumbnail\" alt=\"\" srcset=\"https:\/\/www.djk-erlangen.de\/fussball\/wp-content\/uploads\/2011\/07\/2011Kerwa3-150x112.jpg 150w, https:\/\/www.djk-erlangen.de\/fussball\/wp-content\/uploads\/2011\/07\/2011Kerwa3-300x224.jpg 300w, https:\/\/www.djk-erlangen.de\/fussball\/wp-content\/uploads\/2011\/07\/2011Kerwa3.jpg 448w\" sizes=\"auto, (max-width: 150px) 100vw, 150px\" \/><\/a>\n\t\t\t<\/dt><\/dl><br style=\"clear: both\" \/><dl class='gallery-item'>\n\t\t\t<dt class='gallery-icon landscape'>\n\t\t\t\t<a href='https:\/\/www.djk-erlangen.de\/fussball\/wp-content\/uploads\/2011\/07\/2011Kerwa4.jpg'><img loading=\"lazy\" decoding=\"async\" width=\"150\" height=\"112\" src=\"https:\/\/www.djk-erlangen.de\/fussball\/wp-content\/uploads\/2011\/07\/2011Kerwa4-150x112.jpg\" class=\"attachment-thumbnail size-thumbnail\" alt=\"\" srcset=\"https:\/\/www.djk-erlangen.de\/fussball\/wp-content\/uploads\/2011\/07\/2011Kerwa4-150x112.jpg 150w, https:\/\/www.djk-erlangen.de\/fussball\/wp-content\/uploads\/2011\/07\/2011Kerwa4-300x224.jpg 300w, https:\/\/www.djk-erlangen.de\/fussball\/wp-content\/uploads\/2011\/07\/2011Kerwa4.jpg 448w\" sizes=\"auto, (max-width: 150px) 100vw, 150px\" \/><\/a>\n\t\t\t<\/dt><\/dl><dl class='gallery-item'>\n\t\t\t<dt class='gallery-icon landscape'>\n\t\t\t\t<a href='https:\/\/www.djk-erlangen.de\/fussball\/wp-content\/uploads\/2011\/07\/2011Kerwa5.jpg'><img loading=\"lazy\" decoding=\"async\" width=\"150\" height=\"112\" src=\"https:\/\/www.djk-erlangen.de\/fussball\/wp-content\/uploads\/2011\/07\/2011Kerwa5-150x112.jpg\" class=\"attachment-thumbnail size-thumbnail\" alt=\"\" srcset=\"https:\/\/www.djk-erlangen.de\/fussball\/wp-content\/uploads\/2011\/07\/2011Kerwa5-150x112.jpg 150w, https:\/\/www.djk-erlangen.de\/fussball\/wp-content\/uploads\/2011\/07\/2011Kerwa5-300x224.jpg 300w, https:\/\/www.djk-erlangen.de\/fussball\/wp-content\/uploads\/2011\/07\/2011Kerwa5.jpg 448w\" sizes=\"auto, (max-width: 150px) 100vw, 150px\" \/><\/a>\n\t\t\t<\/dt><\/dl><dl class='gallery-item'>\n\t\t\t<dt class='gallery-icon landscape'>\n\t\t\t\t<a href='https:\/\/www.djk-erlangen.de\/fussball\/wp-content\/uploads\/2011\/07\/2011Kerwa6.jpg'><img loading=\"lazy\" decoding=\"async\" width=\"150\" height=\"112\" src=\"https:\/\/www.djk-erlangen.de\/fussball\/wp-content\/uploads\/2011\/07\/2011Kerwa6-150x112.jpg\" class=\"attachment-thumbnail size-thumbnail\" alt=\"\" srcset=\"https:\/\/www.djk-erlangen.de\/fussball\/wp-content\/uploads\/2011\/07\/2011Kerwa6-150x112.jpg 150w, https:\/\/www.djk-erlangen.de\/fussball\/wp-content\/uploads\/2011\/07\/2011Kerwa6-300x224.jpg 300w, https:\/\/www.djk-erlangen.de\/fussball\/wp-content\/uploads\/2011\/07\/2011Kerwa6.jpg 448w\" sizes=\"auto, (max-width: 150px) 100vw, 150px\" \/><\/a>\n\t\t\t<\/dt><\/dl><br style=\"clear: both\" \/><dl class='gallery-item'>\n\t\t\t<dt class='gallery-icon landscape'>\n\t\t\t\t<a href='https:\/\/www.djk-erlangen.de\/fussball\/wp-content\/uploads\/2011\/07\/2011Kerwa7.jpg'><img loading=\"lazy\" decoding=\"async\" width=\"150\" height=\"112\" src=\"https:\/\/www.djk-erlangen.de\/fussball\/wp-content\/uploads\/2011\/07\/2011Kerwa7-150x112.jpg\" class=\"attachment-thumbnail size-thumbnail\" alt=\"\" srcset=\"https:\/\/www.djk-erlangen.de\/fussball\/wp-content\/uploads\/2011\/07\/2011Kerwa7-150x112.jpg 150w, https:\/\/www.djk-erlangen.de\/fussball\/wp-content\/uploads\/2011\/07\/2011Kerwa7-300x224.jpg 300w, https:\/\/www.djk-erlangen.de\/fussball\/wp-content\/uploads\/2011\/07\/2011Kerwa7.jpg 448w\" sizes=\"auto, (max-width: 150px) 100vw, 150px\" \/><\/a>\n\t\t\t<\/dt><\/dl>\n\t\t\t<br style='clear: both' \/>\n\t\t<\/div>\n\n","protected":false},"excerpt":{"rendered":"<p>Sportlich ging es am Wochenende zweimal ins Elfmeterschie\u00dfen. Beim Einlagespiel DJK I &#8211; DJK II im Rahmen der\u00a0DJK-Kerwa\/90-Jahre DJK-Feierlichkeiten\u00a0stand es nach 90 min 1:1 unentschieden. Im anschlie\u00dfenden Elfmeterschie\u00dfen konnte sich die Reserve knapp behaupten.<\/p>\n","protected":false},"author":24,"featured_media":0,"comment_status":"open","ping_status":"closed","sticky":false,"template":"","format":"standard","meta":{"jetpack_post_was_ever_published":false,"_jetpack_newsletter_access":"","_jetpack_dont_email_post_to_subs":false,"_jetpack_newsletter_tier_id":0,"_jetpack_memberships_contains_paywalled_content":false,"_jetpack_memberships_contains_paid_content":false,"footnotes":"","jetpack_publicize_message":"","jetpack_publicize_feature_enabled":true,"jetpack_social_post_already_shared":false,"jetpack_social_options":{"image_generator_settings":{"template":"highway","default_image_id":0,"font":"","enabled":false},"version":2}},"categories":[1,5,17],"tags":[],"class_list":["post-7173","post","type-post","status-publish","format-standard","hentry","category-allgemein","category-herren","category-herren-1"],"jetpack_publicize_connections":[],"jetpack_featured_media_url":"","jetpack_shortlink":"https:\/\/wp.me\/p2ZUr0-1RH","jetpack_sharing_enabled":true,"_links":{"self":[{"href":"https:\/\/www.djk-erlangen.de\/fussball\/index.php?rest_route=\/wp\/v2\/posts\/7173","targetHints":{"allow":["GET"]}}],"collection":[{"href":"https:\/\/www.djk-erlangen.de\/fussball\/index.php?rest_route=\/wp\/v2\/posts"}],"about":[{"href":"https:\/\/www.djk-erlangen.de\/fussball\/index.php?rest_route=\/wp\/v2\/types\/post"}],"author":[{"embeddable":true,"href":"https:\/\/www.djk-erlangen.de\/fussball\/index.php?rest_route=\/wp\/v2\/users\/24"}],"replies":[{"embeddable":true,"href":"https:\/\/www.djk-erlangen.de\/fussball\/index.php?rest_route=%2Fwp%2Fv2%2Fcomments&post=7173"}],"version-history":[{"count":6,"href":"https:\/\/www.djk-erlangen.de\/fussball\/index.php?rest_route=\/wp\/v2\/posts\/7173\/revisions"}],"predecessor-version":[{"id":7196,"href":"https:\/\/www.djk-erlangen.de\/fussball\/index.php?rest_route=\/wp\/v2\/posts\/7173\/revisions\/7196"}],"wp:attachment":[{"href":"https:\/\/www.djk-erlangen.de\/fussball\/index.php?rest_route=%2Fwp%2Fv2%2Fmedia&parent=7173"}],"wp:term":[{"taxonomy":"category","embeddable":true,"href":"https:\/\/www.djk-erlangen.de\/fussball\/index.php?rest_route=%2Fwp%2Fv2%2Fcategories&post=7173"},{"taxonomy":"post_tag","embeddable":true,"href":"https:\/\/www.djk-erlangen.de\/fussball\/index.php?rest_route=%2Fwp%2Fv2%2Ftags&post=7173"}],"curies":[{"name":"wp","href":"https:\/\/api.w.org\/{rel}","templated":true}]}}