{"id":6936,"date":"2011-07-10T21:51:52","date_gmt":"2011-07-10T19:51:52","guid":{"rendered":"http:\/\/www.djk-erlangen.de\/fussball\/?p=6936"},"modified":"2011-07-11T20:04:13","modified_gmt":"2011-07-11T18:04:13","slug":"gelungener-sommercup-im-jubilaumsjahr","status":"publish","type":"post","link":"https:\/\/www.djk-erlangen.de\/fussball\/?p=6936","title":{"rendered":"Gelungener Sommercup im Jubil\u00e4umsjahr"},"content":{"rendered":"<p>Bei besten \u00e4u\u00dferen Bedingungen waren anl\u00e4sslich des 90-j\u00e4hrigen Vereinsjubil\u00e4ums der DJK Erlangen der Einladung zum Jubil\u00e4ums-Sommercup der F-Jugend am Samstag, dem 09.07.2011 zahlreiche Mannschaften aus Nah und Fern gefolgt.<\/p>\n<p>Bereits um 06.30 Uhr am Morgen traf man sich am Rande des gr\u00fcnen Teppichs zu Aufbau und Vorbereitung f\u00fcr den Jubil\u00e4ums-Sommercup. Z\u00fcgig wurde Hand in Hand gearbeitet und gegen 08.00 Uhr war dann alles gerichtet, sodass die Mamis mit den Vorbereitungen der Verk\u00f6stigung beginnen konnten. Dann trafen der Reihe nach auch schon die ersten Mannschaften am Gel\u00e4nde ein.<\/p>\n<p><!--more--><\/p>\n<p>Der Turnierbeginn r\u00fcckte immer n\u00e4her und die Nervosit\u00e4t stand den Verantwortlichen ins Gesicht geschrieben, denn der wichtigste Mann am heutigen Tag war weit und breit nicht\u00a0 auszumachen. Unser allseits gesch\u00e4tzter Greenkeeper Thomas, der f\u00fcr die Turnierleitung verantwortlich zeigte, kam dann v\u00f6llig abgek\u00e4mpft von der Arbeit aufs Gel\u00e4nde. Nach einer kurzen Einweisung in den Streuwagen \u00fcbernahm Brauni kurzfristig die Kleinfeldeinstreuung, damit sich Thomas frisch machen konnte. Ein anstrengender Tag hatte begonnen.<\/p>\n<p>Im Vorfeld des Turniers wurde die Einteilung der Gruppen vorgenommen. Gespielt wurde in Gruppe A und Gruppe\u00a0 B mit folgenden Mannschaften:<\/p>\n<p>Gruppe A<\/p>\n<ol>\n<li>DJK Erlangen I<\/li>\n<li>SC Adelsdorf<\/li>\n<li>TSV Fischbach<\/li>\n<li>SC Feucht I<\/li>\n<li>SC Eckenheid<\/li>\n<\/ol>\n<p>Gruppe B:<\/p>\n<ol>\n<li>DJK Erlangen II<\/li>\n<li>SC Feucht II<\/li>\n<li>SC Eltersdorf<\/li>\n<li>JFG Postbauer Heng<\/li>\n<li>Post SV N\u00fcrnberg<\/li>\n<\/ol>\n<p>Gleich zu Beginn des Turniers durfte die DJK I gegen den SC Adelsdorf ran. Irgendwie lief es nicht rund und zahlreiche Abspielfehler waren die H\u00f6hepunkte in unserem Spiel. So wurden wir durch einen schnellen Gegensto\u00df der Adelsdorfer \u00fcberrascht und schwuppdiwupp hie\u00df es 0:1. Dies war auch der Endstand unserer Auftaktpartie.<br \/>\nIm zweiten Spiel der Gruppe A gewann der SC Feucht I mit gleichem Ergebnis gegen die Br\u00fcggen-Truppe aus Fischbach.<br \/>\nDie Auftaktbegegnung unserer zweiten Mannschaft verlief deutlich erfreulicher. Das Team von Feucht II wurde mit 2:1 bezwungen.<br \/>\nIm zweiten Spiel der Gruppe gewann Postbauer-Heng gegen Eltersdorf mit 2:0.<\/p>\n<p>Die zweite Spielrunde der Gruppenphase bescherte der DJK I den SC Eckenhaid. In einem kampfbetonten Spiel, in dem wir zahlreiche Torchancen vergaben und vielmehr Einbahnstra\u00dfenfu\u00dfall auf das gegnerische Tor zeigten, wurde am Ende leider kein Sieger gefunden und so trennte man sich mit einem torlosen Remis.<br \/>\nDer SC Adelsdorf bezahlte viel Lehrgeld und ging mit 0:6 gegen SC Feucht I baden.<br \/>\nEin \u00e4hnliches Schicksal ereilte die DJK II. Diese verlor ihre zweite Partie deutlich mit 4:0 gegen den Post SV N\u00fcrnberg.<br \/>\nFeucht II verlor knapp mit 0:1 gegen Postbauer-Heng.<\/p>\n<p>Die dritte Runde er\u00f6ffnete wieder die Gruppe A . Der TSV Fischbach gewann deutlich mit 5:0 gegen den SC Eckenhaid. Die\u00a0 DJK I war jetzt leicht verbessert, hatte jedoch gegen Feucht I keine Chance, sich von 2 Gegentreffern zu erholen und somit waren die Hoffnungen auf ein sportlich erfolgreiches Turnier schon begraben.<br \/>\nIn der Gruppe B verlor der SC Eltersdorf mit 1:3 gegen den Post SV N\u00fcrnberg. Postbauer-Heng gewann mit 1:0 gegen unsere DJK II.<\/p>\n<p>Fischbach aus Gruppe A bezwang Adelsdorf mit 3:1 und Eckenheid kam mit 0:5 gegen Feucht I unter die R\u00e4der.<\/p>\n<p>Eltersdorf gewann gegen Feucht II mit 1:0 und Post SV N\u00fcrnberg verlor gegen Postbauer-Heng mit selbigem Resultat.<\/p>\n<p>Unseres letztes Spiel der Gruppenphase bescherte eine Neuauflage des Finals vom letzten Jahr. Die DJK I empfing den TSV Fischbach. Wie schon im Vorjahr im Endspiel entwickelte sich ein tolles Spiel auf beiden Seiten. Jedoch hatten wir auch heuer kein Gl\u00fcck und verloren die Begegnung kurz vor Schluss wie schon das letztj\u00e4hrige Finale mit 0:1. Adelsdorf gewann gegen Eckenhaid mit 3:0.<br \/>\nDie Lober-Buben von der DJK II verloren ungl\u00fccklich gegen die M\u00fcrrmann-Sch\u00fctzlinge vom SCE mit 1:3. Der Post SV gewann gegen Feucht II mit 4:0.<\/p>\n<p>Somit war die Gruppenphase beendet und es ergab sich folgende Abschlusstabelle:<\/p>\n<p>Gruppe A:<\/p>\n<ol>\n<li>SC Feucht I<\/li>\n<li>TSV Fischbach<\/li>\n<li>SC Adelsdorf<\/li>\n<li>DJK Erlangen I<\/li>\n<li>SC Eckenhaid<\/li>\n<\/ol>\n<p>Gruppe B:<\/p>\n<ol>\n<li>JFG Postbauer Heng<\/li>\n<li>Post SV N\u00fcrnberg<\/li>\n<li>SC Eltersdorf<\/li>\n<li>DJK Erlangen II<\/li>\n<li>SC Feucht II<\/li>\n<\/ol>\n<p>Somit waren die Halbfinals und die Platzierungsspiele klar definiert.<\/p>\n<p>Im Spiel um Platz 9 trafen der SC Eckenhaid und der SC Feucht II aufeinander. Beim Spiel um den 7. Platz gab es ein rein DJK-internes Duell und im Spiel um Platz 5 kickten der SC Eltersdorf und der SC Adelsdorf gegeneinander.<br \/>\nIm Halbfinale standen die heute spielerisch besten 4 Mannschaften. Der SC Feucht I traf auf den Post SV N\u00fcrnberg und Postbauer-Heng auf den TSV Fischbach.<\/p>\n<p>Kurzfristig wurde der Turnierplan ein wenig umgekrempelt und alle Spiele wegen der am Spielfeldrand vorhandenen Schattenpl\u00e4tze f\u00fcr die mittlerweile wieder stattliche Kulisse auf Spielfeld 1 verlegt.<\/p>\n<p>Das erste Halbfinale zwischen dem SC Feucht I und Post SV N\u00fcrnberg gewannen in einem packenden Spiel die Jungs von Horst Landgraf vom Post SV mit 2:0. Im zweiten Halbfinale setzen sich die Fischbacher relativ deutlich gegen Postbauer-Heng mit 3:0 durch.<\/p>\n<p>Den Auftakt der Platzierungsspiele machten der SC Eckenhaid gegen Feucht II. Eckenhaid gewann denkbar knapp mit 3:2.<br \/>\nIm darauffolgenden Spiel kam es zum internen Duell der beiden DJK-Mannschaften. Hier setzte sich letztendlich die erste Mannschaft klar mit 3:0 durch. Wobei man nicht vergessen darf, dass mit unserer Zweiten binnen eines Jahres eine durchaus gleichwertige Mannschaft gereift ist. Macht weiter so Jungs.<\/p>\n<p>Das Spiel um Platz 5 verlor der SC Eltersdorf gegen SC Adelsdorf mit 0:1.<\/p>\n<p>Das kleine Finale zwischen Feucht I und Postbauer-Heng bot den Zuschauern schon mal einen kleinen Vorgeschmack auf das Finale. Trotz der fortgeschrittenen Zeit und zahlreichen Spielen in den Beinen fighteten die Kinder um jeden Zentimeter Boden und es wurde kein Ball verloren gegeben. Nach der regul\u00e4ren Spielzeit stand kein Gewinner fest. So musste der Sieger im 9-Meter-Schie\u00dfen ermittelt werden. Das erste Mal am heutigen Tage war bei gef\u00fchlten 35\u00b0C G\u00e4nsehautathmosph\u00e4re im Wiesengrund zu sp\u00fcren. Die gl\u00fccklicheren Sch\u00fctzen besa\u00dfen die Feuchter und gingen mit einen 3:2 nach 9-Meter-Schie\u00dfen als Drittplatzierte vom Feld.<\/p>\n<p>Auch das Finale war an Spannung und Dramatik nicht zu \u00fcberbieten. Diese Begegnung zwischen dem Post SV N\u00fcrnberg und dem Titelverteidiger endete nach der regul\u00e4ren Spielzeit ebenfalls torlos und deshalb musste auch hier die Entscheidung um den Turniersieg vom Punkt aus entschieden werden.<br \/>\nHier hatten die Jungs vom Post SV das Gl\u00fcck auf Ihrer Seite und entschieden den Finalkrimi mit 3:1 f\u00fcr sich. Der Jubel bei den zahlreich mitgereisten Fans kannte keine Grenzen und auch der Trainer der Posterer Horst Landgraf konnte sich der Wasserdusche der gl\u00fccklichen Sieger nicht erwehren.<\/p>\n<p>&nbsp;<\/p>\n<p>Schlussplazierungen:<\/p>\n<ol>\n<li>Post SV N\u00fcrnberg<\/li>\n<li>TSV Fischbach<\/li>\n<li>SC Feucht I<\/li>\n<li>JFG Postbauer Heng<\/li>\n<li>SC Adelsdorf<\/li>\n<li>SC Eltersdorf<\/li>\n<li>DJK Erlangen I<\/li>\n<li>DJK Erlangen II<\/li>\n<li>SC Eckenhaid<\/li>\n<li>SC Feucht II<\/li>\n<\/ol>\n<p>Ein rundum gelungenes Turnier mit am Ende 10 Siegermannschaften ging zu Ende und alle Mannschaften freuten sich schon auf die Wiederauflage am 28.07.2012 an gleicher Stelle.<\/p>\n<p>Die Veranstalter von der DJK verabschiedeten \u00fcbergl\u00fcckliche Kinder, denn jeder Teilnehmer erhielt einen eigenen Siegerpokal und man feierte das gelungene Turnier bei der anschlie\u00dfenden Sportlerk\u00e4rwa in der Ristobar im Wiesengrund.<\/p>\n\n\t\t<style type=\"text\/css\">\n\t\t\t#gallery-1 {\n\t\t\t\tmargin: auto;\n\t\t\t}\n\t\t\t#gallery-1 .gallery-item {\n\t\t\t\tfloat: left;\n\t\t\t\tmargin-top: 10px;\n\t\t\t\ttext-align: center;\n\t\t\t\twidth: 33%;\n\t\t\t}\n\t\t\t#gallery-1 img {\n\t\t\t\tborder: 2px solid #cfcfcf;\n\t\t\t}\n\t\t\t#gallery-1 .gallery-caption {\n\t\t\t\tmargin-left: 0;\n\t\t\t}\n\t\t\t\/* see gallery_shortcode() in wp-includes\/media.php *\/\n\t\t<\/style>\n\t\t<div id='gallery-1' class='gallery galleryid-6936 gallery-columns-3 gallery-size-thumbnail'><dl class='gallery-item'>\n\t\t\t<dt class='gallery-icon landscape'>\n\t\t\t\t<a href='https:\/\/www.djk-erlangen.de\/fussball\/wp-content\/uploads\/2011\/07\/DSC_8925.jpg'><img loading=\"lazy\" decoding=\"async\" width=\"150\" height=\"99\" src=\"https:\/\/www.djk-erlangen.de\/fussball\/wp-content\/uploads\/2011\/07\/DSC_8925-150x99.jpg\" class=\"attachment-thumbnail size-thumbnail\" alt=\"\" srcset=\"https:\/\/www.djk-erlangen.de\/fussball\/wp-content\/uploads\/2011\/07\/DSC_8925-150x99.jpg 150w, https:\/\/www.djk-erlangen.de\/fussball\/wp-content\/uploads\/2011\/07\/DSC_8925-300x199.jpg 300w, https:\/\/www.djk-erlangen.de\/fussball\/wp-content\/uploads\/2011\/07\/DSC_8925.jpg 1024w\" sizes=\"auto, (max-width: 150px) 100vw, 150px\" \/><\/a>\n\t\t\t<\/dt><\/dl><dl class='gallery-item'>\n\t\t\t<dt class='gallery-icon landscape'>\n\t\t\t\t<a href='https:\/\/www.djk-erlangen.de\/fussball\/wp-content\/uploads\/2011\/07\/DSC_89251.jpg'><img loading=\"lazy\" decoding=\"async\" width=\"150\" height=\"99\" src=\"https:\/\/www.djk-erlangen.de\/fussball\/wp-content\/uploads\/2011\/07\/DSC_89251-150x99.jpg\" class=\"attachment-thumbnail size-thumbnail\" alt=\"\" srcset=\"https:\/\/www.djk-erlangen.de\/fussball\/wp-content\/uploads\/2011\/07\/DSC_89251-150x99.jpg 150w, https:\/\/www.djk-erlangen.de\/fussball\/wp-content\/uploads\/2011\/07\/DSC_89251-300x199.jpg 300w, https:\/\/www.djk-erlangen.de\/fussball\/wp-content\/uploads\/2011\/07\/DSC_89251.jpg 1024w\" sizes=\"auto, (max-width: 150px) 100vw, 150px\" \/><\/a>\n\t\t\t<\/dt><\/dl><dl class='gallery-item'>\n\t\t\t<dt class='gallery-icon landscape'>\n\t\t\t\t<a href='https:\/\/www.djk-erlangen.de\/fussball\/wp-content\/uploads\/2011\/07\/DSC_8929.jpg'><img loading=\"lazy\" decoding=\"async\" width=\"150\" height=\"99\" src=\"https:\/\/www.djk-erlangen.de\/fussball\/wp-content\/uploads\/2011\/07\/DSC_8929-150x99.jpg\" class=\"attachment-thumbnail size-thumbnail\" alt=\"\" srcset=\"https:\/\/www.djk-erlangen.de\/fussball\/wp-content\/uploads\/2011\/07\/DSC_8929-150x99.jpg 150w, https:\/\/www.djk-erlangen.de\/fussball\/wp-content\/uploads\/2011\/07\/DSC_8929-300x199.jpg 300w, https:\/\/www.djk-erlangen.de\/fussball\/wp-content\/uploads\/2011\/07\/DSC_8929.jpg 1024w\" sizes=\"auto, (max-width: 150px) 100vw, 150px\" \/><\/a>\n\t\t\t<\/dt><\/dl><br style=\"clear: both\" \/><dl class='gallery-item'>\n\t\t\t<dt class='gallery-icon landscape'>\n\t\t\t\t<a href='https:\/\/www.djk-erlangen.de\/fussball\/wp-content\/uploads\/2011\/07\/DSC_8934.jpg'><img loading=\"lazy\" decoding=\"async\" width=\"150\" height=\"99\" src=\"https:\/\/www.djk-erlangen.de\/fussball\/wp-content\/uploads\/2011\/07\/DSC_8934-150x99.jpg\" class=\"attachment-thumbnail size-thumbnail\" alt=\"\" srcset=\"https:\/\/www.djk-erlangen.de\/fussball\/wp-content\/uploads\/2011\/07\/DSC_8934-150x99.jpg 150w, https:\/\/www.djk-erlangen.de\/fussball\/wp-content\/uploads\/2011\/07\/DSC_8934-300x199.jpg 300w, https:\/\/www.djk-erlangen.de\/fussball\/wp-content\/uploads\/2011\/07\/DSC_8934.jpg 1024w\" sizes=\"auto, (max-width: 150px) 100vw, 150px\" \/><\/a>\n\t\t\t<\/dt><\/dl><dl class='gallery-item'>\n\t\t\t<dt class='gallery-icon landscape'>\n\t\t\t\t<a href='https:\/\/www.djk-erlangen.de\/fussball\/wp-content\/uploads\/2011\/07\/DSC_8942.jpg'><img loading=\"lazy\" decoding=\"async\" width=\"150\" height=\"99\" src=\"https:\/\/www.djk-erlangen.de\/fussball\/wp-content\/uploads\/2011\/07\/DSC_8942-150x99.jpg\" class=\"attachment-thumbnail size-thumbnail\" alt=\"\" srcset=\"https:\/\/www.djk-erlangen.de\/fussball\/wp-content\/uploads\/2011\/07\/DSC_8942-150x99.jpg 150w, https:\/\/www.djk-erlangen.de\/fussball\/wp-content\/uploads\/2011\/07\/DSC_8942-300x199.jpg 300w, https:\/\/www.djk-erlangen.de\/fussball\/wp-content\/uploads\/2011\/07\/DSC_8942.jpg 1024w\" sizes=\"auto, (max-width: 150px) 100vw, 150px\" \/><\/a>\n\t\t\t<\/dt><\/dl><dl class='gallery-item'>\n\t\t\t<dt class='gallery-icon landscape'>\n\t\t\t\t<a href='https:\/\/www.djk-erlangen.de\/fussball\/wp-content\/uploads\/2011\/07\/DSC_8945.jpg'><img loading=\"lazy\" decoding=\"async\" width=\"150\" height=\"99\" src=\"https:\/\/www.djk-erlangen.de\/fussball\/wp-content\/uploads\/2011\/07\/DSC_8945-150x99.jpg\" class=\"attachment-thumbnail size-thumbnail\" alt=\"\" srcset=\"https:\/\/www.djk-erlangen.de\/fussball\/wp-content\/uploads\/2011\/07\/DSC_8945-150x99.jpg 150w, https:\/\/www.djk-erlangen.de\/fussball\/wp-content\/uploads\/2011\/07\/DSC_8945-300x199.jpg 300w, https:\/\/www.djk-erlangen.de\/fussball\/wp-content\/uploads\/2011\/07\/DSC_8945.jpg 1024w\" sizes=\"auto, (max-width: 150px) 100vw, 150px\" \/><\/a>\n\t\t\t<\/dt><\/dl><br style=\"clear: both\" \/><dl class='gallery-item'>\n\t\t\t<dt class='gallery-icon landscape'>\n\t\t\t\t<a href='https:\/\/www.djk-erlangen.de\/fussball\/wp-content\/uploads\/2011\/07\/DSC_8952.jpg'><img loading=\"lazy\" decoding=\"async\" width=\"150\" height=\"99\" src=\"https:\/\/www.djk-erlangen.de\/fussball\/wp-content\/uploads\/2011\/07\/DSC_8952-150x99.jpg\" class=\"attachment-thumbnail size-thumbnail\" alt=\"\" srcset=\"https:\/\/www.djk-erlangen.de\/fussball\/wp-content\/uploads\/2011\/07\/DSC_8952-150x99.jpg 150w, https:\/\/www.djk-erlangen.de\/fussball\/wp-content\/uploads\/2011\/07\/DSC_8952-300x199.jpg 300w, https:\/\/www.djk-erlangen.de\/fussball\/wp-content\/uploads\/2011\/07\/DSC_8952.jpg 1024w\" sizes=\"auto, (max-width: 150px) 100vw, 150px\" \/><\/a>\n\t\t\t<\/dt><\/dl><dl class='gallery-item'>\n\t\t\t<dt class='gallery-icon landscape'>\n\t\t\t\t<a href='https:\/\/www.djk-erlangen.de\/fussball\/wp-content\/uploads\/2011\/07\/DSC_8953.jpg'><img loading=\"lazy\" decoding=\"async\" width=\"150\" height=\"99\" src=\"https:\/\/www.djk-erlangen.de\/fussball\/wp-content\/uploads\/2011\/07\/DSC_8953-150x99.jpg\" class=\"attachment-thumbnail size-thumbnail\" alt=\"\" srcset=\"https:\/\/www.djk-erlangen.de\/fussball\/wp-content\/uploads\/2011\/07\/DSC_8953-150x99.jpg 150w, https:\/\/www.djk-erlangen.de\/fussball\/wp-content\/uploads\/2011\/07\/DSC_8953-300x199.jpg 300w, https:\/\/www.djk-erlangen.de\/fussball\/wp-content\/uploads\/2011\/07\/DSC_8953.jpg 1024w\" sizes=\"auto, (max-width: 150px) 100vw, 150px\" \/><\/a>\n\t\t\t<\/dt><\/dl><dl class='gallery-item'>\n\t\t\t<dt class='gallery-icon landscape'>\n\t\t\t\t<a href='https:\/\/www.djk-erlangen.de\/fussball\/wp-content\/uploads\/2011\/07\/DSC_8993.jpg'><img loading=\"lazy\" decoding=\"async\" width=\"150\" height=\"99\" src=\"https:\/\/www.djk-erlangen.de\/fussball\/wp-content\/uploads\/2011\/07\/DSC_8993-150x99.jpg\" class=\"attachment-thumbnail size-thumbnail\" alt=\"\" srcset=\"https:\/\/www.djk-erlangen.de\/fussball\/wp-content\/uploads\/2011\/07\/DSC_8993-150x99.jpg 150w, https:\/\/www.djk-erlangen.de\/fussball\/wp-content\/uploads\/2011\/07\/DSC_8993-300x199.jpg 300w, https:\/\/www.djk-erlangen.de\/fussball\/wp-content\/uploads\/2011\/07\/DSC_8993.jpg 1024w\" sizes=\"auto, (max-width: 150px) 100vw, 150px\" \/><\/a>\n\t\t\t<\/dt><\/dl><br style=\"clear: both\" \/><dl class='gallery-item'>\n\t\t\t<dt class='gallery-icon landscape'>\n\t\t\t\t<a href='https:\/\/www.djk-erlangen.de\/fussball\/wp-content\/uploads\/2011\/07\/DSC_8994.jpg'><img loading=\"lazy\" decoding=\"async\" width=\"150\" height=\"99\" src=\"https:\/\/www.djk-erlangen.de\/fussball\/wp-content\/uploads\/2011\/07\/DSC_8994-150x99.jpg\" class=\"attachment-thumbnail size-thumbnail\" alt=\"\" srcset=\"https:\/\/www.djk-erlangen.de\/fussball\/wp-content\/uploads\/2011\/07\/DSC_8994-150x99.jpg 150w, https:\/\/www.djk-erlangen.de\/fussball\/wp-content\/uploads\/2011\/07\/DSC_8994-300x199.jpg 300w, https:\/\/www.djk-erlangen.de\/fussball\/wp-content\/uploads\/2011\/07\/DSC_8994.jpg 1024w\" sizes=\"auto, (max-width: 150px) 100vw, 150px\" \/><\/a>\n\t\t\t<\/dt><\/dl><dl class='gallery-item'>\n\t\t\t<dt class='gallery-icon landscape'>\n\t\t\t\t<a href='https:\/\/www.djk-erlangen.de\/fussball\/wp-content\/uploads\/2011\/07\/DSC_8996.jpg'><img loading=\"lazy\" decoding=\"async\" width=\"150\" height=\"99\" src=\"https:\/\/www.djk-erlangen.de\/fussball\/wp-content\/uploads\/2011\/07\/DSC_8996-150x99.jpg\" class=\"attachment-thumbnail size-thumbnail\" alt=\"\" srcset=\"https:\/\/www.djk-erlangen.de\/fussball\/wp-content\/uploads\/2011\/07\/DSC_8996-150x99.jpg 150w, https:\/\/www.djk-erlangen.de\/fussball\/wp-content\/uploads\/2011\/07\/DSC_8996-300x199.jpg 300w, https:\/\/www.djk-erlangen.de\/fussball\/wp-content\/uploads\/2011\/07\/DSC_8996.jpg 1024w\" sizes=\"auto, (max-width: 150px) 100vw, 150px\" \/><\/a>\n\t\t\t<\/dt><\/dl><dl class='gallery-item'>\n\t\t\t<dt class='gallery-icon landscape'>\n\t\t\t\t<a href='https:\/\/www.djk-erlangen.de\/fussball\/wp-content\/uploads\/2011\/07\/DSC_8997.jpg'><img loading=\"lazy\" decoding=\"async\" width=\"150\" height=\"99\" src=\"https:\/\/www.djk-erlangen.de\/fussball\/wp-content\/uploads\/2011\/07\/DSC_8997-150x99.jpg\" class=\"attachment-thumbnail size-thumbnail\" alt=\"\" srcset=\"https:\/\/www.djk-erlangen.de\/fussball\/wp-content\/uploads\/2011\/07\/DSC_8997-150x99.jpg 150w, https:\/\/www.djk-erlangen.de\/fussball\/wp-content\/uploads\/2011\/07\/DSC_8997-300x199.jpg 300w, https:\/\/www.djk-erlangen.de\/fussball\/wp-content\/uploads\/2011\/07\/DSC_8997.jpg 1024w\" sizes=\"auto, (max-width: 150px) 100vw, 150px\" \/><\/a>\n\t\t\t<\/dt><\/dl><br style=\"clear: both\" \/><dl class='gallery-item'>\n\t\t\t<dt class='gallery-icon landscape'>\n\t\t\t\t<a href='https:\/\/www.djk-erlangen.de\/fussball\/wp-content\/uploads\/2011\/07\/DSC_8999.jpg'><img loading=\"lazy\" decoding=\"async\" width=\"150\" height=\"99\" src=\"https:\/\/www.djk-erlangen.de\/fussball\/wp-content\/uploads\/2011\/07\/DSC_8999-150x99.jpg\" class=\"attachment-thumbnail size-thumbnail\" alt=\"\" srcset=\"https:\/\/www.djk-erlangen.de\/fussball\/wp-content\/uploads\/2011\/07\/DSC_8999-150x99.jpg 150w, https:\/\/www.djk-erlangen.de\/fussball\/wp-content\/uploads\/2011\/07\/DSC_8999-300x199.jpg 300w, https:\/\/www.djk-erlangen.de\/fussball\/wp-content\/uploads\/2011\/07\/DSC_8999.jpg 1024w\" sizes=\"auto, (max-width: 150px) 100vw, 150px\" \/><\/a>\n\t\t\t<\/dt><\/dl><dl class='gallery-item'>\n\t\t\t<dt class='gallery-icon landscape'>\n\t\t\t\t<a href='https:\/\/www.djk-erlangen.de\/fussball\/wp-content\/uploads\/2011\/07\/DSC_9000.jpg'><img loading=\"lazy\" decoding=\"async\" width=\"150\" height=\"99\" src=\"https:\/\/www.djk-erlangen.de\/fussball\/wp-content\/uploads\/2011\/07\/DSC_9000-150x99.jpg\" class=\"attachment-thumbnail size-thumbnail\" alt=\"\" srcset=\"https:\/\/www.djk-erlangen.de\/fussball\/wp-content\/uploads\/2011\/07\/DSC_9000-150x99.jpg 150w, https:\/\/www.djk-erlangen.de\/fussball\/wp-content\/uploads\/2011\/07\/DSC_9000-300x199.jpg 300w, https:\/\/www.djk-erlangen.de\/fussball\/wp-content\/uploads\/2011\/07\/DSC_9000.jpg 1024w\" sizes=\"auto, (max-width: 150px) 100vw, 150px\" \/><\/a>\n\t\t\t<\/dt><\/dl><dl class='gallery-item'>\n\t\t\t<dt class='gallery-icon landscape'>\n\t\t\t\t<a href='https:\/\/www.djk-erlangen.de\/fussball\/wp-content\/uploads\/2011\/07\/DSC_9001.jpg'><img loading=\"lazy\" decoding=\"async\" width=\"150\" height=\"99\" src=\"https:\/\/www.djk-erlangen.de\/fussball\/wp-content\/uploads\/2011\/07\/DSC_9001-150x99.jpg\" class=\"attachment-thumbnail size-thumbnail\" alt=\"\" srcset=\"https:\/\/www.djk-erlangen.de\/fussball\/wp-content\/uploads\/2011\/07\/DSC_9001-150x99.jpg 150w, https:\/\/www.djk-erlangen.de\/fussball\/wp-content\/uploads\/2011\/07\/DSC_9001-300x199.jpg 300w, https:\/\/www.djk-erlangen.de\/fussball\/wp-content\/uploads\/2011\/07\/DSC_9001.jpg 1024w\" sizes=\"auto, (max-width: 150px) 100vw, 150px\" \/><\/a>\n\t\t\t<\/dt><\/dl><br style=\"clear: both\" \/><dl class='gallery-item'>\n\t\t\t<dt class='gallery-icon landscape'>\n\t\t\t\t<a href='https:\/\/www.djk-erlangen.de\/fussball\/wp-content\/uploads\/2011\/07\/DSC_9002.jpg'><img loading=\"lazy\" decoding=\"async\" width=\"150\" height=\"99\" src=\"https:\/\/www.djk-erlangen.de\/fussball\/wp-content\/uploads\/2011\/07\/DSC_9002-150x99.jpg\" class=\"attachment-thumbnail size-thumbnail\" alt=\"\" srcset=\"https:\/\/www.djk-erlangen.de\/fussball\/wp-content\/uploads\/2011\/07\/DSC_9002-150x99.jpg 150w, https:\/\/www.djk-erlangen.de\/fussball\/wp-content\/uploads\/2011\/07\/DSC_9002-300x199.jpg 300w, https:\/\/www.djk-erlangen.de\/fussball\/wp-content\/uploads\/2011\/07\/DSC_9002.jpg 1024w\" sizes=\"auto, (max-width: 150px) 100vw, 150px\" \/><\/a>\n\t\t\t<\/dt><\/dl><dl class='gallery-item'>\n\t\t\t<dt class='gallery-icon landscape'>\n\t\t\t\t<a href='https:\/\/www.djk-erlangen.de\/fussball\/wp-content\/uploads\/2011\/07\/DSC_9003.jpg'><img loading=\"lazy\" decoding=\"async\" width=\"150\" height=\"99\" src=\"https:\/\/www.djk-erlangen.de\/fussball\/wp-content\/uploads\/2011\/07\/DSC_9003-150x99.jpg\" class=\"attachment-thumbnail size-thumbnail\" alt=\"\" srcset=\"https:\/\/www.djk-erlangen.de\/fussball\/wp-content\/uploads\/2011\/07\/DSC_9003-150x99.jpg 150w, https:\/\/www.djk-erlangen.de\/fussball\/wp-content\/uploads\/2011\/07\/DSC_9003-300x199.jpg 300w, https:\/\/www.djk-erlangen.de\/fussball\/wp-content\/uploads\/2011\/07\/DSC_9003.jpg 1024w\" sizes=\"auto, (max-width: 150px) 100vw, 150px\" \/><\/a>\n\t\t\t<\/dt><\/dl><dl class='gallery-item'>\n\t\t\t<dt class='gallery-icon landscape'>\n\t\t\t\t<a href='https:\/\/www.djk-erlangen.de\/fussball\/wp-content\/uploads\/2011\/07\/DSC_9004.jpg'><img loading=\"lazy\" decoding=\"async\" width=\"150\" height=\"99\" src=\"https:\/\/www.djk-erlangen.de\/fussball\/wp-content\/uploads\/2011\/07\/DSC_9004-150x99.jpg\" class=\"attachment-thumbnail size-thumbnail\" alt=\"\" srcset=\"https:\/\/www.djk-erlangen.de\/fussball\/wp-content\/uploads\/2011\/07\/DSC_9004-150x99.jpg 150w, https:\/\/www.djk-erlangen.de\/fussball\/wp-content\/uploads\/2011\/07\/DSC_9004-300x199.jpg 300w, https:\/\/www.djk-erlangen.de\/fussball\/wp-content\/uploads\/2011\/07\/DSC_9004.jpg 1024w\" sizes=\"auto, (max-width: 150px) 100vw, 150px\" \/><\/a>\n\t\t\t<\/dt><\/dl><br style=\"clear: both\" \/><dl class='gallery-item'>\n\t\t\t<dt class='gallery-icon landscape'>\n\t\t\t\t<a href='https:\/\/www.djk-erlangen.de\/fussball\/wp-content\/uploads\/2011\/07\/DSC_9005.jpg'><img loading=\"lazy\" decoding=\"async\" width=\"150\" height=\"99\" src=\"https:\/\/www.djk-erlangen.de\/fussball\/wp-content\/uploads\/2011\/07\/DSC_9005-150x99.jpg\" class=\"attachment-thumbnail size-thumbnail\" alt=\"\" srcset=\"https:\/\/www.djk-erlangen.de\/fussball\/wp-content\/uploads\/2011\/07\/DSC_9005-150x99.jpg 150w, https:\/\/www.djk-erlangen.de\/fussball\/wp-content\/uploads\/2011\/07\/DSC_9005-300x199.jpg 300w, https:\/\/www.djk-erlangen.de\/fussball\/wp-content\/uploads\/2011\/07\/DSC_9005.jpg 1024w\" sizes=\"auto, (max-width: 150px) 100vw, 150px\" \/><\/a>\n\t\t\t<\/dt><\/dl><dl class='gallery-item'>\n\t\t\t<dt class='gallery-icon landscape'>\n\t\t\t\t<a href='https:\/\/www.djk-erlangen.de\/fussball\/wp-content\/uploads\/2011\/07\/DSC_9006.jpg'><img loading=\"lazy\" decoding=\"async\" width=\"150\" height=\"99\" src=\"https:\/\/www.djk-erlangen.de\/fussball\/wp-content\/uploads\/2011\/07\/DSC_9006-150x99.jpg\" class=\"attachment-thumbnail size-thumbnail\" alt=\"\" srcset=\"https:\/\/www.djk-erlangen.de\/fussball\/wp-content\/uploads\/2011\/07\/DSC_9006-150x99.jpg 150w, https:\/\/www.djk-erlangen.de\/fussball\/wp-content\/uploads\/2011\/07\/DSC_9006-300x199.jpg 300w, https:\/\/www.djk-erlangen.de\/fussball\/wp-content\/uploads\/2011\/07\/DSC_9006.jpg 1024w\" sizes=\"auto, (max-width: 150px) 100vw, 150px\" \/><\/a>\n\t\t\t<\/dt><\/dl><dl class='gallery-item'>\n\t\t\t<dt class='gallery-icon landscape'>\n\t\t\t\t<a href='https:\/\/www.djk-erlangen.de\/fussball\/wp-content\/uploads\/2011\/07\/DSC_9007.jpg'><img loading=\"lazy\" decoding=\"async\" width=\"150\" height=\"99\" src=\"https:\/\/www.djk-erlangen.de\/fussball\/wp-content\/uploads\/2011\/07\/DSC_9007-150x99.jpg\" class=\"attachment-thumbnail size-thumbnail\" alt=\"\" srcset=\"https:\/\/www.djk-erlangen.de\/fussball\/wp-content\/uploads\/2011\/07\/DSC_9007-150x99.jpg 150w, https:\/\/www.djk-erlangen.de\/fussball\/wp-content\/uploads\/2011\/07\/DSC_9007-300x199.jpg 300w, https:\/\/www.djk-erlangen.de\/fussball\/wp-content\/uploads\/2011\/07\/DSC_9007.jpg 1024w\" sizes=\"auto, (max-width: 150px) 100vw, 150px\" \/><\/a>\n\t\t\t<\/dt><\/dl><br style=\"clear: both\" \/><dl class='gallery-item'>\n\t\t\t<dt class='gallery-icon landscape'>\n\t\t\t\t<a href='https:\/\/www.djk-erlangen.de\/fussball\/wp-content\/uploads\/2011\/07\/DSC_9008.jpg'><img loading=\"lazy\" decoding=\"async\" width=\"150\" height=\"99\" src=\"https:\/\/www.djk-erlangen.de\/fussball\/wp-content\/uploads\/2011\/07\/DSC_9008-150x99.jpg\" class=\"attachment-thumbnail size-thumbnail\" alt=\"\" srcset=\"https:\/\/www.djk-erlangen.de\/fussball\/wp-content\/uploads\/2011\/07\/DSC_9008-150x99.jpg 150w, https:\/\/www.djk-erlangen.de\/fussball\/wp-content\/uploads\/2011\/07\/DSC_9008-300x199.jpg 300w, https:\/\/www.djk-erlangen.de\/fussball\/wp-content\/uploads\/2011\/07\/DSC_9008.jpg 1024w\" sizes=\"auto, (max-width: 150px) 100vw, 150px\" \/><\/a>\n\t\t\t<\/dt><\/dl><dl class='gallery-item'>\n\t\t\t<dt class='gallery-icon landscape'>\n\t\t\t\t<a href='https:\/\/www.djk-erlangen.de\/fussball\/wp-content\/uploads\/2011\/07\/DSC_9009.jpg'><img loading=\"lazy\" decoding=\"async\" width=\"150\" height=\"99\" src=\"https:\/\/www.djk-erlangen.de\/fussball\/wp-content\/uploads\/2011\/07\/DSC_9009-150x99.jpg\" class=\"attachment-thumbnail size-thumbnail\" alt=\"\" srcset=\"https:\/\/www.djk-erlangen.de\/fussball\/wp-content\/uploads\/2011\/07\/DSC_9009-150x99.jpg 150w, https:\/\/www.djk-erlangen.de\/fussball\/wp-content\/uploads\/2011\/07\/DSC_9009-300x199.jpg 300w, https:\/\/www.djk-erlangen.de\/fussball\/wp-content\/uploads\/2011\/07\/DSC_9009.jpg 1024w\" sizes=\"auto, (max-width: 150px) 100vw, 150px\" \/><\/a>\n\t\t\t<\/dt><\/dl><dl class='gallery-item'>\n\t\t\t<dt class='gallery-icon landscape'>\n\t\t\t\t<a href='https:\/\/www.djk-erlangen.de\/fussball\/wp-content\/uploads\/2011\/07\/DSC_9010.jpg'><img loading=\"lazy\" decoding=\"async\" width=\"150\" height=\"99\" src=\"https:\/\/www.djk-erlangen.de\/fussball\/wp-content\/uploads\/2011\/07\/DSC_9010-150x99.jpg\" class=\"attachment-thumbnail size-thumbnail\" alt=\"\" srcset=\"https:\/\/www.djk-erlangen.de\/fussball\/wp-content\/uploads\/2011\/07\/DSC_9010-150x99.jpg 150w, https:\/\/www.djk-erlangen.de\/fussball\/wp-content\/uploads\/2011\/07\/DSC_9010-300x199.jpg 300w, https:\/\/www.djk-erlangen.de\/fussball\/wp-content\/uploads\/2011\/07\/DSC_9010.jpg 1024w\" sizes=\"auto, (max-width: 150px) 100vw, 150px\" \/><\/a>\n\t\t\t<\/dt><\/dl><br style=\"clear: both\" \/><dl class='gallery-item'>\n\t\t\t<dt class='gallery-icon landscape'>\n\t\t\t\t<a href='https:\/\/www.djk-erlangen.de\/fussball\/wp-content\/uploads\/2011\/07\/DSC_9011.jpg'><img loading=\"lazy\" decoding=\"async\" width=\"150\" height=\"99\" src=\"https:\/\/www.djk-erlangen.de\/fussball\/wp-content\/uploads\/2011\/07\/DSC_9011-150x99.jpg\" class=\"attachment-thumbnail size-thumbnail\" alt=\"\" srcset=\"https:\/\/www.djk-erlangen.de\/fussball\/wp-content\/uploads\/2011\/07\/DSC_9011-150x99.jpg 150w, https:\/\/www.djk-erlangen.de\/fussball\/wp-content\/uploads\/2011\/07\/DSC_9011-300x199.jpg 300w, https:\/\/www.djk-erlangen.de\/fussball\/wp-content\/uploads\/2011\/07\/DSC_9011.jpg 1024w\" sizes=\"auto, (max-width: 150px) 100vw, 150px\" \/><\/a>\n\t\t\t<\/dt><\/dl><dl class='gallery-item'>\n\t\t\t<dt class='gallery-icon landscape'>\n\t\t\t\t<a href='https:\/\/www.djk-erlangen.de\/fussball\/wp-content\/uploads\/2011\/07\/DSC_9012.jpg'><img loading=\"lazy\" decoding=\"async\" width=\"150\" height=\"99\" src=\"https:\/\/www.djk-erlangen.de\/fussball\/wp-content\/uploads\/2011\/07\/DSC_9012-150x99.jpg\" class=\"attachment-thumbnail size-thumbnail\" alt=\"\" srcset=\"https:\/\/www.djk-erlangen.de\/fussball\/wp-content\/uploads\/2011\/07\/DSC_9012-150x99.jpg 150w, https:\/\/www.djk-erlangen.de\/fussball\/wp-content\/uploads\/2011\/07\/DSC_9012-300x199.jpg 300w, https:\/\/www.djk-erlangen.de\/fussball\/wp-content\/uploads\/2011\/07\/DSC_9012.jpg 1024w\" sizes=\"auto, (max-width: 150px) 100vw, 150px\" \/><\/a>\n\t\t\t<\/dt><\/dl><dl class='gallery-item'>\n\t\t\t<dt class='gallery-icon landscape'>\n\t\t\t\t<a href='https:\/\/www.djk-erlangen.de\/fussball\/wp-content\/uploads\/2011\/07\/DSC_9013.jpg'><img loading=\"lazy\" decoding=\"async\" width=\"150\" height=\"99\" src=\"https:\/\/www.djk-erlangen.de\/fussball\/wp-content\/uploads\/2011\/07\/DSC_9013-150x99.jpg\" class=\"attachment-thumbnail size-thumbnail\" alt=\"\" srcset=\"https:\/\/www.djk-erlangen.de\/fussball\/wp-content\/uploads\/2011\/07\/DSC_9013-150x99.jpg 150w, https:\/\/www.djk-erlangen.de\/fussball\/wp-content\/uploads\/2011\/07\/DSC_9013-300x199.jpg 300w, https:\/\/www.djk-erlangen.de\/fussball\/wp-content\/uploads\/2011\/07\/DSC_9013.jpg 1024w\" sizes=\"auto, (max-width: 150px) 100vw, 150px\" \/><\/a>\n\t\t\t<\/dt><\/dl><br style=\"clear: both\" \/><dl class='gallery-item'>\n\t\t\t<dt class='gallery-icon landscape'>\n\t\t\t\t<a href='https:\/\/www.djk-erlangen.de\/fussball\/wp-content\/uploads\/2011\/07\/DSC_9014.jpg'><img loading=\"lazy\" decoding=\"async\" width=\"150\" height=\"99\" src=\"https:\/\/www.djk-erlangen.de\/fussball\/wp-content\/uploads\/2011\/07\/DSC_9014-150x99.jpg\" class=\"attachment-thumbnail size-thumbnail\" alt=\"\" srcset=\"https:\/\/www.djk-erlangen.de\/fussball\/wp-content\/uploads\/2011\/07\/DSC_9014-150x99.jpg 150w, https:\/\/www.djk-erlangen.de\/fussball\/wp-content\/uploads\/2011\/07\/DSC_9014-300x199.jpg 300w, https:\/\/www.djk-erlangen.de\/fussball\/wp-content\/uploads\/2011\/07\/DSC_9014.jpg 1024w\" sizes=\"auto, (max-width: 150px) 100vw, 150px\" \/><\/a>\n\t\t\t<\/dt><\/dl><dl class='gallery-item'>\n\t\t\t<dt class='gallery-icon landscape'>\n\t\t\t\t<a href='https:\/\/www.djk-erlangen.de\/fussball\/wp-content\/uploads\/2011\/07\/DSC_9015.jpg'><img loading=\"lazy\" decoding=\"async\" width=\"150\" height=\"99\" src=\"https:\/\/www.djk-erlangen.de\/fussball\/wp-content\/uploads\/2011\/07\/DSC_9015-150x99.jpg\" class=\"attachment-thumbnail size-thumbnail\" alt=\"\" srcset=\"https:\/\/www.djk-erlangen.de\/fussball\/wp-content\/uploads\/2011\/07\/DSC_9015-150x99.jpg 150w, https:\/\/www.djk-erlangen.de\/fussball\/wp-content\/uploads\/2011\/07\/DSC_9015-300x199.jpg 300w, https:\/\/www.djk-erlangen.de\/fussball\/wp-content\/uploads\/2011\/07\/DSC_9015.jpg 1024w\" sizes=\"auto, (max-width: 150px) 100vw, 150px\" \/><\/a>\n\t\t\t<\/dt><\/dl><dl class='gallery-item'>\n\t\t\t<dt class='gallery-icon landscape'>\n\t\t\t\t<a href='https:\/\/www.djk-erlangen.de\/fussball\/wp-content\/uploads\/2011\/07\/DSC_9016.jpg'><img loading=\"lazy\" decoding=\"async\" width=\"150\" height=\"99\" src=\"https:\/\/www.djk-erlangen.de\/fussball\/wp-content\/uploads\/2011\/07\/DSC_9016-150x99.jpg\" class=\"attachment-thumbnail size-thumbnail\" alt=\"\" srcset=\"https:\/\/www.djk-erlangen.de\/fussball\/wp-content\/uploads\/2011\/07\/DSC_9016-150x99.jpg 150w, https:\/\/www.djk-erlangen.de\/fussball\/wp-content\/uploads\/2011\/07\/DSC_9016-300x199.jpg 300w, https:\/\/www.djk-erlangen.de\/fussball\/wp-content\/uploads\/2011\/07\/DSC_9016.jpg 1024w\" sizes=\"auto, (max-width: 150px) 100vw, 150px\" \/><\/a>\n\t\t\t<\/dt><\/dl><br style=\"clear: both\" \/><dl class='gallery-item'>\n\t\t\t<dt class='gallery-icon landscape'>\n\t\t\t\t<a href='https:\/\/www.djk-erlangen.de\/fussball\/wp-content\/uploads\/2011\/07\/DSC_9017.jpg'><img loading=\"lazy\" decoding=\"async\" width=\"150\" height=\"99\" src=\"https:\/\/www.djk-erlangen.de\/fussball\/wp-content\/uploads\/2011\/07\/DSC_9017-150x99.jpg\" class=\"attachment-thumbnail size-thumbnail\" alt=\"\" srcset=\"https:\/\/www.djk-erlangen.de\/fussball\/wp-content\/uploads\/2011\/07\/DSC_9017-150x99.jpg 150w, https:\/\/www.djk-erlangen.de\/fussball\/wp-content\/uploads\/2011\/07\/DSC_9017-300x199.jpg 300w, https:\/\/www.djk-erlangen.de\/fussball\/wp-content\/uploads\/2011\/07\/DSC_9017.jpg 1024w\" sizes=\"auto, (max-width: 150px) 100vw, 150px\" \/><\/a>\n\t\t\t<\/dt><\/dl><dl class='gallery-item'>\n\t\t\t<dt class='gallery-icon landscape'>\n\t\t\t\t<a href='https:\/\/www.djk-erlangen.de\/fussball\/wp-content\/uploads\/2011\/07\/DSC_9018.jpg'><img loading=\"lazy\" decoding=\"async\" width=\"150\" height=\"99\" src=\"https:\/\/www.djk-erlangen.de\/fussball\/wp-content\/uploads\/2011\/07\/DSC_9018-150x99.jpg\" class=\"attachment-thumbnail size-thumbnail\" alt=\"\" srcset=\"https:\/\/www.djk-erlangen.de\/fussball\/wp-content\/uploads\/2011\/07\/DSC_9018-150x99.jpg 150w, https:\/\/www.djk-erlangen.de\/fussball\/wp-content\/uploads\/2011\/07\/DSC_9018-300x199.jpg 300w, https:\/\/www.djk-erlangen.de\/fussball\/wp-content\/uploads\/2011\/07\/DSC_9018.jpg 1024w\" sizes=\"auto, (max-width: 150px) 100vw, 150px\" \/><\/a>\n\t\t\t<\/dt><\/dl><dl class='gallery-item'>\n\t\t\t<dt class='gallery-icon landscape'>\n\t\t\t\t<a href='https:\/\/www.djk-erlangen.de\/fussball\/wp-content\/uploads\/2011\/07\/DSC_9019.jpg'><img loading=\"lazy\" decoding=\"async\" width=\"150\" height=\"99\" src=\"https:\/\/www.djk-erlangen.de\/fussball\/wp-content\/uploads\/2011\/07\/DSC_9019-150x99.jpg\" class=\"attachment-thumbnail size-thumbnail\" alt=\"\" srcset=\"https:\/\/www.djk-erlangen.de\/fussball\/wp-content\/uploads\/2011\/07\/DSC_9019-150x99.jpg 150w, https:\/\/www.djk-erlangen.de\/fussball\/wp-content\/uploads\/2011\/07\/DSC_9019-300x199.jpg 300w, https:\/\/www.djk-erlangen.de\/fussball\/wp-content\/uploads\/2011\/07\/DSC_9019.jpg 1024w\" sizes=\"auto, (max-width: 150px) 100vw, 150px\" \/><\/a>\n\t\t\t<\/dt><\/dl><br style=\"clear: both\" \/><dl class='gallery-item'>\n\t\t\t<dt class='gallery-icon landscape'>\n\t\t\t\t<a href='https:\/\/www.djk-erlangen.de\/fussball\/wp-content\/uploads\/2011\/07\/DSC_9021.jpg'><img loading=\"lazy\" decoding=\"async\" width=\"150\" height=\"99\" src=\"https:\/\/www.djk-erlangen.de\/fussball\/wp-content\/uploads\/2011\/07\/DSC_9021-150x99.jpg\" class=\"attachment-thumbnail size-thumbnail\" alt=\"\" srcset=\"https:\/\/www.djk-erlangen.de\/fussball\/wp-content\/uploads\/2011\/07\/DSC_9021-150x99.jpg 150w, https:\/\/www.djk-erlangen.de\/fussball\/wp-content\/uploads\/2011\/07\/DSC_9021-300x199.jpg 300w, https:\/\/www.djk-erlangen.de\/fussball\/wp-content\/uploads\/2011\/07\/DSC_9021.jpg 1024w\" sizes=\"auto, (max-width: 150px) 100vw, 150px\" \/><\/a>\n\t\t\t<\/dt><\/dl><dl class='gallery-item'>\n\t\t\t<dt class='gallery-icon landscape'>\n\t\t\t\t<a href='https:\/\/www.djk-erlangen.de\/fussball\/wp-content\/uploads\/2011\/07\/DSC_9856.jpg'><img loading=\"lazy\" decoding=\"async\" width=\"150\" height=\"99\" src=\"https:\/\/www.djk-erlangen.de\/fussball\/wp-content\/uploads\/2011\/07\/DSC_9856-150x99.jpg\" class=\"attachment-thumbnail size-thumbnail\" alt=\"\" srcset=\"https:\/\/www.djk-erlangen.de\/fussball\/wp-content\/uploads\/2011\/07\/DSC_9856-150x99.jpg 150w, https:\/\/www.djk-erlangen.de\/fussball\/wp-content\/uploads\/2011\/07\/DSC_9856-300x199.jpg 300w, https:\/\/www.djk-erlangen.de\/fussball\/wp-content\/uploads\/2011\/07\/DSC_9856.jpg 1024w\" sizes=\"auto, (max-width: 150px) 100vw, 150px\" \/><\/a>\n\t\t\t<\/dt><\/dl><dl class='gallery-item'>\n\t\t\t<dt class='gallery-icon landscape'>\n\t\t\t\t<a href='https:\/\/www.djk-erlangen.de\/fussball\/wp-content\/uploads\/2011\/07\/DSC_9857.jpg'><img loading=\"lazy\" decoding=\"async\" width=\"150\" height=\"99\" src=\"https:\/\/www.djk-erlangen.de\/fussball\/wp-content\/uploads\/2011\/07\/DSC_9857-150x99.jpg\" class=\"attachment-thumbnail size-thumbnail\" alt=\"\" srcset=\"https:\/\/www.djk-erlangen.de\/fussball\/wp-content\/uploads\/2011\/07\/DSC_9857-150x99.jpg 150w, https:\/\/www.djk-erlangen.de\/fussball\/wp-content\/uploads\/2011\/07\/DSC_9857-300x199.jpg 300w, https:\/\/www.djk-erlangen.de\/fussball\/wp-content\/uploads\/2011\/07\/DSC_9857.jpg 1024w\" sizes=\"auto, (max-width: 150px) 100vw, 150px\" \/><\/a>\n\t\t\t<\/dt><\/dl><br style=\"clear: both\" \/><dl class='gallery-item'>\n\t\t\t<dt class='gallery-icon landscape'>\n\t\t\t\t<a href='https:\/\/www.djk-erlangen.de\/fussball\/wp-content\/uploads\/2011\/07\/DSC_89531.jpg'><img loading=\"lazy\" decoding=\"async\" width=\"150\" height=\"99\" src=\"https:\/\/www.djk-erlangen.de\/fussball\/wp-content\/uploads\/2011\/07\/DSC_89531-150x99.jpg\" class=\"attachment-thumbnail size-thumbnail\" alt=\"\" srcset=\"https:\/\/www.djk-erlangen.de\/fussball\/wp-content\/uploads\/2011\/07\/DSC_89531-150x99.jpg 150w, https:\/\/www.djk-erlangen.de\/fussball\/wp-content\/uploads\/2011\/07\/DSC_89531-300x199.jpg 300w, https:\/\/www.djk-erlangen.de\/fussball\/wp-content\/uploads\/2011\/07\/DSC_89531.jpg 1024w\" sizes=\"auto, (max-width: 150px) 100vw, 150px\" \/><\/a>\n\t\t\t<\/dt><\/dl><dl class='gallery-item'>\n\t\t\t<dt class='gallery-icon landscape'>\n\t\t\t\t<a href='https:\/\/www.djk-erlangen.de\/fussball\/wp-content\/uploads\/2011\/07\/DSC_8954.jpg'><img loading=\"lazy\" decoding=\"async\" width=\"150\" height=\"99\" src=\"https:\/\/www.djk-erlangen.de\/fussball\/wp-content\/uploads\/2011\/07\/DSC_8954-150x99.jpg\" class=\"attachment-thumbnail size-thumbnail\" alt=\"\" srcset=\"https:\/\/www.djk-erlangen.de\/fussball\/wp-content\/uploads\/2011\/07\/DSC_8954-150x99.jpg 150w, https:\/\/www.djk-erlangen.de\/fussball\/wp-content\/uploads\/2011\/07\/DSC_8954-300x199.jpg 300w, https:\/\/www.djk-erlangen.de\/fussball\/wp-content\/uploads\/2011\/07\/DSC_8954.jpg 1024w\" sizes=\"auto, (max-width: 150px) 100vw, 150px\" \/><\/a>\n\t\t\t<\/dt><\/dl><dl class='gallery-item'>\n\t\t\t<dt class='gallery-icon landscape'>\n\t\t\t\t<a href='https:\/\/www.djk-erlangen.de\/fussball\/wp-content\/uploads\/2011\/07\/DSC_8955.jpg'><img loading=\"lazy\" decoding=\"async\" width=\"150\" height=\"99\" src=\"https:\/\/www.djk-erlangen.de\/fussball\/wp-content\/uploads\/2011\/07\/DSC_8955-150x99.jpg\" class=\"attachment-thumbnail size-thumbnail\" alt=\"\" srcset=\"https:\/\/www.djk-erlangen.de\/fussball\/wp-content\/uploads\/2011\/07\/DSC_8955-150x99.jpg 150w, https:\/\/www.djk-erlangen.de\/fussball\/wp-content\/uploads\/2011\/07\/DSC_8955-300x199.jpg 300w, https:\/\/www.djk-erlangen.de\/fussball\/wp-content\/uploads\/2011\/07\/DSC_8955.jpg 1024w\" sizes=\"auto, (max-width: 150px) 100vw, 150px\" \/><\/a>\n\t\t\t<\/dt><\/dl><br style=\"clear: both\" \/><dl class='gallery-item'>\n\t\t\t<dt class='gallery-icon landscape'>\n\t\t\t\t<a href='https:\/\/www.djk-erlangen.de\/fussball\/wp-content\/uploads\/2011\/07\/DSC_8956.jpg'><img loading=\"lazy\" decoding=\"async\" width=\"150\" height=\"99\" src=\"https:\/\/www.djk-erlangen.de\/fussball\/wp-content\/uploads\/2011\/07\/DSC_8956-150x99.jpg\" class=\"attachment-thumbnail size-thumbnail\" alt=\"\" srcset=\"https:\/\/www.djk-erlangen.de\/fussball\/wp-content\/uploads\/2011\/07\/DSC_8956-150x99.jpg 150w, https:\/\/www.djk-erlangen.de\/fussball\/wp-content\/uploads\/2011\/07\/DSC_8956-300x199.jpg 300w, https:\/\/www.djk-erlangen.de\/fussball\/wp-content\/uploads\/2011\/07\/DSC_8956.jpg 1024w\" sizes=\"auto, (max-width: 150px) 100vw, 150px\" \/><\/a>\n\t\t\t<\/dt><\/dl><dl class='gallery-item'>\n\t\t\t<dt class='gallery-icon landscape'>\n\t\t\t\t<a href='https:\/\/www.djk-erlangen.de\/fussball\/wp-content\/uploads\/2011\/07\/DSC_8958.jpg'><img loading=\"lazy\" decoding=\"async\" width=\"150\" height=\"99\" src=\"https:\/\/www.djk-erlangen.de\/fussball\/wp-content\/uploads\/2011\/07\/DSC_8958-150x99.jpg\" class=\"attachment-thumbnail size-thumbnail\" alt=\"\" srcset=\"https:\/\/www.djk-erlangen.de\/fussball\/wp-content\/uploads\/2011\/07\/DSC_8958-150x99.jpg 150w, https:\/\/www.djk-erlangen.de\/fussball\/wp-content\/uploads\/2011\/07\/DSC_8958-300x199.jpg 300w, https:\/\/www.djk-erlangen.de\/fussball\/wp-content\/uploads\/2011\/07\/DSC_8958.jpg 1024w\" sizes=\"auto, (max-width: 150px) 100vw, 150px\" \/><\/a>\n\t\t\t<\/dt><\/dl><dl class='gallery-item'>\n\t\t\t<dt class='gallery-icon landscape'>\n\t\t\t\t<a href='https:\/\/www.djk-erlangen.de\/fussball\/wp-content\/uploads\/2011\/07\/DSC_89641.jpg'><img loading=\"lazy\" decoding=\"async\" width=\"150\" height=\"99\" src=\"https:\/\/www.djk-erlangen.de\/fussball\/wp-content\/uploads\/2011\/07\/DSC_89641-150x99.jpg\" class=\"attachment-thumbnail size-thumbnail\" alt=\"\" srcset=\"https:\/\/www.djk-erlangen.de\/fussball\/wp-content\/uploads\/2011\/07\/DSC_89641-150x99.jpg 150w, https:\/\/www.djk-erlangen.de\/fussball\/wp-content\/uploads\/2011\/07\/DSC_89641-300x199.jpg 300w, https:\/\/www.djk-erlangen.de\/fussball\/wp-content\/uploads\/2011\/07\/DSC_89641.jpg 1024w\" sizes=\"auto, (max-width: 150px) 100vw, 150px\" \/><\/a>\n\t\t\t<\/dt><\/dl><br style=\"clear: both\" \/><dl class='gallery-item'>\n\t\t\t<dt class='gallery-icon landscape'>\n\t\t\t\t<a href='https:\/\/www.djk-erlangen.de\/fussball\/wp-content\/uploads\/2011\/07\/DSC_8965.jpg'><img loading=\"lazy\" decoding=\"async\" width=\"150\" height=\"99\" src=\"https:\/\/www.djk-erlangen.de\/fussball\/wp-content\/uploads\/2011\/07\/DSC_8965-150x99.jpg\" class=\"attachment-thumbnail size-thumbnail\" alt=\"\" srcset=\"https:\/\/www.djk-erlangen.de\/fussball\/wp-content\/uploads\/2011\/07\/DSC_8965-150x99.jpg 150w, https:\/\/www.djk-erlangen.de\/fussball\/wp-content\/uploads\/2011\/07\/DSC_8965-300x199.jpg 300w, https:\/\/www.djk-erlangen.de\/fussball\/wp-content\/uploads\/2011\/07\/DSC_8965.jpg 1024w\" sizes=\"auto, (max-width: 150px) 100vw, 150px\" \/><\/a>\n\t\t\t<\/dt><\/dl><dl class='gallery-item'>\n\t\t\t<dt class='gallery-icon landscape'>\n\t\t\t\t<a href='https:\/\/www.djk-erlangen.de\/fussball\/wp-content\/uploads\/2011\/07\/DSC_8968.jpg'><img loading=\"lazy\" decoding=\"async\" width=\"150\" height=\"99\" src=\"https:\/\/www.djk-erlangen.de\/fussball\/wp-content\/uploads\/2011\/07\/DSC_8968-150x99.jpg\" class=\"attachment-thumbnail size-thumbnail\" alt=\"\" srcset=\"https:\/\/www.djk-erlangen.de\/fussball\/wp-content\/uploads\/2011\/07\/DSC_8968-150x99.jpg 150w, https:\/\/www.djk-erlangen.de\/fussball\/wp-content\/uploads\/2011\/07\/DSC_8968-300x199.jpg 300w, https:\/\/www.djk-erlangen.de\/fussball\/wp-content\/uploads\/2011\/07\/DSC_8968.jpg 1024w\" sizes=\"auto, (max-width: 150px) 100vw, 150px\" \/><\/a>\n\t\t\t<\/dt><\/dl><dl class='gallery-item'>\n\t\t\t<dt class='gallery-icon landscape'>\n\t\t\t\t<a href='https:\/\/www.djk-erlangen.de\/fussball\/wp-content\/uploads\/2011\/07\/DSC_89931.jpg'><img loading=\"lazy\" decoding=\"async\" width=\"150\" height=\"99\" src=\"https:\/\/www.djk-erlangen.de\/fussball\/wp-content\/uploads\/2011\/07\/DSC_89931-150x99.jpg\" class=\"attachment-thumbnail size-thumbnail\" alt=\"\" srcset=\"https:\/\/www.djk-erlangen.de\/fussball\/wp-content\/uploads\/2011\/07\/DSC_89931-150x99.jpg 150w, https:\/\/www.djk-erlangen.de\/fussball\/wp-content\/uploads\/2011\/07\/DSC_89931-300x199.jpg 300w, https:\/\/www.djk-erlangen.de\/fussball\/wp-content\/uploads\/2011\/07\/DSC_89931.jpg 1024w\" sizes=\"auto, (max-width: 150px) 100vw, 150px\" \/><\/a>\n\t\t\t<\/dt><\/dl><br style=\"clear: both\" \/><dl class='gallery-item'>\n\t\t\t<dt class='gallery-icon landscape'>\n\t\t\t\t<a href='https:\/\/www.djk-erlangen.de\/fussball\/wp-content\/uploads\/2011\/07\/DSC_89941.jpg'><img loading=\"lazy\" decoding=\"async\" width=\"150\" height=\"99\" src=\"https:\/\/www.djk-erlangen.de\/fussball\/wp-content\/uploads\/2011\/07\/DSC_89941-150x99.jpg\" class=\"attachment-thumbnail size-thumbnail\" alt=\"\" srcset=\"https:\/\/www.djk-erlangen.de\/fussball\/wp-content\/uploads\/2011\/07\/DSC_89941-150x99.jpg 150w, https:\/\/www.djk-erlangen.de\/fussball\/wp-content\/uploads\/2011\/07\/DSC_89941-300x199.jpg 300w, https:\/\/www.djk-erlangen.de\/fussball\/wp-content\/uploads\/2011\/07\/DSC_89941.jpg 1024w\" sizes=\"auto, (max-width: 150px) 100vw, 150px\" \/><\/a>\n\t\t\t<\/dt><\/dl><dl class='gallery-item'>\n\t\t\t<dt class='gallery-icon landscape'>\n\t\t\t\t<a href='https:\/\/www.djk-erlangen.de\/fussball\/wp-content\/uploads\/2011\/07\/DSC_8999-Kopie.jpg'><img loading=\"lazy\" decoding=\"async\" width=\"150\" height=\"99\" src=\"https:\/\/www.djk-erlangen.de\/fussball\/wp-content\/uploads\/2011\/07\/DSC_8999-Kopie-150x99.jpg\" class=\"attachment-thumbnail size-thumbnail\" alt=\"\" srcset=\"https:\/\/www.djk-erlangen.de\/fussball\/wp-content\/uploads\/2011\/07\/DSC_8999-Kopie-150x99.jpg 150w, https:\/\/www.djk-erlangen.de\/fussball\/wp-content\/uploads\/2011\/07\/DSC_8999-Kopie-300x199.jpg 300w, https:\/\/www.djk-erlangen.de\/fussball\/wp-content\/uploads\/2011\/07\/DSC_8999-Kopie.jpg 1024w\" sizes=\"auto, (max-width: 150px) 100vw, 150px\" \/><\/a>\n\t\t\t<\/dt><\/dl><dl class='gallery-item'>\n\t\t\t<dt class='gallery-icon landscape'>\n\t\t\t\t<a href='https:\/\/www.djk-erlangen.de\/fussball\/wp-content\/uploads\/2011\/07\/DSC_90001.jpg'><img loading=\"lazy\" decoding=\"async\" width=\"150\" height=\"99\" src=\"https:\/\/www.djk-erlangen.de\/fussball\/wp-content\/uploads\/2011\/07\/DSC_90001-150x99.jpg\" class=\"attachment-thumbnail size-thumbnail\" alt=\"\" srcset=\"https:\/\/www.djk-erlangen.de\/fussball\/wp-content\/uploads\/2011\/07\/DSC_90001-150x99.jpg 150w, https:\/\/www.djk-erlangen.de\/fussball\/wp-content\/uploads\/2011\/07\/DSC_90001-300x199.jpg 300w, https:\/\/www.djk-erlangen.de\/fussball\/wp-content\/uploads\/2011\/07\/DSC_90001.jpg 1024w\" sizes=\"auto, (max-width: 150px) 100vw, 150px\" \/><\/a>\n\t\t\t<\/dt><\/dl><br style=\"clear: both\" \/><dl class='gallery-item'>\n\t\t\t<dt class='gallery-icon landscape'>\n\t\t\t\t<a href='https:\/\/www.djk-erlangen.de\/fussball\/wp-content\/uploads\/2011\/07\/DSC_90161.jpg'><img loading=\"lazy\" decoding=\"async\" width=\"150\" height=\"99\" src=\"https:\/\/www.djk-erlangen.de\/fussball\/wp-content\/uploads\/2011\/07\/DSC_90161-150x99.jpg\" class=\"attachment-thumbnail size-thumbnail\" alt=\"\" srcset=\"https:\/\/www.djk-erlangen.de\/fussball\/wp-content\/uploads\/2011\/07\/DSC_90161-150x99.jpg 150w, https:\/\/www.djk-erlangen.de\/fussball\/wp-content\/uploads\/2011\/07\/DSC_90161-300x199.jpg 300w, https:\/\/www.djk-erlangen.de\/fussball\/wp-content\/uploads\/2011\/07\/DSC_90161.jpg 1024w\" sizes=\"auto, (max-width: 150px) 100vw, 150px\" \/><\/a>\n\t\t\t<\/dt><\/dl><dl class='gallery-item'>\n\t\t\t<dt class='gallery-icon landscape'>\n\t\t\t\t<a href='https:\/\/www.djk-erlangen.de\/fussball\/wp-content\/uploads\/2011\/07\/DSC_90181.jpg'><img loading=\"lazy\" decoding=\"async\" width=\"150\" height=\"99\" src=\"https:\/\/www.djk-erlangen.de\/fussball\/wp-content\/uploads\/2011\/07\/DSC_90181-150x99.jpg\" class=\"attachment-thumbnail size-thumbnail\" alt=\"\" srcset=\"https:\/\/www.djk-erlangen.de\/fussball\/wp-content\/uploads\/2011\/07\/DSC_90181-150x99.jpg 150w, https:\/\/www.djk-erlangen.de\/fussball\/wp-content\/uploads\/2011\/07\/DSC_90181-300x199.jpg 300w, https:\/\/www.djk-erlangen.de\/fussball\/wp-content\/uploads\/2011\/07\/DSC_90181.jpg 1024w\" sizes=\"auto, (max-width: 150px) 100vw, 150px\" \/><\/a>\n\t\t\t<\/dt><\/dl><dl class='gallery-item'>\n\t\t\t<dt class='gallery-icon landscape'>\n\t\t\t\t<a href='https:\/\/www.djk-erlangen.de\/fussball\/wp-content\/uploads\/2011\/07\/DSC_90191.jpg'><img loading=\"lazy\" decoding=\"async\" width=\"150\" height=\"99\" src=\"https:\/\/www.djk-erlangen.de\/fussball\/wp-content\/uploads\/2011\/07\/DSC_90191-150x99.jpg\" class=\"attachment-thumbnail size-thumbnail\" alt=\"\" srcset=\"https:\/\/www.djk-erlangen.de\/fussball\/wp-content\/uploads\/2011\/07\/DSC_90191-150x99.jpg 150w, https:\/\/www.djk-erlangen.de\/fussball\/wp-content\/uploads\/2011\/07\/DSC_90191-300x199.jpg 300w, https:\/\/www.djk-erlangen.de\/fussball\/wp-content\/uploads\/2011\/07\/DSC_90191.jpg 1024w\" sizes=\"auto, (max-width: 150px) 100vw, 150px\" \/><\/a>\n\t\t\t<\/dt><\/dl><br style=\"clear: both\" \/><dl class='gallery-item'>\n\t\t\t<dt class='gallery-icon landscape'>\n\t\t\t\t<a href='https:\/\/www.djk-erlangen.de\/fussball\/wp-content\/uploads\/2011\/07\/DSC_9026.jpg'><img loading=\"lazy\" decoding=\"async\" width=\"150\" height=\"99\" src=\"https:\/\/www.djk-erlangen.de\/fussball\/wp-content\/uploads\/2011\/07\/DSC_9026-150x99.jpg\" class=\"attachment-thumbnail size-thumbnail\" alt=\"\" srcset=\"https:\/\/www.djk-erlangen.de\/fussball\/wp-content\/uploads\/2011\/07\/DSC_9026-150x99.jpg 150w, https:\/\/www.djk-erlangen.de\/fussball\/wp-content\/uploads\/2011\/07\/DSC_9026-300x199.jpg 300w, https:\/\/www.djk-erlangen.de\/fussball\/wp-content\/uploads\/2011\/07\/DSC_9026.jpg 1024w\" sizes=\"auto, (max-width: 150px) 100vw, 150px\" \/><\/a>\n\t\t\t<\/dt><\/dl><dl class='gallery-item'>\n\t\t\t<dt class='gallery-icon landscape'>\n\t\t\t\t<a href='https:\/\/www.djk-erlangen.de\/fussball\/wp-content\/uploads\/2011\/07\/DSC_9027.jpg'><img loading=\"lazy\" decoding=\"async\" width=\"150\" height=\"99\" src=\"https:\/\/www.djk-erlangen.de\/fussball\/wp-content\/uploads\/2011\/07\/DSC_9027-150x99.jpg\" class=\"attachment-thumbnail size-thumbnail\" alt=\"\" srcset=\"https:\/\/www.djk-erlangen.de\/fussball\/wp-content\/uploads\/2011\/07\/DSC_9027-150x99.jpg 150w, https:\/\/www.djk-erlangen.de\/fussball\/wp-content\/uploads\/2011\/07\/DSC_9027-300x199.jpg 300w, https:\/\/www.djk-erlangen.de\/fussball\/wp-content\/uploads\/2011\/07\/DSC_9027.jpg 1024w\" sizes=\"auto, (max-width: 150px) 100vw, 150px\" \/><\/a>\n\t\t\t<\/dt><\/dl><dl class='gallery-item'>\n\t\t\t<dt class='gallery-icon landscape'>\n\t\t\t\t<a href='https:\/\/www.djk-erlangen.de\/fussball\/wp-content\/uploads\/2011\/07\/DSC_9037.jpg'><img loading=\"lazy\" decoding=\"async\" width=\"150\" height=\"99\" src=\"https:\/\/www.djk-erlangen.de\/fussball\/wp-content\/uploads\/2011\/07\/DSC_9037-150x99.jpg\" class=\"attachment-thumbnail size-thumbnail\" alt=\"\" srcset=\"https:\/\/www.djk-erlangen.de\/fussball\/wp-content\/uploads\/2011\/07\/DSC_9037-150x99.jpg 150w, https:\/\/www.djk-erlangen.de\/fussball\/wp-content\/uploads\/2011\/07\/DSC_9037-300x199.jpg 300w, https:\/\/www.djk-erlangen.de\/fussball\/wp-content\/uploads\/2011\/07\/DSC_9037.jpg 1024w\" sizes=\"auto, (max-width: 150px) 100vw, 150px\" \/><\/a>\n\t\t\t<\/dt><\/dl><br style=\"clear: both\" \/><dl class='gallery-item'>\n\t\t\t<dt class='gallery-icon landscape'>\n\t\t\t\t<a href='https:\/\/www.djk-erlangen.de\/fussball\/wp-content\/uploads\/2011\/07\/DSC_9154.jpg'><img loading=\"lazy\" decoding=\"async\" width=\"150\" height=\"99\" src=\"https:\/\/www.djk-erlangen.de\/fussball\/wp-content\/uploads\/2011\/07\/DSC_9154-150x99.jpg\" class=\"attachment-thumbnail size-thumbnail\" alt=\"\" srcset=\"https:\/\/www.djk-erlangen.de\/fussball\/wp-content\/uploads\/2011\/07\/DSC_9154-150x99.jpg 150w, https:\/\/www.djk-erlangen.de\/fussball\/wp-content\/uploads\/2011\/07\/DSC_9154-300x199.jpg 300w, https:\/\/www.djk-erlangen.de\/fussball\/wp-content\/uploads\/2011\/07\/DSC_9154.jpg 1024w\" sizes=\"auto, (max-width: 150px) 100vw, 150px\" \/><\/a>\n\t\t\t<\/dt><\/dl><dl class='gallery-item'>\n\t\t\t<dt class='gallery-icon landscape'>\n\t\t\t\t<a href='https:\/\/www.djk-erlangen.de\/fussball\/wp-content\/uploads\/2011\/07\/DSC_9316.jpg'><img loading=\"lazy\" decoding=\"async\" width=\"150\" height=\"99\" src=\"https:\/\/www.djk-erlangen.de\/fussball\/wp-content\/uploads\/2011\/07\/DSC_9316-150x99.jpg\" class=\"attachment-thumbnail size-thumbnail\" alt=\"\" srcset=\"https:\/\/www.djk-erlangen.de\/fussball\/wp-content\/uploads\/2011\/07\/DSC_9316-150x99.jpg 150w, https:\/\/www.djk-erlangen.de\/fussball\/wp-content\/uploads\/2011\/07\/DSC_9316-300x199.jpg 300w, https:\/\/www.djk-erlangen.de\/fussball\/wp-content\/uploads\/2011\/07\/DSC_9316.jpg 1024w\" sizes=\"auto, (max-width: 150px) 100vw, 150px\" \/><\/a>\n\t\t\t<\/dt><\/dl><dl class='gallery-item'>\n\t\t\t<dt class='gallery-icon landscape'>\n\t\t\t\t<a href='https:\/\/www.djk-erlangen.de\/fussball\/wp-content\/uploads\/2011\/07\/DSC_9666.jpg'><img loading=\"lazy\" decoding=\"async\" width=\"150\" height=\"99\" src=\"https:\/\/www.djk-erlangen.de\/fussball\/wp-content\/uploads\/2011\/07\/DSC_9666-150x99.jpg\" class=\"attachment-thumbnail size-thumbnail\" alt=\"\" srcset=\"https:\/\/www.djk-erlangen.de\/fussball\/wp-content\/uploads\/2011\/07\/DSC_9666-150x99.jpg 150w, https:\/\/www.djk-erlangen.de\/fussball\/wp-content\/uploads\/2011\/07\/DSC_9666-300x199.jpg 300w, https:\/\/www.djk-erlangen.de\/fussball\/wp-content\/uploads\/2011\/07\/DSC_9666.jpg 1024w\" sizes=\"auto, (max-width: 150px) 100vw, 150px\" \/><\/a>\n\t\t\t<\/dt><\/dl><br style=\"clear: both\" \/><dl class='gallery-item'>\n\t\t\t<dt class='gallery-icon landscape'>\n\t\t\t\t<a href='https:\/\/www.djk-erlangen.de\/fussball\/wp-content\/uploads\/2011\/07\/DSC_9147.jpg'><img loading=\"lazy\" decoding=\"async\" width=\"150\" height=\"99\" src=\"https:\/\/www.djk-erlangen.de\/fussball\/wp-content\/uploads\/2011\/07\/DSC_9147-150x99.jpg\" class=\"attachment-thumbnail size-thumbnail\" alt=\"\" srcset=\"https:\/\/www.djk-erlangen.de\/fussball\/wp-content\/uploads\/2011\/07\/DSC_9147-150x99.jpg 150w, https:\/\/www.djk-erlangen.de\/fussball\/wp-content\/uploads\/2011\/07\/DSC_9147-300x199.jpg 300w, https:\/\/www.djk-erlangen.de\/fussball\/wp-content\/uploads\/2011\/07\/DSC_9147.jpg 1024w\" sizes=\"auto, (max-width: 150px) 100vw, 150px\" \/><\/a>\n\t\t\t<\/dt><\/dl><dl class='gallery-item'>\n\t\t\t<dt class='gallery-icon landscape'>\n\t\t\t\t<a href='https:\/\/www.djk-erlangen.de\/fussball\/wp-content\/uploads\/2011\/07\/DSC_9317.jpg'><img loading=\"lazy\" decoding=\"async\" width=\"150\" height=\"99\" src=\"https:\/\/www.djk-erlangen.de\/fussball\/wp-content\/uploads\/2011\/07\/DSC_9317-150x99.jpg\" class=\"attachment-thumbnail size-thumbnail\" alt=\"\" srcset=\"https:\/\/www.djk-erlangen.de\/fussball\/wp-content\/uploads\/2011\/07\/DSC_9317-150x99.jpg 150w, https:\/\/www.djk-erlangen.de\/fussball\/wp-content\/uploads\/2011\/07\/DSC_9317-300x199.jpg 300w, https:\/\/www.djk-erlangen.de\/fussball\/wp-content\/uploads\/2011\/07\/DSC_9317.jpg 1024w\" sizes=\"auto, (max-width: 150px) 100vw, 150px\" \/><\/a>\n\t\t\t<\/dt><\/dl><dl class='gallery-item'>\n\t\t\t<dt class='gallery-icon landscape'>\n\t\t\t\t<a href='https:\/\/www.djk-erlangen.de\/fussball\/wp-content\/uploads\/2011\/07\/DSC_9321.jpg'><img loading=\"lazy\" decoding=\"async\" width=\"150\" height=\"99\" src=\"https:\/\/www.djk-erlangen.de\/fussball\/wp-content\/uploads\/2011\/07\/DSC_9321-150x99.jpg\" class=\"attachment-thumbnail size-thumbnail\" alt=\"\" srcset=\"https:\/\/www.djk-erlangen.de\/fussball\/wp-content\/uploads\/2011\/07\/DSC_9321-150x99.jpg 150w, https:\/\/www.djk-erlangen.de\/fussball\/wp-content\/uploads\/2011\/07\/DSC_9321-300x199.jpg 300w, https:\/\/www.djk-erlangen.de\/fussball\/wp-content\/uploads\/2011\/07\/DSC_9321.jpg 1024w\" sizes=\"auto, (max-width: 150px) 100vw, 150px\" \/><\/a>\n\t\t\t<\/dt><\/dl><br style=\"clear: both\" \/><dl class='gallery-item'>\n\t\t\t<dt class='gallery-icon landscape'>\n\t\t\t\t<a href='https:\/\/www.djk-erlangen.de\/fussball\/wp-content\/uploads\/2011\/07\/DSC_8980.jpg'><img loading=\"lazy\" decoding=\"async\" width=\"150\" height=\"99\" src=\"https:\/\/www.djk-erlangen.de\/fussball\/wp-content\/uploads\/2011\/07\/DSC_8980-150x99.jpg\" class=\"attachment-thumbnail size-thumbnail\" alt=\"\" srcset=\"https:\/\/www.djk-erlangen.de\/fussball\/wp-content\/uploads\/2011\/07\/DSC_8980-150x99.jpg 150w, https:\/\/www.djk-erlangen.de\/fussball\/wp-content\/uploads\/2011\/07\/DSC_8980-300x199.jpg 300w, https:\/\/www.djk-erlangen.de\/fussball\/wp-content\/uploads\/2011\/07\/DSC_8980.jpg 1024w\" sizes=\"auto, (max-width: 150px) 100vw, 150px\" \/><\/a>\n\t\t\t<\/dt><\/dl><dl class='gallery-item'>\n\t\t\t<dt class='gallery-icon landscape'>\n\t\t\t\t<a href='https:\/\/www.djk-erlangen.de\/fussball\/wp-content\/uploads\/2011\/07\/DSC_90192.jpg'><img loading=\"lazy\" decoding=\"async\" width=\"150\" height=\"99\" src=\"https:\/\/www.djk-erlangen.de\/fussball\/wp-content\/uploads\/2011\/07\/DSC_90192-150x99.jpg\" class=\"attachment-thumbnail size-thumbnail\" alt=\"\" srcset=\"https:\/\/www.djk-erlangen.de\/fussball\/wp-content\/uploads\/2011\/07\/DSC_90192-150x99.jpg 150w, https:\/\/www.djk-erlangen.de\/fussball\/wp-content\/uploads\/2011\/07\/DSC_90192-300x199.jpg 300w, https:\/\/www.djk-erlangen.de\/fussball\/wp-content\/uploads\/2011\/07\/DSC_90192.jpg 1024w\" sizes=\"auto, (max-width: 150px) 100vw, 150px\" \/><\/a>\n\t\t\t<\/dt><\/dl><dl class='gallery-item'>\n\t\t\t<dt class='gallery-icon landscape'>\n\t\t\t\t<a href='https:\/\/www.djk-erlangen.de\/fussball\/wp-content\/uploads\/2011\/07\/DSC_89451.jpg'><img loading=\"lazy\" decoding=\"async\" width=\"150\" height=\"99\" src=\"https:\/\/www.djk-erlangen.de\/fussball\/wp-content\/uploads\/2011\/07\/DSC_89451-150x99.jpg\" class=\"attachment-thumbnail size-thumbnail\" alt=\"\" srcset=\"https:\/\/www.djk-erlangen.de\/fussball\/wp-content\/uploads\/2011\/07\/DSC_89451-150x99.jpg 150w, https:\/\/www.djk-erlangen.de\/fussball\/wp-content\/uploads\/2011\/07\/DSC_89451-300x199.jpg 300w, https:\/\/www.djk-erlangen.de\/fussball\/wp-content\/uploads\/2011\/07\/DSC_89451.jpg 1024w\" sizes=\"auto, (max-width: 150px) 100vw, 150px\" \/><\/a>\n\t\t\t<\/dt><\/dl><br style=\"clear: both\" \/><dl class='gallery-item'>\n\t\t\t<dt class='gallery-icon landscape'>\n\t\t\t\t<a href='https:\/\/www.djk-erlangen.de\/fussball\/wp-content\/uploads\/2011\/07\/DSC_8963.jpg'><img loading=\"lazy\" decoding=\"async\" width=\"150\" height=\"99\" src=\"https:\/\/www.djk-erlangen.de\/fussball\/wp-content\/uploads\/2011\/07\/DSC_8963-150x99.jpg\" class=\"attachment-thumbnail size-thumbnail\" alt=\"\" srcset=\"https:\/\/www.djk-erlangen.de\/fussball\/wp-content\/uploads\/2011\/07\/DSC_8963-150x99.jpg 150w, https:\/\/www.djk-erlangen.de\/fussball\/wp-content\/uploads\/2011\/07\/DSC_8963-300x199.jpg 300w, https:\/\/www.djk-erlangen.de\/fussball\/wp-content\/uploads\/2011\/07\/DSC_8963.jpg 1024w\" sizes=\"auto, (max-width: 150px) 100vw, 150px\" \/><\/a>\n\t\t\t<\/dt><\/dl><dl class='gallery-item'>\n\t\t\t<dt class='gallery-icon landscape'>\n\t\t\t\t<a href='https:\/\/www.djk-erlangen.de\/fussball\/wp-content\/uploads\/2011\/07\/DSC_9437.jpg'><img loading=\"lazy\" decoding=\"async\" width=\"150\" height=\"99\" src=\"https:\/\/www.djk-erlangen.de\/fussball\/wp-content\/uploads\/2011\/07\/DSC_9437-150x99.jpg\" class=\"attachment-thumbnail size-thumbnail\" alt=\"\" srcset=\"https:\/\/www.djk-erlangen.de\/fussball\/wp-content\/uploads\/2011\/07\/DSC_9437-150x99.jpg 150w, https:\/\/www.djk-erlangen.de\/fussball\/wp-content\/uploads\/2011\/07\/DSC_9437-300x199.jpg 300w, https:\/\/www.djk-erlangen.de\/fussball\/wp-content\/uploads\/2011\/07\/DSC_9437.jpg 1024w\" sizes=\"auto, (max-width: 150px) 100vw, 150px\" \/><\/a>\n\t\t\t<\/dt><\/dl><dl class='gallery-item'>\n\t\t\t<dt class='gallery-icon landscape'>\n\t\t\t\t<a href='https:\/\/www.djk-erlangen.de\/fussball\/wp-content\/uploads\/2011\/07\/DSC_8988.jpg'><img loading=\"lazy\" decoding=\"async\" width=\"150\" height=\"99\" src=\"https:\/\/www.djk-erlangen.de\/fussball\/wp-content\/uploads\/2011\/07\/DSC_8988-150x99.jpg\" class=\"attachment-thumbnail size-thumbnail\" alt=\"\" srcset=\"https:\/\/www.djk-erlangen.de\/fussball\/wp-content\/uploads\/2011\/07\/DSC_8988-150x99.jpg 150w, https:\/\/www.djk-erlangen.de\/fussball\/wp-content\/uploads\/2011\/07\/DSC_8988-300x199.jpg 300w, https:\/\/www.djk-erlangen.de\/fussball\/wp-content\/uploads\/2011\/07\/DSC_8988.jpg 1024w\" sizes=\"auto, (max-width: 150px) 100vw, 150px\" \/><\/a>\n\t\t\t<\/dt><\/dl><br style=\"clear: both\" \/><dl class='gallery-item'>\n\t\t\t<dt class='gallery-icon landscape'>\n\t\t\t\t<a href='https:\/\/www.djk-erlangen.de\/fussball\/wp-content\/uploads\/2011\/07\/DSC_90141.jpg'><img loading=\"lazy\" decoding=\"async\" width=\"150\" height=\"99\" src=\"https:\/\/www.djk-erlangen.de\/fussball\/wp-content\/uploads\/2011\/07\/DSC_90141-150x99.jpg\" class=\"attachment-thumbnail size-thumbnail\" alt=\"\" srcset=\"https:\/\/www.djk-erlangen.de\/fussball\/wp-content\/uploads\/2011\/07\/DSC_90141-150x99.jpg 150w, https:\/\/www.djk-erlangen.de\/fussball\/wp-content\/uploads\/2011\/07\/DSC_90141-300x199.jpg 300w, https:\/\/www.djk-erlangen.de\/fussball\/wp-content\/uploads\/2011\/07\/DSC_90141.jpg 1024w\" sizes=\"auto, (max-width: 150px) 100vw, 150px\" \/><\/a>\n\t\t\t<\/dt><\/dl><dl class='gallery-item'>\n\t\t\t<dt class='gallery-icon landscape'>\n\t\t\t\t<a href='https:\/\/www.djk-erlangen.de\/fussball\/wp-content\/uploads\/2011\/07\/DSC_9172.jpg'><img loading=\"lazy\" decoding=\"async\" width=\"150\" height=\"99\" src=\"https:\/\/www.djk-erlangen.de\/fussball\/wp-content\/uploads\/2011\/07\/DSC_9172-150x99.jpg\" class=\"attachment-thumbnail size-thumbnail\" alt=\"\" srcset=\"https:\/\/www.djk-erlangen.de\/fussball\/wp-content\/uploads\/2011\/07\/DSC_9172-150x99.jpg 150w, https:\/\/www.djk-erlangen.de\/fussball\/wp-content\/uploads\/2011\/07\/DSC_9172-300x199.jpg 300w, https:\/\/www.djk-erlangen.de\/fussball\/wp-content\/uploads\/2011\/07\/DSC_9172.jpg 1024w\" sizes=\"auto, (max-width: 150px) 100vw, 150px\" \/><\/a>\n\t\t\t<\/dt><\/dl><dl class='gallery-item'>\n\t\t\t<dt class='gallery-icon landscape'>\n\t\t\t\t<a href='https:\/\/www.djk-erlangen.de\/fussball\/wp-content\/uploads\/2011\/07\/DSC_90261.jpg'><img loading=\"lazy\" decoding=\"async\" width=\"150\" height=\"99\" src=\"https:\/\/www.djk-erlangen.de\/fussball\/wp-content\/uploads\/2011\/07\/DSC_90261-150x99.jpg\" class=\"attachment-thumbnail size-thumbnail\" alt=\"\" srcset=\"https:\/\/www.djk-erlangen.de\/fussball\/wp-content\/uploads\/2011\/07\/DSC_90261-150x99.jpg 150w, https:\/\/www.djk-erlangen.de\/fussball\/wp-content\/uploads\/2011\/07\/DSC_90261-300x199.jpg 300w, https:\/\/www.djk-erlangen.de\/fussball\/wp-content\/uploads\/2011\/07\/DSC_90261.jpg 1024w\" sizes=\"auto, (max-width: 150px) 100vw, 150px\" \/><\/a>\n\t\t\t<\/dt><\/dl><br style=\"clear: both\" \/><dl class='gallery-item'>\n\t\t\t<dt class='gallery-icon landscape'>\n\t\t\t\t<a href='https:\/\/www.djk-erlangen.de\/fussball\/wp-content\/uploads\/2011\/07\/DSC_9136.jpg'><img loading=\"lazy\" decoding=\"async\" width=\"150\" height=\"99\" src=\"https:\/\/www.djk-erlangen.de\/fussball\/wp-content\/uploads\/2011\/07\/DSC_9136-150x99.jpg\" class=\"attachment-thumbnail size-thumbnail\" alt=\"\" srcset=\"https:\/\/www.djk-erlangen.de\/fussball\/wp-content\/uploads\/2011\/07\/DSC_9136-150x99.jpg 150w, https:\/\/www.djk-erlangen.de\/fussball\/wp-content\/uploads\/2011\/07\/DSC_9136-300x199.jpg 300w, https:\/\/www.djk-erlangen.de\/fussball\/wp-content\/uploads\/2011\/07\/DSC_9136.jpg 1024w\" sizes=\"auto, (max-width: 150px) 100vw, 150px\" \/><\/a>\n\t\t\t<\/dt><\/dl><dl class='gallery-item'>\n\t\t\t<dt class='gallery-icon landscape'>\n\t\t\t\t<a href='https:\/\/www.djk-erlangen.de\/fussball\/wp-content\/uploads\/2011\/07\/DSC_9175.jpg'><img loading=\"lazy\" decoding=\"async\" width=\"150\" height=\"99\" src=\"https:\/\/www.djk-erlangen.de\/fussball\/wp-content\/uploads\/2011\/07\/DSC_9175-150x99.jpg\" class=\"attachment-thumbnail size-thumbnail\" alt=\"\" srcset=\"https:\/\/www.djk-erlangen.de\/fussball\/wp-content\/uploads\/2011\/07\/DSC_9175-150x99.jpg 150w, https:\/\/www.djk-erlangen.de\/fussball\/wp-content\/uploads\/2011\/07\/DSC_9175-300x199.jpg 300w, https:\/\/www.djk-erlangen.de\/fussball\/wp-content\/uploads\/2011\/07\/DSC_9175.jpg 1024w\" sizes=\"auto, (max-width: 150px) 100vw, 150px\" \/><\/a>\n\t\t\t<\/dt><\/dl><dl class='gallery-item'>\n\t\t\t<dt class='gallery-icon landscape'>\n\t\t\t\t<a href='https:\/\/www.djk-erlangen.de\/fussball\/wp-content\/uploads\/2011\/07\/DSC_9258.jpg'><img loading=\"lazy\" decoding=\"async\" width=\"150\" height=\"99\" src=\"https:\/\/www.djk-erlangen.de\/fussball\/wp-content\/uploads\/2011\/07\/DSC_9258-150x99.jpg\" class=\"attachment-thumbnail size-thumbnail\" alt=\"\" srcset=\"https:\/\/www.djk-erlangen.de\/fussball\/wp-content\/uploads\/2011\/07\/DSC_9258-150x99.jpg 150w, https:\/\/www.djk-erlangen.de\/fussball\/wp-content\/uploads\/2011\/07\/DSC_9258-300x199.jpg 300w, https:\/\/www.djk-erlangen.de\/fussball\/wp-content\/uploads\/2011\/07\/DSC_9258.jpg 1024w\" sizes=\"auto, (max-width: 150px) 100vw, 150px\" \/><\/a>\n\t\t\t<\/dt><\/dl><br style=\"clear: both\" \/><dl class='gallery-item'>\n\t\t\t<dt class='gallery-icon landscape'>\n\t\t\t\t<a href='https:\/\/www.djk-erlangen.de\/fussball\/wp-content\/uploads\/2011\/07\/DSC_8927.jpg'><img loading=\"lazy\" decoding=\"async\" width=\"150\" height=\"99\" src=\"https:\/\/www.djk-erlangen.de\/fussball\/wp-content\/uploads\/2011\/07\/DSC_8927-150x99.jpg\" class=\"attachment-thumbnail size-thumbnail\" alt=\"\" srcset=\"https:\/\/www.djk-erlangen.de\/fussball\/wp-content\/uploads\/2011\/07\/DSC_8927-150x99.jpg 150w, https:\/\/www.djk-erlangen.de\/fussball\/wp-content\/uploads\/2011\/07\/DSC_8927-300x199.jpg 300w, https:\/\/www.djk-erlangen.de\/fussball\/wp-content\/uploads\/2011\/07\/DSC_8927.jpg 1024w\" sizes=\"auto, (max-width: 150px) 100vw, 150px\" \/><\/a>\n\t\t\t<\/dt><\/dl><dl class='gallery-item'>\n\t\t\t<dt class='gallery-icon landscape'>\n\t\t\t\t<a href='https:\/\/www.djk-erlangen.de\/fussball\/wp-content\/uploads\/2011\/07\/DSC_9048.jpg'><img loading=\"lazy\" decoding=\"async\" width=\"150\" height=\"99\" src=\"https:\/\/www.djk-erlangen.de\/fussball\/wp-content\/uploads\/2011\/07\/DSC_9048-150x99.jpg\" class=\"attachment-thumbnail size-thumbnail\" alt=\"\" srcset=\"https:\/\/www.djk-erlangen.de\/fussball\/wp-content\/uploads\/2011\/07\/DSC_9048-150x99.jpg 150w, https:\/\/www.djk-erlangen.de\/fussball\/wp-content\/uploads\/2011\/07\/DSC_9048-300x199.jpg 300w, https:\/\/www.djk-erlangen.de\/fussball\/wp-content\/uploads\/2011\/07\/DSC_9048.jpg 1024w\" sizes=\"auto, (max-width: 150px) 100vw, 150px\" \/><\/a>\n\t\t\t<\/dt><\/dl><dl class='gallery-item'>\n\t\t\t<dt class='gallery-icon landscape'>\n\t\t\t\t<a href='https:\/\/www.djk-erlangen.de\/fussball\/wp-content\/uploads\/2011\/07\/DSC_8933.jpg'><img loading=\"lazy\" decoding=\"async\" width=\"150\" height=\"99\" src=\"https:\/\/www.djk-erlangen.de\/fussball\/wp-content\/uploads\/2011\/07\/DSC_8933-150x99.jpg\" class=\"attachment-thumbnail size-thumbnail\" alt=\"\" srcset=\"https:\/\/www.djk-erlangen.de\/fussball\/wp-content\/uploads\/2011\/07\/DSC_8933-150x99.jpg 150w, https:\/\/www.djk-erlangen.de\/fussball\/wp-content\/uploads\/2011\/07\/DSC_8933-300x199.jpg 300w, https:\/\/www.djk-erlangen.de\/fussball\/wp-content\/uploads\/2011\/07\/DSC_8933.jpg 1024w\" sizes=\"auto, (max-width: 150px) 100vw, 150px\" \/><\/a>\n\t\t\t<\/dt><\/dl><br style=\"clear: both\" \/><dl class='gallery-item'>\n\t\t\t<dt class='gallery-icon landscape'>\n\t\t\t\t<a href='https:\/\/www.djk-erlangen.de\/fussball\/wp-content\/uploads\/2011\/07\/DSC_9389.jpg'><img loading=\"lazy\" decoding=\"async\" width=\"150\" height=\"99\" src=\"https:\/\/www.djk-erlangen.de\/fussball\/wp-content\/uploads\/2011\/07\/DSC_9389-150x99.jpg\" class=\"attachment-thumbnail size-thumbnail\" alt=\"\" srcset=\"https:\/\/www.djk-erlangen.de\/fussball\/wp-content\/uploads\/2011\/07\/DSC_9389-150x99.jpg 150w, https:\/\/www.djk-erlangen.de\/fussball\/wp-content\/uploads\/2011\/07\/DSC_9389-300x199.jpg 300w, https:\/\/www.djk-erlangen.de\/fussball\/wp-content\/uploads\/2011\/07\/DSC_9389.jpg 1024w\" sizes=\"auto, (max-width: 150px) 100vw, 150px\" \/><\/a>\n\t\t\t<\/dt><\/dl><dl class='gallery-item'>\n\t\t\t<dt class='gallery-icon landscape'>\n\t\t\t\t<a href='https:\/\/www.djk-erlangen.de\/fussball\/wp-content\/uploads\/2011\/07\/DSC_9025.jpg'><img loading=\"lazy\" decoding=\"async\" width=\"150\" height=\"99\" src=\"https:\/\/www.djk-erlangen.de\/fussball\/wp-content\/uploads\/2011\/07\/DSC_9025-150x99.jpg\" class=\"attachment-thumbnail size-thumbnail\" alt=\"\" srcset=\"https:\/\/www.djk-erlangen.de\/fussball\/wp-content\/uploads\/2011\/07\/DSC_9025-150x99.jpg 150w, https:\/\/www.djk-erlangen.de\/fussball\/wp-content\/uploads\/2011\/07\/DSC_9025-300x199.jpg 300w, https:\/\/www.djk-erlangen.de\/fussball\/wp-content\/uploads\/2011\/07\/DSC_9025.jpg 1024w\" sizes=\"auto, (max-width: 150px) 100vw, 150px\" \/><\/a>\n\t\t\t<\/dt><\/dl><dl class='gallery-item'>\n\t\t\t<dt class='gallery-icon landscape'>\n\t\t\t\t<a href='https:\/\/www.djk-erlangen.de\/fussball\/wp-content\/uploads\/2011\/07\/DSC_8983.jpg'><img loading=\"lazy\" decoding=\"async\" width=\"150\" height=\"99\" src=\"https:\/\/www.djk-erlangen.de\/fussball\/wp-content\/uploads\/2011\/07\/DSC_8983-150x99.jpg\" class=\"attachment-thumbnail size-thumbnail\" alt=\"\" srcset=\"https:\/\/www.djk-erlangen.de\/fussball\/wp-content\/uploads\/2011\/07\/DSC_8983-150x99.jpg 150w, https:\/\/www.djk-erlangen.de\/fussball\/wp-content\/uploads\/2011\/07\/DSC_8983-300x199.jpg 300w, https:\/\/www.djk-erlangen.de\/fussball\/wp-content\/uploads\/2011\/07\/DSC_8983.jpg 1024w\" sizes=\"auto, (max-width: 150px) 100vw, 150px\" \/><\/a>\n\t\t\t<\/dt><\/dl><br style=\"clear: both\" \/><dl class='gallery-item'>\n\t\t\t<dt class='gallery-icon landscape'>\n\t\t\t\t<a href='https:\/\/www.djk-erlangen.de\/fussball\/wp-content\/uploads\/2011\/07\/DSC_8990.jpg'><img loading=\"lazy\" decoding=\"async\" width=\"150\" height=\"99\" src=\"https:\/\/www.djk-erlangen.de\/fussball\/wp-content\/uploads\/2011\/07\/DSC_8990-150x99.jpg\" class=\"attachment-thumbnail size-thumbnail\" alt=\"\" srcset=\"https:\/\/www.djk-erlangen.de\/fussball\/wp-content\/uploads\/2011\/07\/DSC_8990-150x99.jpg 150w, https:\/\/www.djk-erlangen.de\/fussball\/wp-content\/uploads\/2011\/07\/DSC_8990-300x199.jpg 300w, https:\/\/www.djk-erlangen.de\/fussball\/wp-content\/uploads\/2011\/07\/DSC_8990.jpg 1024w\" sizes=\"auto, (max-width: 150px) 100vw, 150px\" \/><\/a>\n\t\t\t<\/dt><\/dl><dl class='gallery-item'>\n\t\t\t<dt class='gallery-icon landscape'>\n\t\t\t\t<a href='https:\/\/www.djk-erlangen.de\/fussball\/wp-content\/uploads\/2011\/07\/DSC_9202.jpg'><img loading=\"lazy\" decoding=\"async\" width=\"150\" height=\"99\" src=\"https:\/\/www.djk-erlangen.de\/fussball\/wp-content\/uploads\/2011\/07\/DSC_9202-150x99.jpg\" class=\"attachment-thumbnail size-thumbnail\" alt=\"\" srcset=\"https:\/\/www.djk-erlangen.de\/fussball\/wp-content\/uploads\/2011\/07\/DSC_9202-150x99.jpg 150w, https:\/\/www.djk-erlangen.de\/fussball\/wp-content\/uploads\/2011\/07\/DSC_9202-300x199.jpg 300w, https:\/\/www.djk-erlangen.de\/fussball\/wp-content\/uploads\/2011\/07\/DSC_9202.jpg 1024w\" sizes=\"auto, (max-width: 150px) 100vw, 150px\" \/><\/a>\n\t\t\t<\/dt><\/dl><dl class='gallery-item'>\n\t\t\t<dt class='gallery-icon landscape'>\n\t\t\t\t<a href='https:\/\/www.djk-erlangen.de\/fussball\/wp-content\/uploads\/2011\/07\/DSC_9190.jpg'><img loading=\"lazy\" decoding=\"async\" width=\"150\" height=\"99\" src=\"https:\/\/www.djk-erlangen.de\/fussball\/wp-content\/uploads\/2011\/07\/DSC_9190-150x99.jpg\" class=\"attachment-thumbnail size-thumbnail\" alt=\"\" srcset=\"https:\/\/www.djk-erlangen.de\/fussball\/wp-content\/uploads\/2011\/07\/DSC_9190-150x99.jpg 150w, https:\/\/www.djk-erlangen.de\/fussball\/wp-content\/uploads\/2011\/07\/DSC_9190-300x199.jpg 300w, https:\/\/www.djk-erlangen.de\/fussball\/wp-content\/uploads\/2011\/07\/DSC_9190.jpg 1024w\" sizes=\"auto, (max-width: 150px) 100vw, 150px\" \/><\/a>\n\t\t\t<\/dt><\/dl><br style=\"clear: both\" \/><dl class='gallery-item'>\n\t\t\t<dt class='gallery-icon landscape'>\n\t\t\t\t<a href='https:\/\/www.djk-erlangen.de\/fussball\/wp-content\/uploads\/2011\/07\/DSC_89252.jpg'><img loading=\"lazy\" decoding=\"async\" width=\"150\" height=\"99\" src=\"https:\/\/www.djk-erlangen.de\/fussball\/wp-content\/uploads\/2011\/07\/DSC_89252-150x99.jpg\" class=\"attachment-thumbnail size-thumbnail\" alt=\"\" srcset=\"https:\/\/www.djk-erlangen.de\/fussball\/wp-content\/uploads\/2011\/07\/DSC_89252-150x99.jpg 150w, https:\/\/www.djk-erlangen.de\/fussball\/wp-content\/uploads\/2011\/07\/DSC_89252-300x199.jpg 300w, https:\/\/www.djk-erlangen.de\/fussball\/wp-content\/uploads\/2011\/07\/DSC_89252.jpg 1024w\" sizes=\"auto, (max-width: 150px) 100vw, 150px\" \/><\/a>\n\t\t\t<\/dt><\/dl><dl class='gallery-item'>\n\t\t\t<dt class='gallery-icon landscape'>\n\t\t\t\t<a href='https:\/\/www.djk-erlangen.de\/fussball\/wp-content\/uploads\/2011\/07\/DSC_9189.jpg'><img loading=\"lazy\" decoding=\"async\" width=\"150\" height=\"99\" src=\"https:\/\/www.djk-erlangen.de\/fussball\/wp-content\/uploads\/2011\/07\/DSC_9189-150x99.jpg\" class=\"attachment-thumbnail size-thumbnail\" alt=\"\" srcset=\"https:\/\/www.djk-erlangen.de\/fussball\/wp-content\/uploads\/2011\/07\/DSC_9189-150x99.jpg 150w, https:\/\/www.djk-erlangen.de\/fussball\/wp-content\/uploads\/2011\/07\/DSC_9189-300x199.jpg 300w, https:\/\/www.djk-erlangen.de\/fussball\/wp-content\/uploads\/2011\/07\/DSC_9189.jpg 1024w\" sizes=\"auto, (max-width: 150px) 100vw, 150px\" \/><\/a>\n\t\t\t<\/dt><\/dl><dl class='gallery-item'>\n\t\t\t<dt class='gallery-icon landscape'>\n\t\t\t\t<a href='https:\/\/www.djk-erlangen.de\/fussball\/wp-content\/uploads\/2011\/07\/DSC_9029.jpg'><img loading=\"lazy\" decoding=\"async\" width=\"150\" height=\"99\" src=\"https:\/\/www.djk-erlangen.de\/fussball\/wp-content\/uploads\/2011\/07\/DSC_9029-150x99.jpg\" class=\"attachment-thumbnail size-thumbnail\" alt=\"\" srcset=\"https:\/\/www.djk-erlangen.de\/fussball\/wp-content\/uploads\/2011\/07\/DSC_9029-150x99.jpg 150w, https:\/\/www.djk-erlangen.de\/fussball\/wp-content\/uploads\/2011\/07\/DSC_9029-300x199.jpg 300w, https:\/\/www.djk-erlangen.de\/fussball\/wp-content\/uploads\/2011\/07\/DSC_9029.jpg 1024w\" sizes=\"auto, (max-width: 150px) 100vw, 150px\" \/><\/a>\n\t\t\t<\/dt><\/dl><br style=\"clear: both\" \/><dl class='gallery-item'>\n\t\t\t<dt class='gallery-icon landscape'>\n\t\t\t\t<a href='https:\/\/www.djk-erlangen.de\/fussball\/wp-content\/uploads\/2011\/07\/DSC_8991.jpg'><img loading=\"lazy\" decoding=\"async\" width=\"150\" height=\"99\" src=\"https:\/\/www.djk-erlangen.de\/fussball\/wp-content\/uploads\/2011\/07\/DSC_8991-150x99.jpg\" class=\"attachment-thumbnail size-thumbnail\" alt=\"\" srcset=\"https:\/\/www.djk-erlangen.de\/fussball\/wp-content\/uploads\/2011\/07\/DSC_8991-150x99.jpg 150w, https:\/\/www.djk-erlangen.de\/fussball\/wp-content\/uploads\/2011\/07\/DSC_8991-300x199.jpg 300w, https:\/\/www.djk-erlangen.de\/fussball\/wp-content\/uploads\/2011\/07\/DSC_8991.jpg 1024w\" sizes=\"auto, (max-width: 150px) 100vw, 150px\" \/><\/a>\n\t\t\t<\/dt><\/dl><dl class='gallery-item'>\n\t\t\t<dt class='gallery-icon landscape'>\n\t\t\t\t<a href='https:\/\/www.djk-erlangen.de\/fussball\/wp-content\/uploads\/2011\/07\/DSC_9078.jpg'><img loading=\"lazy\" decoding=\"async\" width=\"150\" height=\"99\" src=\"https:\/\/www.djk-erlangen.de\/fussball\/wp-content\/uploads\/2011\/07\/DSC_9078-150x99.jpg\" class=\"attachment-thumbnail size-thumbnail\" alt=\"\" srcset=\"https:\/\/www.djk-erlangen.de\/fussball\/wp-content\/uploads\/2011\/07\/DSC_9078-150x99.jpg 150w, https:\/\/www.djk-erlangen.de\/fussball\/wp-content\/uploads\/2011\/07\/DSC_9078-300x199.jpg 300w, https:\/\/www.djk-erlangen.de\/fussball\/wp-content\/uploads\/2011\/07\/DSC_9078.jpg 1024w\" sizes=\"auto, (max-width: 150px) 100vw, 150px\" \/><\/a>\n\t\t\t<\/dt><\/dl><dl class='gallery-item'>\n\t\t\t<dt class='gallery-icon landscape'>\n\t\t\t\t<a href='https:\/\/www.djk-erlangen.de\/fussball\/wp-content\/uploads\/2011\/07\/DSC_9062.jpg'><img loading=\"lazy\" decoding=\"async\" width=\"150\" height=\"99\" src=\"https:\/\/www.djk-erlangen.de\/fussball\/wp-content\/uploads\/2011\/07\/DSC_9062-150x99.jpg\" class=\"attachment-thumbnail size-thumbnail\" alt=\"\" srcset=\"https:\/\/www.djk-erlangen.de\/fussball\/wp-content\/uploads\/2011\/07\/DSC_9062-150x99.jpg 150w, https:\/\/www.djk-erlangen.de\/fussball\/wp-content\/uploads\/2011\/07\/DSC_9062-300x199.jpg 300w, https:\/\/www.djk-erlangen.de\/fussball\/wp-content\/uploads\/2011\/07\/DSC_9062.jpg 1024w\" sizes=\"auto, (max-width: 150px) 100vw, 150px\" \/><\/a>\n\t\t\t<\/dt><\/dl><br style=\"clear: both\" \/><dl class='gallery-item'>\n\t\t\t<dt class='gallery-icon landscape'>\n\t\t\t\t<a href='https:\/\/www.djk-erlangen.de\/fussball\/wp-content\/uploads\/2011\/07\/DSC_9044.jpg'><img loading=\"lazy\" decoding=\"async\" width=\"150\" height=\"99\" src=\"https:\/\/www.djk-erlangen.de\/fussball\/wp-content\/uploads\/2011\/07\/DSC_9044-150x99.jpg\" class=\"attachment-thumbnail size-thumbnail\" alt=\"\" srcset=\"https:\/\/www.djk-erlangen.de\/fussball\/wp-content\/uploads\/2011\/07\/DSC_9044-150x99.jpg 150w, https:\/\/www.djk-erlangen.de\/fussball\/wp-content\/uploads\/2011\/07\/DSC_9044-300x199.jpg 300w, https:\/\/www.djk-erlangen.de\/fussball\/wp-content\/uploads\/2011\/07\/DSC_9044.jpg 1024w\" sizes=\"auto, (max-width: 150px) 100vw, 150px\" \/><\/a>\n\t\t\t<\/dt><\/dl><dl class='gallery-item'>\n\t\t\t<dt class='gallery-icon landscape'>\n\t\t\t\t<a href='https:\/\/www.djk-erlangen.de\/fussball\/wp-content\/uploads\/2011\/07\/DSC_9066.jpg'><img loading=\"lazy\" decoding=\"async\" width=\"150\" height=\"99\" src=\"https:\/\/www.djk-erlangen.de\/fussball\/wp-content\/uploads\/2011\/07\/DSC_9066-150x99.jpg\" class=\"attachment-thumbnail size-thumbnail\" alt=\"\" srcset=\"https:\/\/www.djk-erlangen.de\/fussball\/wp-content\/uploads\/2011\/07\/DSC_9066-150x99.jpg 150w, https:\/\/www.djk-erlangen.de\/fussball\/wp-content\/uploads\/2011\/07\/DSC_9066-300x199.jpg 300w, https:\/\/www.djk-erlangen.de\/fussball\/wp-content\/uploads\/2011\/07\/DSC_9066.jpg 1024w\" sizes=\"auto, (max-width: 150px) 100vw, 150px\" \/><\/a>\n\t\t\t<\/dt><\/dl><dl class='gallery-item'>\n\t\t\t<dt class='gallery-icon landscape'>\n\t\t\t\t<a href='https:\/\/www.djk-erlangen.de\/fussball\/wp-content\/uploads\/2011\/07\/DSC_8932.jpg'><img loading=\"lazy\" decoding=\"async\" width=\"150\" height=\"99\" src=\"https:\/\/www.djk-erlangen.de\/fussball\/wp-content\/uploads\/2011\/07\/DSC_8932-150x99.jpg\" class=\"attachment-thumbnail size-thumbnail\" alt=\"\" srcset=\"https:\/\/www.djk-erlangen.de\/fussball\/wp-content\/uploads\/2011\/07\/DSC_8932-150x99.jpg 150w, https:\/\/www.djk-erlangen.de\/fussball\/wp-content\/uploads\/2011\/07\/DSC_8932-300x199.jpg 300w, https:\/\/www.djk-erlangen.de\/fussball\/wp-content\/uploads\/2011\/07\/DSC_8932.jpg 1024w\" sizes=\"auto, (max-width: 150px) 100vw, 150px\" \/><\/a>\n\t\t\t<\/dt><\/dl><br style=\"clear: both\" \/><dl class='gallery-item'>\n\t\t\t<dt class='gallery-icon landscape'>\n\t\t\t\t<a href='https:\/\/www.djk-erlangen.de\/fussball\/wp-content\/uploads\/2011\/07\/DSC_9181.jpg'><img loading=\"lazy\" decoding=\"async\" width=\"150\" height=\"99\" src=\"https:\/\/www.djk-erlangen.de\/fussball\/wp-content\/uploads\/2011\/07\/DSC_9181-150x99.jpg\" class=\"attachment-thumbnail size-thumbnail\" alt=\"\" srcset=\"https:\/\/www.djk-erlangen.de\/fussball\/wp-content\/uploads\/2011\/07\/DSC_9181-150x99.jpg 150w, https:\/\/www.djk-erlangen.de\/fussball\/wp-content\/uploads\/2011\/07\/DSC_9181-300x199.jpg 300w, https:\/\/www.djk-erlangen.de\/fussball\/wp-content\/uploads\/2011\/07\/DSC_9181.jpg 1024w\" sizes=\"auto, (max-width: 150px) 100vw, 150px\" \/><\/a>\n\t\t\t<\/dt><\/dl><dl class='gallery-item'>\n\t\t\t<dt class='gallery-icon landscape'>\n\t\t\t\t<a href='https:\/\/www.djk-erlangen.de\/fussball\/wp-content\/uploads\/2011\/07\/DSC_9247.jpg'><img loading=\"lazy\" decoding=\"async\" width=\"150\" height=\"99\" src=\"https:\/\/www.djk-erlangen.de\/fussball\/wp-content\/uploads\/2011\/07\/DSC_9247-150x99.jpg\" class=\"attachment-thumbnail size-thumbnail\" alt=\"\" srcset=\"https:\/\/www.djk-erlangen.de\/fussball\/wp-content\/uploads\/2011\/07\/DSC_9247-150x99.jpg 150w, https:\/\/www.djk-erlangen.de\/fussball\/wp-content\/uploads\/2011\/07\/DSC_9247-300x199.jpg 300w, https:\/\/www.djk-erlangen.de\/fussball\/wp-content\/uploads\/2011\/07\/DSC_9247.jpg 1024w\" sizes=\"auto, (max-width: 150px) 100vw, 150px\" \/><\/a>\n\t\t\t<\/dt><\/dl><dl class='gallery-item'>\n\t\t\t<dt class='gallery-icon landscape'>\n\t\t\t\t<a href='https:\/\/www.djk-erlangen.de\/fussball\/wp-content\/uploads\/2011\/07\/DSC_9080.jpg'><img loading=\"lazy\" decoding=\"async\" width=\"150\" height=\"99\" src=\"https:\/\/www.djk-erlangen.de\/fussball\/wp-content\/uploads\/2011\/07\/DSC_9080-150x99.jpg\" class=\"attachment-thumbnail size-thumbnail\" alt=\"\" srcset=\"https:\/\/www.djk-erlangen.de\/fussball\/wp-content\/uploads\/2011\/07\/DSC_9080-150x99.jpg 150w, https:\/\/www.djk-erlangen.de\/fussball\/wp-content\/uploads\/2011\/07\/DSC_9080-300x199.jpg 300w, https:\/\/www.djk-erlangen.de\/fussball\/wp-content\/uploads\/2011\/07\/DSC_9080.jpg 1024w\" sizes=\"auto, (max-width: 150px) 100vw, 150px\" \/><\/a>\n\t\t\t<\/dt><\/dl><br style=\"clear: both\" \/><dl class='gallery-item'>\n\t\t\t<dt class='gallery-icon landscape'>\n\t\t\t\t<a href='https:\/\/www.djk-erlangen.de\/fussball\/wp-content\/uploads\/2011\/07\/DSC_9055.jpg'><img loading=\"lazy\" decoding=\"async\" width=\"150\" height=\"99\" src=\"https:\/\/www.djk-erlangen.de\/fussball\/wp-content\/uploads\/2011\/07\/DSC_9055-150x99.jpg\" class=\"attachment-thumbnail size-thumbnail\" alt=\"\" srcset=\"https:\/\/www.djk-erlangen.de\/fussball\/wp-content\/uploads\/2011\/07\/DSC_9055-150x99.jpg 150w, https:\/\/www.djk-erlangen.de\/fussball\/wp-content\/uploads\/2011\/07\/DSC_9055-300x199.jpg 300w, https:\/\/www.djk-erlangen.de\/fussball\/wp-content\/uploads\/2011\/07\/DSC_9055.jpg 1024w\" sizes=\"auto, (max-width: 150px) 100vw, 150px\" \/><\/a>\n\t\t\t<\/dt><\/dl><dl class='gallery-item'>\n\t\t\t<dt class='gallery-icon landscape'>\n\t\t\t\t<a href='https:\/\/www.djk-erlangen.de\/fussball\/wp-content\/uploads\/2011\/07\/DSC_9137.jpg'><img loading=\"lazy\" decoding=\"async\" width=\"150\" height=\"99\" src=\"https:\/\/www.djk-erlangen.de\/fussball\/wp-content\/uploads\/2011\/07\/DSC_9137-150x99.jpg\" class=\"attachment-thumbnail size-thumbnail\" alt=\"\" srcset=\"https:\/\/www.djk-erlangen.de\/fussball\/wp-content\/uploads\/2011\/07\/DSC_9137-150x99.jpg 150w, https:\/\/www.djk-erlangen.de\/fussball\/wp-content\/uploads\/2011\/07\/DSC_9137-300x199.jpg 300w, https:\/\/www.djk-erlangen.de\/fussball\/wp-content\/uploads\/2011\/07\/DSC_9137.jpg 1024w\" sizes=\"auto, (max-width: 150px) 100vw, 150px\" \/><\/a>\n\t\t\t<\/dt><\/dl><dl class='gallery-item'>\n\t\t\t<dt class='gallery-icon landscape'>\n\t\t\t\t<a href='https:\/\/www.djk-erlangen.de\/fussball\/wp-content\/uploads\/2011\/07\/DSC_9079.jpg'><img loading=\"lazy\" decoding=\"async\" width=\"150\" height=\"99\" src=\"https:\/\/www.djk-erlangen.de\/fussball\/wp-content\/uploads\/2011\/07\/DSC_9079-150x99.jpg\" class=\"attachment-thumbnail size-thumbnail\" alt=\"\" srcset=\"https:\/\/www.djk-erlangen.de\/fussball\/wp-content\/uploads\/2011\/07\/DSC_9079-150x99.jpg 150w, https:\/\/www.djk-erlangen.de\/fussball\/wp-content\/uploads\/2011\/07\/DSC_9079-300x199.jpg 300w, https:\/\/www.djk-erlangen.de\/fussball\/wp-content\/uploads\/2011\/07\/DSC_9079.jpg 1024w\" sizes=\"auto, (max-width: 150px) 100vw, 150px\" \/><\/a>\n\t\t\t<\/dt><\/dl><br style=\"clear: both\" \/><dl class='gallery-item'>\n\t\t\t<dt class='gallery-icon landscape'>\n\t\t\t\t<a href='https:\/\/www.djk-erlangen.de\/fussball\/wp-content\/uploads\/2011\/07\/DSC_9023.jpg'><img loading=\"lazy\" decoding=\"async\" width=\"150\" height=\"99\" src=\"https:\/\/www.djk-erlangen.de\/fussball\/wp-content\/uploads\/2011\/07\/DSC_9023-150x99.jpg\" class=\"attachment-thumbnail size-thumbnail\" alt=\"\" srcset=\"https:\/\/www.djk-erlangen.de\/fussball\/wp-content\/uploads\/2011\/07\/DSC_9023-150x99.jpg 150w, https:\/\/www.djk-erlangen.de\/fussball\/wp-content\/uploads\/2011\/07\/DSC_9023-300x199.jpg 300w, https:\/\/www.djk-erlangen.de\/fussball\/wp-content\/uploads\/2011\/07\/DSC_9023.jpg 1024w\" sizes=\"auto, (max-width: 150px) 100vw, 150px\" \/><\/a>\n\t\t\t<\/dt><\/dl><dl class='gallery-item'>\n\t\t\t<dt class='gallery-icon landscape'>\n\t\t\t\t<a href='https:\/\/www.djk-erlangen.de\/fussball\/wp-content\/uploads\/2011\/07\/DSC_8992.jpg'><img loading=\"lazy\" decoding=\"async\" width=\"150\" height=\"99\" src=\"https:\/\/www.djk-erlangen.de\/fussball\/wp-content\/uploads\/2011\/07\/DSC_8992-150x99.jpg\" class=\"attachment-thumbnail size-thumbnail\" alt=\"\" srcset=\"https:\/\/www.djk-erlangen.de\/fussball\/wp-content\/uploads\/2011\/07\/DSC_8992-150x99.jpg 150w, https:\/\/www.djk-erlangen.de\/fussball\/wp-content\/uploads\/2011\/07\/DSC_8992-300x199.jpg 300w, https:\/\/www.djk-erlangen.de\/fussball\/wp-content\/uploads\/2011\/07\/DSC_8992.jpg 1024w\" sizes=\"auto, (max-width: 150px) 100vw, 150px\" \/><\/a>\n\t\t\t<\/dt><\/dl><dl class='gallery-item'>\n\t\t\t<dt class='gallery-icon landscape'>\n\t\t\t\t<a href='https:\/\/www.djk-erlangen.de\/fussball\/wp-content\/uploads\/2011\/07\/DSC_9300.jpg'><img loading=\"lazy\" decoding=\"async\" width=\"150\" height=\"99\" src=\"https:\/\/www.djk-erlangen.de\/fussball\/wp-content\/uploads\/2011\/07\/DSC_9300-150x99.jpg\" class=\"attachment-thumbnail size-thumbnail\" alt=\"\" srcset=\"https:\/\/www.djk-erlangen.de\/fussball\/wp-content\/uploads\/2011\/07\/DSC_9300-150x99.jpg 150w, https:\/\/www.djk-erlangen.de\/fussball\/wp-content\/uploads\/2011\/07\/DSC_9300-300x199.jpg 300w, https:\/\/www.djk-erlangen.de\/fussball\/wp-content\/uploads\/2011\/07\/DSC_9300.jpg 1024w\" sizes=\"auto, (max-width: 150px) 100vw, 150px\" \/><\/a>\n\t\t\t<\/dt><\/dl><br style=\"clear: both\" \/><dl class='gallery-item'>\n\t\t\t<dt class='gallery-icon landscape'>\n\t\t\t\t<a href='https:\/\/www.djk-erlangen.de\/fussball\/wp-content\/uploads\/2011\/07\/DSC_9196.jpg'><img loading=\"lazy\" decoding=\"async\" width=\"150\" height=\"99\" src=\"https:\/\/www.djk-erlangen.de\/fussball\/wp-content\/uploads\/2011\/07\/DSC_9196-150x99.jpg\" class=\"attachment-thumbnail size-thumbnail\" alt=\"\" srcset=\"https:\/\/www.djk-erlangen.de\/fussball\/wp-content\/uploads\/2011\/07\/DSC_9196-150x99.jpg 150w, https:\/\/www.djk-erlangen.de\/fussball\/wp-content\/uploads\/2011\/07\/DSC_9196-300x199.jpg 300w, https:\/\/www.djk-erlangen.de\/fussball\/wp-content\/uploads\/2011\/07\/DSC_9196.jpg 1024w\" sizes=\"auto, (max-width: 150px) 100vw, 150px\" \/><\/a>\n\t\t\t<\/dt><\/dl><dl class='gallery-item'>\n\t\t\t<dt class='gallery-icon landscape'>\n\t\t\t\t<a href='https:\/\/www.djk-erlangen.de\/fussball\/wp-content\/uploads\/2011\/07\/DSC_90111.jpg'><img loading=\"lazy\" decoding=\"async\" width=\"150\" height=\"99\" src=\"https:\/\/www.djk-erlangen.de\/fussball\/wp-content\/uploads\/2011\/07\/DSC_90111-150x99.jpg\" class=\"attachment-thumbnail size-thumbnail\" alt=\"\" srcset=\"https:\/\/www.djk-erlangen.de\/fussball\/wp-content\/uploads\/2011\/07\/DSC_90111-150x99.jpg 150w, https:\/\/www.djk-erlangen.de\/fussball\/wp-content\/uploads\/2011\/07\/DSC_90111-300x199.jpg 300w, https:\/\/www.djk-erlangen.de\/fussball\/wp-content\/uploads\/2011\/07\/DSC_90111.jpg 1024w\" sizes=\"auto, (max-width: 150px) 100vw, 150px\" \/><\/a>\n\t\t\t<\/dt><\/dl><dl class='gallery-item'>\n\t\t\t<dt class='gallery-icon landscape'>\n\t\t\t\t<a href='https:\/\/www.djk-erlangen.de\/fussball\/wp-content\/uploads\/2011\/07\/DSC_90091.jpg'><img loading=\"lazy\" decoding=\"async\" width=\"150\" height=\"99\" src=\"https:\/\/www.djk-erlangen.de\/fussball\/wp-content\/uploads\/2011\/07\/DSC_90091-150x99.jpg\" class=\"attachment-thumbnail size-thumbnail\" alt=\"\" srcset=\"https:\/\/www.djk-erlangen.de\/fussball\/wp-content\/uploads\/2011\/07\/DSC_90091-150x99.jpg 150w, https:\/\/www.djk-erlangen.de\/fussball\/wp-content\/uploads\/2011\/07\/DSC_90091-300x199.jpg 300w, https:\/\/www.djk-erlangen.de\/fussball\/wp-content\/uploads\/2011\/07\/DSC_90091.jpg 1024w\" sizes=\"auto, (max-width: 150px) 100vw, 150px\" \/><\/a>\n\t\t\t<\/dt><\/dl><br style=\"clear: both\" \/><dl class='gallery-item'>\n\t\t\t<dt class='gallery-icon landscape'>\n\t\t\t\t<a href='https:\/\/www.djk-erlangen.de\/fussball\/wp-content\/uploads\/2011\/07\/DSC_8987.jpg'><img loading=\"lazy\" decoding=\"async\" width=\"150\" height=\"99\" src=\"https:\/\/www.djk-erlangen.de\/fussball\/wp-content\/uploads\/2011\/07\/DSC_8987-150x99.jpg\" class=\"attachment-thumbnail size-thumbnail\" alt=\"\" srcset=\"https:\/\/www.djk-erlangen.de\/fussball\/wp-content\/uploads\/2011\/07\/DSC_8987-150x99.jpg 150w, https:\/\/www.djk-erlangen.de\/fussball\/wp-content\/uploads\/2011\/07\/DSC_8987-300x199.jpg 300w, https:\/\/www.djk-erlangen.de\/fussball\/wp-content\/uploads\/2011\/07\/DSC_8987.jpg 1024w\" sizes=\"auto, (max-width: 150px) 100vw, 150px\" \/><\/a>\n\t\t\t<\/dt><\/dl><dl class='gallery-item'>\n\t\t\t<dt class='gallery-icon landscape'>\n\t\t\t\t<a href='https:\/\/www.djk-erlangen.de\/fussball\/wp-content\/uploads\/2011\/07\/DSC_9128.jpg'><img loading=\"lazy\" decoding=\"async\" width=\"150\" height=\"99\" src=\"https:\/\/www.djk-erlangen.de\/fussball\/wp-content\/uploads\/2011\/07\/DSC_9128-150x99.jpg\" class=\"attachment-thumbnail size-thumbnail\" alt=\"\" srcset=\"https:\/\/www.djk-erlangen.de\/fussball\/wp-content\/uploads\/2011\/07\/DSC_9128-150x99.jpg 150w, https:\/\/www.djk-erlangen.de\/fussball\/wp-content\/uploads\/2011\/07\/DSC_9128-300x199.jpg 300w, https:\/\/www.djk-erlangen.de\/fussball\/wp-content\/uploads\/2011\/07\/DSC_9128.jpg 1024w\" sizes=\"auto, (max-width: 150px) 100vw, 150px\" \/><\/a>\n\t\t\t<\/dt><\/dl><dl class='gallery-item'>\n\t\t\t<dt class='gallery-icon landscape'>\n\t\t\t\t<a href='https:\/\/www.djk-erlangen.de\/fussball\/wp-content\/uploads\/2011\/07\/DSC_9072.jpg'><img loading=\"lazy\" decoding=\"async\" width=\"150\" height=\"99\" src=\"https:\/\/www.djk-erlangen.de\/fussball\/wp-content\/uploads\/2011\/07\/DSC_9072-150x99.jpg\" class=\"attachment-thumbnail size-thumbnail\" alt=\"\" srcset=\"https:\/\/www.djk-erlangen.de\/fussball\/wp-content\/uploads\/2011\/07\/DSC_9072-150x99.jpg 150w, https:\/\/www.djk-erlangen.de\/fussball\/wp-content\/uploads\/2011\/07\/DSC_9072-300x199.jpg 300w, https:\/\/www.djk-erlangen.de\/fussball\/wp-content\/uploads\/2011\/07\/DSC_9072.jpg 1024w\" sizes=\"auto, (max-width: 150px) 100vw, 150px\" \/><\/a>\n\t\t\t<\/dt><\/dl><br style=\"clear: both\" \/><dl class='gallery-item'>\n\t\t\t<dt class='gallery-icon landscape'>\n\t\t\t\t<a href='https:\/\/www.djk-erlangen.de\/fussball\/wp-content\/uploads\/2011\/07\/DSC_9139.jpg'><img loading=\"lazy\" decoding=\"async\" width=\"150\" height=\"99\" src=\"https:\/\/www.djk-erlangen.de\/fussball\/wp-content\/uploads\/2011\/07\/DSC_9139-150x99.jpg\" class=\"attachment-thumbnail size-thumbnail\" alt=\"\" srcset=\"https:\/\/www.djk-erlangen.de\/fussball\/wp-content\/uploads\/2011\/07\/DSC_9139-150x99.jpg 150w, https:\/\/www.djk-erlangen.de\/fussball\/wp-content\/uploads\/2011\/07\/DSC_9139-300x199.jpg 300w, https:\/\/www.djk-erlangen.de\/fussball\/wp-content\/uploads\/2011\/07\/DSC_9139.jpg 1024w\" sizes=\"auto, (max-width: 150px) 100vw, 150px\" \/><\/a>\n\t\t\t<\/dt><\/dl><dl class='gallery-item'>\n\t\t\t<dt class='gallery-icon landscape'>\n\t\t\t\t<a href='https:\/\/www.djk-erlangen.de\/fussball\/wp-content\/uploads\/2011\/07\/DSC_9252.jpg'><img loading=\"lazy\" decoding=\"async\" width=\"150\" height=\"99\" src=\"https:\/\/www.djk-erlangen.de\/fussball\/wp-content\/uploads\/2011\/07\/DSC_9252-150x99.jpg\" class=\"attachment-thumbnail size-thumbnail\" alt=\"\" srcset=\"https:\/\/www.djk-erlangen.de\/fussball\/wp-content\/uploads\/2011\/07\/DSC_9252-150x99.jpg 150w, https:\/\/www.djk-erlangen.de\/fussball\/wp-content\/uploads\/2011\/07\/DSC_9252-300x199.jpg 300w, https:\/\/www.djk-erlangen.de\/fussball\/wp-content\/uploads\/2011\/07\/DSC_9252.jpg 1024w\" sizes=\"auto, (max-width: 150px) 100vw, 150px\" \/><\/a>\n\t\t\t<\/dt><\/dl><dl class='gallery-item'>\n\t\t\t<dt class='gallery-icon landscape'>\n\t\t\t\t<a href='https:\/\/www.djk-erlangen.de\/fussball\/wp-content\/uploads\/2011\/07\/DSC_9122.jpg'><img loading=\"lazy\" decoding=\"async\" width=\"150\" height=\"99\" src=\"https:\/\/www.djk-erlangen.de\/fussball\/wp-content\/uploads\/2011\/07\/DSC_9122-150x99.jpg\" class=\"attachment-thumbnail size-thumbnail\" alt=\"\" srcset=\"https:\/\/www.djk-erlangen.de\/fussball\/wp-content\/uploads\/2011\/07\/DSC_9122-150x99.jpg 150w, https:\/\/www.djk-erlangen.de\/fussball\/wp-content\/uploads\/2011\/07\/DSC_9122-300x199.jpg 300w, https:\/\/www.djk-erlangen.de\/fussball\/wp-content\/uploads\/2011\/07\/DSC_9122.jpg 1024w\" sizes=\"auto, (max-width: 150px) 100vw, 150px\" \/><\/a>\n\t\t\t<\/dt><\/dl><br style=\"clear: both\" \/><dl class='gallery-item'>\n\t\t\t<dt class='gallery-icon landscape'>\n\t\t\t\t<a href='https:\/\/www.djk-erlangen.de\/fussball\/wp-content\/uploads\/2011\/07\/DSC_9118.jpg'><img loading=\"lazy\" decoding=\"async\" width=\"150\" height=\"99\" src=\"https:\/\/www.djk-erlangen.de\/fussball\/wp-content\/uploads\/2011\/07\/DSC_9118-150x99.jpg\" class=\"attachment-thumbnail size-thumbnail\" alt=\"\" srcset=\"https:\/\/www.djk-erlangen.de\/fussball\/wp-content\/uploads\/2011\/07\/DSC_9118-150x99.jpg 150w, https:\/\/www.djk-erlangen.de\/fussball\/wp-content\/uploads\/2011\/07\/DSC_9118-300x199.jpg 300w, https:\/\/www.djk-erlangen.de\/fussball\/wp-content\/uploads\/2011\/07\/DSC_9118.jpg 1024w\" sizes=\"auto, (max-width: 150px) 100vw, 150px\" \/><\/a>\n\t\t\t<\/dt><\/dl><dl class='gallery-item'>\n\t\t\t<dt class='gallery-icon landscape'>\n\t\t\t\t<a href='https:\/\/www.djk-erlangen.de\/fussball\/wp-content\/uploads\/2011\/07\/DSC_9125.jpg'><img loading=\"lazy\" decoding=\"async\" width=\"150\" height=\"99\" src=\"https:\/\/www.djk-erlangen.de\/fussball\/wp-content\/uploads\/2011\/07\/DSC_9125-150x99.jpg\" class=\"attachment-thumbnail size-thumbnail\" alt=\"\" srcset=\"https:\/\/www.djk-erlangen.de\/fussball\/wp-content\/uploads\/2011\/07\/DSC_9125-150x99.jpg 150w, https:\/\/www.djk-erlangen.de\/fussball\/wp-content\/uploads\/2011\/07\/DSC_9125-300x199.jpg 300w, https:\/\/www.djk-erlangen.de\/fussball\/wp-content\/uploads\/2011\/07\/DSC_9125.jpg 1024w\" sizes=\"auto, (max-width: 150px) 100vw, 150px\" \/><\/a>\n\t\t\t<\/dt><\/dl><dl class='gallery-item'>\n\t\t\t<dt class='gallery-icon landscape'>\n\t\t\t\t<a href='https:\/\/www.djk-erlangen.de\/fussball\/wp-content\/uploads\/2011\/07\/DSC_9059.jpg'><img loading=\"lazy\" decoding=\"async\" width=\"150\" height=\"99\" src=\"https:\/\/www.djk-erlangen.de\/fussball\/wp-content\/uploads\/2011\/07\/DSC_9059-150x99.jpg\" class=\"attachment-thumbnail size-thumbnail\" alt=\"\" srcset=\"https:\/\/www.djk-erlangen.de\/fussball\/wp-content\/uploads\/2011\/07\/DSC_9059-150x99.jpg 150w, https:\/\/www.djk-erlangen.de\/fussball\/wp-content\/uploads\/2011\/07\/DSC_9059-300x199.jpg 300w, https:\/\/www.djk-erlangen.de\/fussball\/wp-content\/uploads\/2011\/07\/DSC_9059.jpg 1024w\" sizes=\"auto, (max-width: 150px) 100vw, 150px\" \/><\/a>\n\t\t\t<\/dt><\/dl><br style=\"clear: both\" \/><dl class='gallery-item'>\n\t\t\t<dt class='gallery-icon landscape'>\n\t\t\t\t<a href='https:\/\/www.djk-erlangen.de\/fussball\/wp-content\/uploads\/2011\/07\/DSC_89361.jpg'><img loading=\"lazy\" decoding=\"async\" width=\"150\" height=\"99\" src=\"https:\/\/www.djk-erlangen.de\/fussball\/wp-content\/uploads\/2011\/07\/DSC_89361-150x99.jpg\" class=\"attachment-thumbnail size-thumbnail\" alt=\"\" srcset=\"https:\/\/www.djk-erlangen.de\/fussball\/wp-content\/uploads\/2011\/07\/DSC_89361-150x99.jpg 150w, https:\/\/www.djk-erlangen.de\/fussball\/wp-content\/uploads\/2011\/07\/DSC_89361-300x199.jpg 300w, https:\/\/www.djk-erlangen.de\/fussball\/wp-content\/uploads\/2011\/07\/DSC_89361.jpg 1024w\" sizes=\"auto, (max-width: 150px) 100vw, 150px\" \/><\/a>\n\t\t\t<\/dt><\/dl><dl class='gallery-item'>\n\t\t\t<dt class='gallery-icon landscape'>\n\t\t\t\t<a href='https:\/\/www.djk-erlangen.de\/fussball\/wp-content\/uploads\/2011\/07\/DSC_9132.jpg'><img loading=\"lazy\" decoding=\"async\" width=\"150\" height=\"99\" src=\"https:\/\/www.djk-erlangen.de\/fussball\/wp-content\/uploads\/2011\/07\/DSC_9132-150x99.jpg\" class=\"attachment-thumbnail size-thumbnail\" alt=\"\" srcset=\"https:\/\/www.djk-erlangen.de\/fussball\/wp-content\/uploads\/2011\/07\/DSC_9132-150x99.jpg 150w, https:\/\/www.djk-erlangen.de\/fussball\/wp-content\/uploads\/2011\/07\/DSC_9132-300x199.jpg 300w, https:\/\/www.djk-erlangen.de\/fussball\/wp-content\/uploads\/2011\/07\/DSC_9132.jpg 1024w\" sizes=\"auto, (max-width: 150px) 100vw, 150px\" \/><\/a>\n\t\t\t<\/dt><\/dl><dl class='gallery-item'>\n\t\t\t<dt class='gallery-icon landscape'>\n\t\t\t\t<a href='https:\/\/www.djk-erlangen.de\/fussball\/wp-content\/uploads\/2011\/07\/DSC_9186.jpg'><img loading=\"lazy\" decoding=\"async\" width=\"150\" height=\"99\" src=\"https:\/\/www.djk-erlangen.de\/fussball\/wp-content\/uploads\/2011\/07\/DSC_9186-150x99.jpg\" class=\"attachment-thumbnail size-thumbnail\" alt=\"\" srcset=\"https:\/\/www.djk-erlangen.de\/fussball\/wp-content\/uploads\/2011\/07\/DSC_9186-150x99.jpg 150w, https:\/\/www.djk-erlangen.de\/fussball\/wp-content\/uploads\/2011\/07\/DSC_9186-300x199.jpg 300w, https:\/\/www.djk-erlangen.de\/fussball\/wp-content\/uploads\/2011\/07\/DSC_9186.jpg 1024w\" sizes=\"auto, (max-width: 150px) 100vw, 150px\" \/><\/a>\n\t\t\t<\/dt><\/dl><br style=\"clear: both\" \/><dl class='gallery-item'>\n\t\t\t<dt class='gallery-icon landscape'>\n\t\t\t\t<a href='https:\/\/www.djk-erlangen.de\/fussball\/wp-content\/uploads\/2011\/07\/DSC_9047.jpg'><img loading=\"lazy\" decoding=\"async\" width=\"150\" height=\"99\" src=\"https:\/\/www.djk-erlangen.de\/fussball\/wp-content\/uploads\/2011\/07\/DSC_9047-150x99.jpg\" class=\"attachment-thumbnail size-thumbnail\" alt=\"\" srcset=\"https:\/\/www.djk-erlangen.de\/fussball\/wp-content\/uploads\/2011\/07\/DSC_9047-150x99.jpg 150w, https:\/\/www.djk-erlangen.de\/fussball\/wp-content\/uploads\/2011\/07\/DSC_9047-300x199.jpg 300w, https:\/\/www.djk-erlangen.de\/fussball\/wp-content\/uploads\/2011\/07\/DSC_9047.jpg 1024w\" sizes=\"auto, (max-width: 150px) 100vw, 150px\" \/><\/a>\n\t\t\t<\/dt><\/dl><dl class='gallery-item'>\n\t\t\t<dt class='gallery-icon landscape'>\n\t\t\t\t<a href='https:\/\/www.djk-erlangen.de\/fussball\/wp-content\/uploads\/2011\/07\/DSC_9075.jpg'><img loading=\"lazy\" decoding=\"async\" width=\"150\" height=\"99\" src=\"https:\/\/www.djk-erlangen.de\/fussball\/wp-content\/uploads\/2011\/07\/DSC_9075-150x99.jpg\" class=\"attachment-thumbnail size-thumbnail\" alt=\"\" srcset=\"https:\/\/www.djk-erlangen.de\/fussball\/wp-content\/uploads\/2011\/07\/DSC_9075-150x99.jpg 150w, https:\/\/www.djk-erlangen.de\/fussball\/wp-content\/uploads\/2011\/07\/DSC_9075-300x199.jpg 300w, https:\/\/www.djk-erlangen.de\/fussball\/wp-content\/uploads\/2011\/07\/DSC_9075.jpg 1024w\" sizes=\"auto, (max-width: 150px) 100vw, 150px\" \/><\/a>\n\t\t\t<\/dt><\/dl><dl class='gallery-item'>\n\t\t\t<dt class='gallery-icon landscape'>\n\t\t\t\t<a href='https:\/\/www.djk-erlangen.de\/fussball\/wp-content\/uploads\/2011\/07\/DSC_9193.jpg'><img loading=\"lazy\" decoding=\"async\" width=\"150\" height=\"99\" src=\"https:\/\/www.djk-erlangen.de\/fussball\/wp-content\/uploads\/2011\/07\/DSC_9193-150x99.jpg\" class=\"attachment-thumbnail size-thumbnail\" alt=\"\" srcset=\"https:\/\/www.djk-erlangen.de\/fussball\/wp-content\/uploads\/2011\/07\/DSC_9193-150x99.jpg 150w, https:\/\/www.djk-erlangen.de\/fussball\/wp-content\/uploads\/2011\/07\/DSC_9193-300x199.jpg 300w, https:\/\/www.djk-erlangen.de\/fussball\/wp-content\/uploads\/2011\/07\/DSC_9193.jpg 1024w\" sizes=\"auto, (max-width: 150px) 100vw, 150px\" \/><\/a>\n\t\t\t<\/dt><\/dl><br style=\"clear: both\" \/><dl class='gallery-item'>\n\t\t\t<dt class='gallery-icon landscape'>\n\t\t\t\t<a href='https:\/\/www.djk-erlangen.de\/fussball\/wp-content\/uploads\/2011\/07\/DSC_9115.jpg'><img loading=\"lazy\" decoding=\"async\" width=\"150\" height=\"99\" src=\"https:\/\/www.djk-erlangen.de\/fussball\/wp-content\/uploads\/2011\/07\/DSC_9115-150x99.jpg\" class=\"attachment-thumbnail size-thumbnail\" alt=\"\" srcset=\"https:\/\/www.djk-erlangen.de\/fussball\/wp-content\/uploads\/2011\/07\/DSC_9115-150x99.jpg 150w, https:\/\/www.djk-erlangen.de\/fussball\/wp-content\/uploads\/2011\/07\/DSC_9115-300x199.jpg 300w, https:\/\/www.djk-erlangen.de\/fussball\/wp-content\/uploads\/2011\/07\/DSC_9115.jpg 1024w\" sizes=\"auto, (max-width: 150px) 100vw, 150px\" \/><\/a>\n\t\t\t<\/dt><\/dl><dl class='gallery-item'>\n\t\t\t<dt class='gallery-icon landscape'>\n\t\t\t\t<a href='https:\/\/www.djk-erlangen.de\/fussball\/wp-content\/uploads\/2011\/07\/DSC_9248.jpg'><img loading=\"lazy\" decoding=\"async\" width=\"150\" height=\"99\" src=\"https:\/\/www.djk-erlangen.de\/fussball\/wp-content\/uploads\/2011\/07\/DSC_9248-150x99.jpg\" class=\"attachment-thumbnail size-thumbnail\" alt=\"\" srcset=\"https:\/\/www.djk-erlangen.de\/fussball\/wp-content\/uploads\/2011\/07\/DSC_9248-150x99.jpg 150w, https:\/\/www.djk-erlangen.de\/fussball\/wp-content\/uploads\/2011\/07\/DSC_9248-300x199.jpg 300w, https:\/\/www.djk-erlangen.de\/fussball\/wp-content\/uploads\/2011\/07\/DSC_9248.jpg 1024w\" sizes=\"auto, (max-width: 150px) 100vw, 150px\" \/><\/a>\n\t\t\t<\/dt><\/dl><dl class='gallery-item'>\n\t\t\t<dt class='gallery-icon landscape'>\n\t\t\t\t<a href='https:\/\/www.djk-erlangen.de\/fussball\/wp-content\/uploads\/2011\/07\/DSC_9200.jpg'><img loading=\"lazy\" decoding=\"async\" width=\"150\" height=\"99\" src=\"https:\/\/www.djk-erlangen.de\/fussball\/wp-content\/uploads\/2011\/07\/DSC_9200-150x99.jpg\" class=\"attachment-thumbnail size-thumbnail\" alt=\"\" srcset=\"https:\/\/www.djk-erlangen.de\/fussball\/wp-content\/uploads\/2011\/07\/DSC_9200-150x99.jpg 150w, https:\/\/www.djk-erlangen.de\/fussball\/wp-content\/uploads\/2011\/07\/DSC_9200-300x199.jpg 300w, https:\/\/www.djk-erlangen.de\/fussball\/wp-content\/uploads\/2011\/07\/DSC_9200.jpg 1024w\" sizes=\"auto, (max-width: 150px) 100vw, 150px\" \/><\/a>\n\t\t\t<\/dt><\/dl><br style=\"clear: both\" \/><dl class='gallery-item'>\n\t\t\t<dt class='gallery-icon landscape'>\n\t\t\t\t<a href='https:\/\/www.djk-erlangen.de\/fussball\/wp-content\/uploads\/2011\/07\/DSC_9296.jpg'><img loading=\"lazy\" decoding=\"async\" width=\"150\" height=\"99\" src=\"https:\/\/www.djk-erlangen.de\/fussball\/wp-content\/uploads\/2011\/07\/DSC_9296-150x99.jpg\" class=\"attachment-thumbnail size-thumbnail\" alt=\"\" srcset=\"https:\/\/www.djk-erlangen.de\/fussball\/wp-content\/uploads\/2011\/07\/DSC_9296-150x99.jpg 150w, https:\/\/www.djk-erlangen.de\/fussball\/wp-content\/uploads\/2011\/07\/DSC_9296-300x199.jpg 300w, https:\/\/www.djk-erlangen.de\/fussball\/wp-content\/uploads\/2011\/07\/DSC_9296.jpg 1024w\" sizes=\"auto, (max-width: 150px) 100vw, 150px\" \/><\/a>\n\t\t\t<\/dt><\/dl><dl class='gallery-item'>\n\t\t\t<dt class='gallery-icon landscape'>\n\t\t\t\t<a href='https:\/\/www.djk-erlangen.de\/fussball\/wp-content\/uploads\/2011\/07\/DSC_9759.jpg'><img loading=\"lazy\" decoding=\"async\" width=\"150\" height=\"99\" src=\"https:\/\/www.djk-erlangen.de\/fussball\/wp-content\/uploads\/2011\/07\/DSC_9759-150x99.jpg\" class=\"attachment-thumbnail size-thumbnail\" alt=\"\" srcset=\"https:\/\/www.djk-erlangen.de\/fussball\/wp-content\/uploads\/2011\/07\/DSC_9759-150x99.jpg 150w, https:\/\/www.djk-erlangen.de\/fussball\/wp-content\/uploads\/2011\/07\/DSC_9759-300x199.jpg 300w, https:\/\/www.djk-erlangen.de\/fussball\/wp-content\/uploads\/2011\/07\/DSC_9759.jpg 1024w\" sizes=\"auto, (max-width: 150px) 100vw, 150px\" \/><\/a>\n\t\t\t<\/dt><\/dl><dl class='gallery-item'>\n\t\t\t<dt class='gallery-icon landscape'>\n\t\t\t\t<a href='https:\/\/www.djk-erlangen.de\/fussball\/wp-content\/uploads\/2011\/07\/DSC_9794.jpg'><img loading=\"lazy\" decoding=\"async\" width=\"150\" height=\"99\" src=\"https:\/\/www.djk-erlangen.de\/fussball\/wp-content\/uploads\/2011\/07\/DSC_9794-150x99.jpg\" class=\"attachment-thumbnail size-thumbnail\" alt=\"\" srcset=\"https:\/\/www.djk-erlangen.de\/fussball\/wp-content\/uploads\/2011\/07\/DSC_9794-150x99.jpg 150w, https:\/\/www.djk-erlangen.de\/fussball\/wp-content\/uploads\/2011\/07\/DSC_9794-300x199.jpg 300w, https:\/\/www.djk-erlangen.de\/fussball\/wp-content\/uploads\/2011\/07\/DSC_9794.jpg 1024w\" sizes=\"auto, (max-width: 150px) 100vw, 150px\" \/><\/a>\n\t\t\t<\/dt><\/dl><br style=\"clear: both\" \/><dl class='gallery-item'>\n\t\t\t<dt class='gallery-icon landscape'>\n\t\t\t\t<a href='https:\/\/www.djk-erlangen.de\/fussball\/wp-content\/uploads\/2011\/07\/DSC_9815.jpg'><img loading=\"lazy\" decoding=\"async\" width=\"150\" height=\"99\" src=\"https:\/\/www.djk-erlangen.de\/fussball\/wp-content\/uploads\/2011\/07\/DSC_9815-150x99.jpg\" class=\"attachment-thumbnail size-thumbnail\" alt=\"\" srcset=\"https:\/\/www.djk-erlangen.de\/fussball\/wp-content\/uploads\/2011\/07\/DSC_9815-150x99.jpg 150w, https:\/\/www.djk-erlangen.de\/fussball\/wp-content\/uploads\/2011\/07\/DSC_9815-300x199.jpg 300w, https:\/\/www.djk-erlangen.de\/fussball\/wp-content\/uploads\/2011\/07\/DSC_9815.jpg 1024w\" sizes=\"auto, (max-width: 150px) 100vw, 150px\" \/><\/a>\n\t\t\t<\/dt><\/dl><dl class='gallery-item'>\n\t\t\t<dt class='gallery-icon landscape'>\n\t\t\t\t<a href='https:\/\/www.djk-erlangen.de\/fussball\/wp-content\/uploads\/2011\/07\/DSC_9803.jpg'><img loading=\"lazy\" decoding=\"async\" width=\"150\" height=\"99\" src=\"https:\/\/www.djk-erlangen.de\/fussball\/wp-content\/uploads\/2011\/07\/DSC_9803-150x99.jpg\" class=\"attachment-thumbnail size-thumbnail\" alt=\"\" srcset=\"https:\/\/www.djk-erlangen.de\/fussball\/wp-content\/uploads\/2011\/07\/DSC_9803-150x99.jpg 150w, https:\/\/www.djk-erlangen.de\/fussball\/wp-content\/uploads\/2011\/07\/DSC_9803-300x199.jpg 300w, https:\/\/www.djk-erlangen.de\/fussball\/wp-content\/uploads\/2011\/07\/DSC_9803.jpg 1024w\" sizes=\"auto, (max-width: 150px) 100vw, 150px\" \/><\/a>\n\t\t\t<\/dt><\/dl><dl class='gallery-item'>\n\t\t\t<dt class='gallery-icon landscape'>\n\t\t\t\t<a href='https:\/\/www.djk-erlangen.de\/fussball\/wp-content\/uploads\/2011\/07\/DSC_9805.jpg'><img loading=\"lazy\" decoding=\"async\" width=\"150\" height=\"99\" src=\"https:\/\/www.djk-erlangen.de\/fussball\/wp-content\/uploads\/2011\/07\/DSC_9805-150x99.jpg\" class=\"attachment-thumbnail size-thumbnail\" alt=\"\" srcset=\"https:\/\/www.djk-erlangen.de\/fussball\/wp-content\/uploads\/2011\/07\/DSC_9805-150x99.jpg 150w, https:\/\/www.djk-erlangen.de\/fussball\/wp-content\/uploads\/2011\/07\/DSC_9805-300x199.jpg 300w, https:\/\/www.djk-erlangen.de\/fussball\/wp-content\/uploads\/2011\/07\/DSC_9805.jpg 1024w\" sizes=\"auto, (max-width: 150px) 100vw, 150px\" \/><\/a>\n\t\t\t<\/dt><\/dl><br style=\"clear: both\" \/><dl class='gallery-item'>\n\t\t\t<dt class='gallery-icon landscape'>\n\t\t\t\t<a href='https:\/\/www.djk-erlangen.de\/fussball\/wp-content\/uploads\/2011\/07\/DSC_9790.jpg'><img loading=\"lazy\" decoding=\"async\" width=\"150\" height=\"99\" src=\"https:\/\/www.djk-erlangen.de\/fussball\/wp-content\/uploads\/2011\/07\/DSC_9790-150x99.jpg\" class=\"attachment-thumbnail size-thumbnail\" alt=\"\" srcset=\"https:\/\/www.djk-erlangen.de\/fussball\/wp-content\/uploads\/2011\/07\/DSC_9790-150x99.jpg 150w, https:\/\/www.djk-erlangen.de\/fussball\/wp-content\/uploads\/2011\/07\/DSC_9790-300x199.jpg 300w, https:\/\/www.djk-erlangen.de\/fussball\/wp-content\/uploads\/2011\/07\/DSC_9790.jpg 1024w\" sizes=\"auto, (max-width: 150px) 100vw, 150px\" \/><\/a>\n\t\t\t<\/dt><\/dl><dl class='gallery-item'>\n\t\t\t<dt class='gallery-icon landscape'>\n\t\t\t\t<a href='https:\/\/www.djk-erlangen.de\/fussball\/wp-content\/uploads\/2011\/07\/DSC_9810.jpg'><img loading=\"lazy\" decoding=\"async\" width=\"150\" height=\"99\" src=\"https:\/\/www.djk-erlangen.de\/fussball\/wp-content\/uploads\/2011\/07\/DSC_9810-150x99.jpg\" class=\"attachment-thumbnail size-thumbnail\" alt=\"\" srcset=\"https:\/\/www.djk-erlangen.de\/fussball\/wp-content\/uploads\/2011\/07\/DSC_9810-150x99.jpg 150w, https:\/\/www.djk-erlangen.de\/fussball\/wp-content\/uploads\/2011\/07\/DSC_9810-300x199.jpg 300w, https:\/\/www.djk-erlangen.de\/fussball\/wp-content\/uploads\/2011\/07\/DSC_9810.jpg 1024w\" sizes=\"auto, (max-width: 150px) 100vw, 150px\" \/><\/a>\n\t\t\t<\/dt><\/dl><dl class='gallery-item'>\n\t\t\t<dt class='gallery-icon landscape'>\n\t\t\t\t<a href='https:\/\/www.djk-erlangen.de\/fussball\/wp-content\/uploads\/2011\/07\/DSC_9817.jpg'><img loading=\"lazy\" decoding=\"async\" width=\"150\" height=\"99\" src=\"https:\/\/www.djk-erlangen.de\/fussball\/wp-content\/uploads\/2011\/07\/DSC_9817-150x99.jpg\" class=\"attachment-thumbnail size-thumbnail\" alt=\"\" srcset=\"https:\/\/www.djk-erlangen.de\/fussball\/wp-content\/uploads\/2011\/07\/DSC_9817-150x99.jpg 150w, https:\/\/www.djk-erlangen.de\/fussball\/wp-content\/uploads\/2011\/07\/DSC_9817-300x199.jpg 300w, https:\/\/www.djk-erlangen.de\/fussball\/wp-content\/uploads\/2011\/07\/DSC_9817.jpg 1024w\" sizes=\"auto, (max-width: 150px) 100vw, 150px\" \/><\/a>\n\t\t\t<\/dt><\/dl><br style=\"clear: both\" \/><dl class='gallery-item'>\n\t\t\t<dt class='gallery-icon landscape'>\n\t\t\t\t<a href='https:\/\/www.djk-erlangen.de\/fussball\/wp-content\/uploads\/2011\/07\/DSC_9806.jpg'><img loading=\"lazy\" decoding=\"async\" width=\"150\" height=\"99\" src=\"https:\/\/www.djk-erlangen.de\/fussball\/wp-content\/uploads\/2011\/07\/DSC_9806-150x99.jpg\" class=\"attachment-thumbnail size-thumbnail\" alt=\"\" srcset=\"https:\/\/www.djk-erlangen.de\/fussball\/wp-content\/uploads\/2011\/07\/DSC_9806-150x99.jpg 150w, https:\/\/www.djk-erlangen.de\/fussball\/wp-content\/uploads\/2011\/07\/DSC_9806-300x199.jpg 300w, https:\/\/www.djk-erlangen.de\/fussball\/wp-content\/uploads\/2011\/07\/DSC_9806.jpg 1024w\" sizes=\"auto, (max-width: 150px) 100vw, 150px\" \/><\/a>\n\t\t\t<\/dt><\/dl><dl class='gallery-item'>\n\t\t\t<dt class='gallery-icon landscape'>\n\t\t\t\t<a href='https:\/\/www.djk-erlangen.de\/fussball\/wp-content\/uploads\/2011\/07\/DSC_9818.jpg'><img loading=\"lazy\" decoding=\"async\" width=\"150\" height=\"99\" src=\"https:\/\/www.djk-erlangen.de\/fussball\/wp-content\/uploads\/2011\/07\/DSC_9818-150x99.jpg\" class=\"attachment-thumbnail size-thumbnail\" alt=\"\" srcset=\"https:\/\/www.djk-erlangen.de\/fussball\/wp-content\/uploads\/2011\/07\/DSC_9818-150x99.jpg 150w, https:\/\/www.djk-erlangen.de\/fussball\/wp-content\/uploads\/2011\/07\/DSC_9818-300x199.jpg 300w, https:\/\/www.djk-erlangen.de\/fussball\/wp-content\/uploads\/2011\/07\/DSC_9818.jpg 1024w\" sizes=\"auto, (max-width: 150px) 100vw, 150px\" \/><\/a>\n\t\t\t<\/dt><\/dl><dl class='gallery-item'>\n\t\t\t<dt class='gallery-icon landscape'>\n\t\t\t\t<a href='https:\/\/www.djk-erlangen.de\/fussball\/wp-content\/uploads\/2011\/07\/DSC_9795.jpg'><img loading=\"lazy\" decoding=\"async\" width=\"150\" height=\"99\" src=\"https:\/\/www.djk-erlangen.de\/fussball\/wp-content\/uploads\/2011\/07\/DSC_9795-150x99.jpg\" class=\"attachment-thumbnail size-thumbnail\" alt=\"\" srcset=\"https:\/\/www.djk-erlangen.de\/fussball\/wp-content\/uploads\/2011\/07\/DSC_9795-150x99.jpg 150w, https:\/\/www.djk-erlangen.de\/fussball\/wp-content\/uploads\/2011\/07\/DSC_9795-300x199.jpg 300w, https:\/\/www.djk-erlangen.de\/fussball\/wp-content\/uploads\/2011\/07\/DSC_9795.jpg 1024w\" sizes=\"auto, (max-width: 150px) 100vw, 150px\" \/><\/a>\n\t\t\t<\/dt><\/dl><br style=\"clear: both\" \/><dl class='gallery-item'>\n\t\t\t<dt class='gallery-icon landscape'>\n\t\t\t\t<a href='https:\/\/www.djk-erlangen.de\/fussball\/wp-content\/uploads\/2011\/07\/DSC_9734.jpg'><img loading=\"lazy\" decoding=\"async\" width=\"150\" height=\"99\" src=\"https:\/\/www.djk-erlangen.de\/fussball\/wp-content\/uploads\/2011\/07\/DSC_9734-150x99.jpg\" class=\"attachment-thumbnail size-thumbnail\" alt=\"\" srcset=\"https:\/\/www.djk-erlangen.de\/fussball\/wp-content\/uploads\/2011\/07\/DSC_9734-150x99.jpg 150w, https:\/\/www.djk-erlangen.de\/fussball\/wp-content\/uploads\/2011\/07\/DSC_9734-300x199.jpg 300w, https:\/\/www.djk-erlangen.de\/fussball\/wp-content\/uploads\/2011\/07\/DSC_9734.jpg 1024w\" sizes=\"auto, (max-width: 150px) 100vw, 150px\" \/><\/a>\n\t\t\t<\/dt><\/dl><dl class='gallery-item'>\n\t\t\t<dt class='gallery-icon landscape'>\n\t\t\t\t<a href='https:\/\/www.djk-erlangen.de\/fussball\/wp-content\/uploads\/2011\/07\/DSC_9814.jpg'><img loading=\"lazy\" decoding=\"async\" width=\"150\" height=\"99\" src=\"https:\/\/www.djk-erlangen.de\/fussball\/wp-content\/uploads\/2011\/07\/DSC_9814-150x99.jpg\" class=\"attachment-thumbnail size-thumbnail\" alt=\"\" srcset=\"https:\/\/www.djk-erlangen.de\/fussball\/wp-content\/uploads\/2011\/07\/DSC_9814-150x99.jpg 150w, https:\/\/www.djk-erlangen.de\/fussball\/wp-content\/uploads\/2011\/07\/DSC_9814-300x199.jpg 300w, https:\/\/www.djk-erlangen.de\/fussball\/wp-content\/uploads\/2011\/07\/DSC_9814.jpg 1024w\" sizes=\"auto, (max-width: 150px) 100vw, 150px\" \/><\/a>\n\t\t\t<\/dt><\/dl><dl class='gallery-item'>\n\t\t\t<dt class='gallery-icon landscape'>\n\t\t\t\t<a href='https:\/\/www.djk-erlangen.de\/fussball\/wp-content\/uploads\/2011\/07\/DSC_9849.jpg'><img loading=\"lazy\" decoding=\"async\" width=\"150\" height=\"99\" src=\"https:\/\/www.djk-erlangen.de\/fussball\/wp-content\/uploads\/2011\/07\/DSC_9849-150x99.jpg\" class=\"attachment-thumbnail size-thumbnail\" alt=\"\" srcset=\"https:\/\/www.djk-erlangen.de\/fussball\/wp-content\/uploads\/2011\/07\/DSC_9849-150x99.jpg 150w, https:\/\/www.djk-erlangen.de\/fussball\/wp-content\/uploads\/2011\/07\/DSC_9849-300x199.jpg 300w, https:\/\/www.djk-erlangen.de\/fussball\/wp-content\/uploads\/2011\/07\/DSC_9849.jpg 1024w\" sizes=\"auto, (max-width: 150px) 100vw, 150px\" \/><\/a>\n\t\t\t<\/dt><\/dl><br style=\"clear: both\" \/><dl class='gallery-item'>\n\t\t\t<dt class='gallery-icon landscape'>\n\t\t\t\t<a href='https:\/\/www.djk-erlangen.de\/fussball\/wp-content\/uploads\/2011\/07\/DSC_9807.jpg'><img loading=\"lazy\" decoding=\"async\" width=\"150\" height=\"99\" src=\"https:\/\/www.djk-erlangen.de\/fussball\/wp-content\/uploads\/2011\/07\/DSC_9807-150x99.jpg\" class=\"attachment-thumbnail size-thumbnail\" alt=\"\" srcset=\"https:\/\/www.djk-erlangen.de\/fussball\/wp-content\/uploads\/2011\/07\/DSC_9807-150x99.jpg 150w, https:\/\/www.djk-erlangen.de\/fussball\/wp-content\/uploads\/2011\/07\/DSC_9807-300x199.jpg 300w, https:\/\/www.djk-erlangen.de\/fussball\/wp-content\/uploads\/2011\/07\/DSC_9807.jpg 1024w\" sizes=\"auto, (max-width: 150px) 100vw, 150px\" \/><\/a>\n\t\t\t<\/dt><\/dl><dl class='gallery-item'>\n\t\t\t<dt class='gallery-icon landscape'>\n\t\t\t\t<a href='https:\/\/www.djk-erlangen.de\/fussball\/wp-content\/uploads\/2011\/07\/DSC_9767.jpg'><img loading=\"lazy\" decoding=\"async\" width=\"150\" height=\"99\" src=\"https:\/\/www.djk-erlangen.de\/fussball\/wp-content\/uploads\/2011\/07\/DSC_9767-150x99.jpg\" class=\"attachment-thumbnail size-thumbnail\" alt=\"\" srcset=\"https:\/\/www.djk-erlangen.de\/fussball\/wp-content\/uploads\/2011\/07\/DSC_9767-150x99.jpg 150w, https:\/\/www.djk-erlangen.de\/fussball\/wp-content\/uploads\/2011\/07\/DSC_9767-300x199.jpg 300w, https:\/\/www.djk-erlangen.de\/fussball\/wp-content\/uploads\/2011\/07\/DSC_9767.jpg 1024w\" sizes=\"auto, (max-width: 150px) 100vw, 150px\" \/><\/a>\n\t\t\t<\/dt><\/dl><dl class='gallery-item'>\n\t\t\t<dt class='gallery-icon landscape'>\n\t\t\t\t<a href='https:\/\/www.djk-erlangen.de\/fussball\/wp-content\/uploads\/2011\/07\/DSC_9760.jpg'><img loading=\"lazy\" decoding=\"async\" width=\"150\" height=\"99\" src=\"https:\/\/www.djk-erlangen.de\/fussball\/wp-content\/uploads\/2011\/07\/DSC_9760-150x99.jpg\" class=\"attachment-thumbnail size-thumbnail\" alt=\"\" srcset=\"https:\/\/www.djk-erlangen.de\/fussball\/wp-content\/uploads\/2011\/07\/DSC_9760-150x99.jpg 150w, https:\/\/www.djk-erlangen.de\/fussball\/wp-content\/uploads\/2011\/07\/DSC_9760-300x199.jpg 300w, https:\/\/www.djk-erlangen.de\/fussball\/wp-content\/uploads\/2011\/07\/DSC_9760.jpg 1024w\" sizes=\"auto, (max-width: 150px) 100vw, 150px\" \/><\/a>\n\t\t\t<\/dt><\/dl><br style=\"clear: both\" \/><dl class='gallery-item'>\n\t\t\t<dt class='gallery-icon landscape'>\n\t\t\t\t<a href='https:\/\/www.djk-erlangen.de\/fussball\/wp-content\/uploads\/2011\/07\/DSC_9792.jpg'><img loading=\"lazy\" decoding=\"async\" width=\"150\" height=\"99\" src=\"https:\/\/www.djk-erlangen.de\/fussball\/wp-content\/uploads\/2011\/07\/DSC_9792-150x99.jpg\" class=\"attachment-thumbnail size-thumbnail\" alt=\"\" srcset=\"https:\/\/www.djk-erlangen.de\/fussball\/wp-content\/uploads\/2011\/07\/DSC_9792-150x99.jpg 150w, https:\/\/www.djk-erlangen.de\/fussball\/wp-content\/uploads\/2011\/07\/DSC_9792-300x199.jpg 300w, https:\/\/www.djk-erlangen.de\/fussball\/wp-content\/uploads\/2011\/07\/DSC_9792.jpg 1024w\" sizes=\"auto, (max-width: 150px) 100vw, 150px\" \/><\/a>\n\t\t\t<\/dt><\/dl><dl class='gallery-item'>\n\t\t\t<dt class='gallery-icon landscape'>\n\t\t\t\t<a href='https:\/\/www.djk-erlangen.de\/fussball\/wp-content\/uploads\/2011\/07\/DSC_9625.jpg'><img loading=\"lazy\" decoding=\"async\" width=\"150\" height=\"99\" src=\"https:\/\/www.djk-erlangen.de\/fussball\/wp-content\/uploads\/2011\/07\/DSC_9625-150x99.jpg\" class=\"attachment-thumbnail size-thumbnail\" alt=\"\" srcset=\"https:\/\/www.djk-erlangen.de\/fussball\/wp-content\/uploads\/2011\/07\/DSC_9625-150x99.jpg 150w, https:\/\/www.djk-erlangen.de\/fussball\/wp-content\/uploads\/2011\/07\/DSC_9625-300x199.jpg 300w, https:\/\/www.djk-erlangen.de\/fussball\/wp-content\/uploads\/2011\/07\/DSC_9625.jpg 1024w\" sizes=\"auto, (max-width: 150px) 100vw, 150px\" \/><\/a>\n\t\t\t<\/dt><\/dl><dl class='gallery-item'>\n\t\t\t<dt class='gallery-icon landscape'>\n\t\t\t\t<a href='https:\/\/www.djk-erlangen.de\/fussball\/wp-content\/uploads\/2011\/07\/DSC_9812.jpg'><img loading=\"lazy\" decoding=\"async\" width=\"150\" height=\"99\" src=\"https:\/\/www.djk-erlangen.de\/fussball\/wp-content\/uploads\/2011\/07\/DSC_9812-150x99.jpg\" class=\"attachment-thumbnail size-thumbnail\" alt=\"\" srcset=\"https:\/\/www.djk-erlangen.de\/fussball\/wp-content\/uploads\/2011\/07\/DSC_9812-150x99.jpg 150w, https:\/\/www.djk-erlangen.de\/fussball\/wp-content\/uploads\/2011\/07\/DSC_9812-300x199.jpg 300w, https:\/\/www.djk-erlangen.de\/fussball\/wp-content\/uploads\/2011\/07\/DSC_9812.jpg 1024w\" sizes=\"auto, (max-width: 150px) 100vw, 150px\" \/><\/a>\n\t\t\t<\/dt><\/dl><br style=\"clear: both\" \/><dl class='gallery-item'>\n\t\t\t<dt class='gallery-icon landscape'>\n\t\t\t\t<a href='https:\/\/www.djk-erlangen.de\/fussball\/wp-content\/uploads\/2011\/07\/DSC_9762.jpg'><img loading=\"lazy\" decoding=\"async\" width=\"150\" height=\"99\" src=\"https:\/\/www.djk-erlangen.de\/fussball\/wp-content\/uploads\/2011\/07\/DSC_9762-150x99.jpg\" class=\"attachment-thumbnail size-thumbnail\" alt=\"\" srcset=\"https:\/\/www.djk-erlangen.de\/fussball\/wp-content\/uploads\/2011\/07\/DSC_9762-150x99.jpg 150w, https:\/\/www.djk-erlangen.de\/fussball\/wp-content\/uploads\/2011\/07\/DSC_9762-300x199.jpg 300w, https:\/\/www.djk-erlangen.de\/fussball\/wp-content\/uploads\/2011\/07\/DSC_9762.jpg 1024w\" sizes=\"auto, (max-width: 150px) 100vw, 150px\" \/><\/a>\n\t\t\t<\/dt><\/dl><dl class='gallery-item'>\n\t\t\t<dt class='gallery-icon landscape'>\n\t\t\t\t<a href='https:\/\/www.djk-erlangen.de\/fussball\/wp-content\/uploads\/2011\/07\/DSC_9716.jpg'><img loading=\"lazy\" decoding=\"async\" width=\"150\" height=\"99\" src=\"https:\/\/www.djk-erlangen.de\/fussball\/wp-content\/uploads\/2011\/07\/DSC_9716-150x99.jpg\" class=\"attachment-thumbnail size-thumbnail\" alt=\"\" srcset=\"https:\/\/www.djk-erlangen.de\/fussball\/wp-content\/uploads\/2011\/07\/DSC_9716-150x99.jpg 150w, https:\/\/www.djk-erlangen.de\/fussball\/wp-content\/uploads\/2011\/07\/DSC_9716-300x199.jpg 300w, https:\/\/www.djk-erlangen.de\/fussball\/wp-content\/uploads\/2011\/07\/DSC_9716.jpg 1024w\" sizes=\"auto, (max-width: 150px) 100vw, 150px\" \/><\/a>\n\t\t\t<\/dt><\/dl><dl class='gallery-item'>\n\t\t\t<dt class='gallery-icon landscape'>\n\t\t\t\t<a href='https:\/\/www.djk-erlangen.de\/fussball\/wp-content\/uploads\/2011\/07\/DSC_9837.jpg'><img loading=\"lazy\" decoding=\"async\" width=\"150\" height=\"99\" src=\"https:\/\/www.djk-erlangen.de\/fussball\/wp-content\/uploads\/2011\/07\/DSC_9837-150x99.jpg\" class=\"attachment-thumbnail size-thumbnail\" alt=\"\" srcset=\"https:\/\/www.djk-erlangen.de\/fussball\/wp-content\/uploads\/2011\/07\/DSC_9837-150x99.jpg 150w, https:\/\/www.djk-erlangen.de\/fussball\/wp-content\/uploads\/2011\/07\/DSC_9837-300x199.jpg 300w, https:\/\/www.djk-erlangen.de\/fussball\/wp-content\/uploads\/2011\/07\/DSC_9837.jpg 1024w\" sizes=\"auto, (max-width: 150px) 100vw, 150px\" \/><\/a>\n\t\t\t<\/dt><\/dl><br style=\"clear: both\" \/><dl class='gallery-item'>\n\t\t\t<dt class='gallery-icon landscape'>\n\t\t\t\t<a href='https:\/\/www.djk-erlangen.de\/fussball\/wp-content\/uploads\/2011\/07\/DSC_9702.jpg'><img loading=\"lazy\" decoding=\"async\" width=\"150\" height=\"99\" src=\"https:\/\/www.djk-erlangen.de\/fussball\/wp-content\/uploads\/2011\/07\/DSC_9702-150x99.jpg\" class=\"attachment-thumbnail size-thumbnail\" alt=\"\" srcset=\"https:\/\/www.djk-erlangen.de\/fussball\/wp-content\/uploads\/2011\/07\/DSC_9702-150x99.jpg 150w, https:\/\/www.djk-erlangen.de\/fussball\/wp-content\/uploads\/2011\/07\/DSC_9702-300x199.jpg 300w, https:\/\/www.djk-erlangen.de\/fussball\/wp-content\/uploads\/2011\/07\/DSC_9702.jpg 1024w\" sizes=\"auto, (max-width: 150px) 100vw, 150px\" \/><\/a>\n\t\t\t<\/dt><\/dl><dl class='gallery-item'>\n\t\t\t<dt class='gallery-icon landscape'>\n\t\t\t\t<a href='https:\/\/www.djk-erlangen.de\/fussball\/wp-content\/uploads\/2011\/07\/DSC_9705.jpg'><img loading=\"lazy\" decoding=\"async\" width=\"150\" height=\"99\" src=\"https:\/\/www.djk-erlangen.de\/fussball\/wp-content\/uploads\/2011\/07\/DSC_9705-150x99.jpg\" class=\"attachment-thumbnail size-thumbnail\" alt=\"\" srcset=\"https:\/\/www.djk-erlangen.de\/fussball\/wp-content\/uploads\/2011\/07\/DSC_9705-150x99.jpg 150w, https:\/\/www.djk-erlangen.de\/fussball\/wp-content\/uploads\/2011\/07\/DSC_9705-300x199.jpg 300w, https:\/\/www.djk-erlangen.de\/fussball\/wp-content\/uploads\/2011\/07\/DSC_9705.jpg 1024w\" sizes=\"auto, (max-width: 150px) 100vw, 150px\" \/><\/a>\n\t\t\t<\/dt><\/dl><dl class='gallery-item'>\n\t\t\t<dt class='gallery-icon landscape'>\n\t\t\t\t<a href='https:\/\/www.djk-erlangen.de\/fussball\/wp-content\/uploads\/2011\/07\/DSC_9707.jpg'><img loading=\"lazy\" decoding=\"async\" width=\"150\" height=\"99\" src=\"https:\/\/www.djk-erlangen.de\/fussball\/wp-content\/uploads\/2011\/07\/DSC_9707-150x99.jpg\" class=\"attachment-thumbnail size-thumbnail\" alt=\"\" srcset=\"https:\/\/www.djk-erlangen.de\/fussball\/wp-content\/uploads\/2011\/07\/DSC_9707-150x99.jpg 150w, https:\/\/www.djk-erlangen.de\/fussball\/wp-content\/uploads\/2011\/07\/DSC_9707-300x199.jpg 300w, https:\/\/www.djk-erlangen.de\/fussball\/wp-content\/uploads\/2011\/07\/DSC_9707.jpg 1024w\" sizes=\"auto, (max-width: 150px) 100vw, 150px\" \/><\/a>\n\t\t\t<\/dt><\/dl><br style=\"clear: both\" \/><dl class='gallery-item'>\n\t\t\t<dt class='gallery-icon landscape'>\n\t\t\t\t<a href='https:\/\/www.djk-erlangen.de\/fussball\/wp-content\/uploads\/2011\/07\/DSC_9834.jpg'><img loading=\"lazy\" decoding=\"async\" width=\"150\" height=\"99\" src=\"https:\/\/www.djk-erlangen.de\/fussball\/wp-content\/uploads\/2011\/07\/DSC_9834-150x99.jpg\" class=\"attachment-thumbnail size-thumbnail\" alt=\"\" srcset=\"https:\/\/www.djk-erlangen.de\/fussball\/wp-content\/uploads\/2011\/07\/DSC_9834-150x99.jpg 150w, https:\/\/www.djk-erlangen.de\/fussball\/wp-content\/uploads\/2011\/07\/DSC_9834-300x199.jpg 300w, https:\/\/www.djk-erlangen.de\/fussball\/wp-content\/uploads\/2011\/07\/DSC_9834.jpg 1024w\" sizes=\"auto, (max-width: 150px) 100vw, 150px\" \/><\/a>\n\t\t\t<\/dt><\/dl><dl class='gallery-item'>\n\t\t\t<dt class='gallery-icon landscape'>\n\t\t\t\t<a href='https:\/\/www.djk-erlangen.de\/fussball\/wp-content\/uploads\/2011\/07\/DSC_98491.jpg'><img loading=\"lazy\" decoding=\"async\" width=\"150\" height=\"99\" src=\"https:\/\/www.djk-erlangen.de\/fussball\/wp-content\/uploads\/2011\/07\/DSC_98491-150x99.jpg\" class=\"attachment-thumbnail size-thumbnail\" alt=\"\" srcset=\"https:\/\/www.djk-erlangen.de\/fussball\/wp-content\/uploads\/2011\/07\/DSC_98491-150x99.jpg 150w, https:\/\/www.djk-erlangen.de\/fussball\/wp-content\/uploads\/2011\/07\/DSC_98491-300x199.jpg 300w, https:\/\/www.djk-erlangen.de\/fussball\/wp-content\/uploads\/2011\/07\/DSC_98491.jpg 1024w\" sizes=\"auto, (max-width: 150px) 100vw, 150px\" \/><\/a>\n\t\t\t<\/dt><\/dl>\n\t\t\t<br style='clear: both' \/>\n\t\t<\/div>\n\n","protected":false},"excerpt":{"rendered":"<p>Bei besten \u00e4u\u00dferen Bedingungen waren anl\u00e4sslich des 90-j\u00e4hrigen Vereinsjubil\u00e4ums der DJK Erlangen der Einladung zum Jubil\u00e4ums-Sommercup der F-Jugend am Samstag, dem 09.07.2011 zahlreiche Mannschaften aus Nah und Fern gefolgt. Bereits um 06.30 Uhr am Morgen traf man sich am Rande &hellip; <a href=\"https:\/\/www.djk-erlangen.de\/fussball\/?p=6936\">Weiterlesen <span class=\"meta-nav\">&rarr;<\/span><\/a><\/p>\n","protected":false},"author":32,"featured_media":0,"comment_status":"open","ping_status":"closed","sticky":false,"template":"","format":"standard","meta":{"jetpack_post_was_ever_published":false,"_jetpack_newsletter_access":"","_jetpack_dont_email_post_to_subs":false,"_jetpack_newsletter_tier_id":0,"_jetpack_memberships_contains_paywalled_content":false,"_jetpack_memberships_contains_paid_content":false,"footnotes":"","jetpack_publicize_message":"","jetpack_publicize_feature_enabled":true,"jetpack_social_post_already_shared":false,"jetpack_social_options":{"image_generator_settings":{"template":"highway","default_image_id":0,"font":"","enabled":false},"version":2}},"categories":[1,15],"tags":[],"class_list":["post-6936","post","type-post","status-publish","format-standard","hentry","category-allgemein","category-u9-f1"],"jetpack_publicize_connections":[],"jetpack_featured_media_url":"","jetpack_shortlink":"https:\/\/wp.me\/p2ZUr0-1NS","jetpack_sharing_enabled":true,"_links":{"self":[{"href":"https:\/\/www.djk-erlangen.de\/fussball\/index.php?rest_route=\/wp\/v2\/posts\/6936","targetHints":{"allow":["GET"]}}],"collection":[{"href":"https:\/\/www.djk-erlangen.de\/fussball\/index.php?rest_route=\/wp\/v2\/posts"}],"about":[{"href":"https:\/\/www.djk-erlangen.de\/fussball\/index.php?rest_route=\/wp\/v2\/types\/post"}],"author":[{"embeddable":true,"href":"https:\/\/www.djk-erlangen.de\/fussball\/index.php?rest_route=\/wp\/v2\/users\/32"}],"replies":[{"embeddable":true,"href":"https:\/\/www.djk-erlangen.de\/fussball\/index.php?rest_route=%2Fwp%2Fv2%2Fcomments&post=6936"}],"version-history":[{"count":11,"href":"https:\/\/www.djk-erlangen.de\/fussball\/index.php?rest_route=\/wp\/v2\/posts\/6936\/revisions"}],"predecessor-version":[{"id":7012,"href":"https:\/\/www.djk-erlangen.de\/fussball\/index.php?rest_route=\/wp\/v2\/posts\/6936\/revisions\/7012"}],"wp:attachment":[{"href":"https:\/\/www.djk-erlangen.de\/fussball\/index.php?rest_route=%2Fwp%2Fv2%2Fmedia&parent=6936"}],"wp:term":[{"taxonomy":"category","embeddable":true,"href":"https:\/\/www.djk-erlangen.de\/fussball\/index.php?rest_route=%2Fwp%2Fv2%2Fcategories&post=6936"},{"taxonomy":"post_tag","embeddable":true,"href":"https:\/\/www.djk-erlangen.de\/fussball\/index.php?rest_route=%2Fwp%2Fv2%2Ftags&post=6936"}],"curies":[{"name":"wp","href":"https:\/\/api.w.org\/{rel}","templated":true}]}}