{"id":6912,"date":"2011-07-05T22:16:00","date_gmt":"2011-07-05T20:16:00","guid":{"rendered":"http:\/\/www.djk-erlangen.de\/fussball\/?p=6912"},"modified":"2011-07-07T12:34:11","modified_gmt":"2011-07-07T10:34:11","slug":"hartumkampfter-pokalfight-am-wiesengrund","status":"publish","type":"post","link":"https:\/\/www.djk-erlangen.de\/fussball\/?p=6912","title":{"rendered":"Hartumk\u00e4mpfter Pokalfight am Wiesengrund"},"content":{"rendered":"<p>Endlich war der Sommer zur\u00fcck und die Wiesenwegbrasilianer erwarteten in der zweiten Runde des Kreispokals den Stadtteilnachbarn vom TVE. Nachdem das Spiel auf Wunsch der G\u00e4ste um 60 Minuten nach hinten verlegt wurde, nutzte man die Gunst der Stunde f\u00fcr eine lockere Trainingseinheit.<br \/>\n<!--more--><br \/>\nEine durch das Trainerduo top eingestellte Mannschaft agierte in der Anfangsphase sehr verunsichert und zahlreiche Abspielfehler waren eine der wenigen H\u00f6hepunkte. So war es eine Frage der Zeit, bis die G\u00e4ste, welche durch kombinationssicheres Spiel die Glanzpunkte setzten, in F\u00fchrung gingen. Dieser Gegentreffer, bei dem 4 DJK\u00b4ler Pate standen, sorgte irgendwie f\u00fcr die Befreiung. Von nun an wurde unsere Tugend, \u00fcber den Kampf ins Spiel zu finden, in die Waagschale geworfen, was letztendlich auch mit dem zu diesem Zeitpunkt verdienten Ausgleich belohnt wurde.<\/p>\n<p>Vielmehr konnten wir im Glutofen Wiesengrund noch eine Schippe drauf packen und gingen kurz vor der Pause durch einen sch\u00f6nen Distanzschuss genau ins untere linke Eck sogar mit 2:1 in F\u00fchrung. Die G\u00e4ste vom TV steckten zu keiner Zeit der Begegnung auf und brachten uns durch ihre gezielten Distanzsch\u00fcsse ein ums andere Mal in gro\u00dfe Gefahr. Mit einem gl\u00fccklichen Vorsprung wechselte man nach 20 Minuten die Seiten.<\/p>\n<p>Im zweiten Spielabschnitt ein v\u00f6llig anderes Spiel. Der TV st\u00fcrmte mit Mann und Maus auf unser Tor und unsere Defensivabteilung sah das eine oder andere Mal nicht wirklich gut aus, zumal auch unsere Mittelfeldakteure stark abbauten. Gerade in dieser Phase des Spiels nutzten die G\u00e4ste diese Schw\u00e4che der Wiesenwegbrasilianer und kamen durch ein sch\u00f6n herausgespieltes Tor zum Ausgleich.<\/p>\n<p>Die Trainer bauten die Mannschaft nochmals um, damit wieder mehr Sicherheit einkehrte, um letztendlich durch einen Konter noch den Siegtreffer zu erzielen. Leider verfehlten zahlreiche Versuche ihr Ziel bzw. fanden in dem sicheren G\u00e4stekeeper ihren Meister. So wurden die letzten Spielminuten zu einem echten Pokalfight mit Chancen auf beiden Seiten.<\/p>\n<p>Die regul\u00e4re Spielzeit konnte somit keinen Halbfinalist ermitteln und so mu\u00dfte das undankbare Strafsto\u00dfschie\u00dfen f\u00fcr die Entscheidung sorgen.<\/p>\n<p>Der TV legte vor 2:3; DJK legt nach 3:3; TV verschie\u00dft; DJK verwandelt zum 4:3; TV trifft 4:4; DJK verschie\u00dft; TV verschie\u00dft; DJK verschie\u00dft immer noch 4:4; TV verschie\u00dft; DJK verwandelt zum 5:4<\/p>\n<p>Somit war der erste Halbfinaleinzug einer DJK-F2-Mannschaft im Kreispokal in der Neuzeit perfekt und der Jubel im Wiesengrund kannte keine Grenzen. Trainergott Thomas war die R\u00fchrung sichtlich ins Gesicht geschrieben und freute sich vor lauter (Freuden)Tr\u00e4nen mit den Kindern zusammen \u00fcber das erreichte Ziel.<\/p>\n<p>Am kommenden Dienstag geht es dann weiter. Egal wie es ausgeht: Jungs, zwei Spiele sind uns sicher!! Und wir wollen das letzte haben!!<\/p>\n<p>Das Trainer-\/Betreuer-Team und die gesamte DJK-Familie sind stolz auf Euch!!! Macht weiter so und holt das Ding in den Wiesengrund!!!<\/p>\n<p>Die Reise geht weiter&#8230; wir sehen uns am kommenden Dienstag &#8230; egal wo &#8230;<\/p>\n","protected":false},"excerpt":{"rendered":"<p>Endlich war der Sommer zur\u00fcck und die Wiesenwegbrasilianer erwarteten in der zweiten Runde des Kreispokals den Stadtteilnachbarn vom TVE. Nachdem das Spiel auf Wunsch der G\u00e4ste um 60 Minuten nach hinten verlegt wurde, nutzte man die Gunst der Stunde f\u00fcr &hellip; <a href=\"https:\/\/www.djk-erlangen.de\/fussball\/?p=6912\">Weiterlesen <span class=\"meta-nav\">&rarr;<\/span><\/a><\/p>\n","protected":false},"author":32,"featured_media":0,"comment_status":"open","ping_status":"closed","sticky":false,"template":"","format":"standard","meta":{"jetpack_post_was_ever_published":false,"_jetpack_newsletter_access":"","_jetpack_dont_email_post_to_subs":false,"_jetpack_newsletter_tier_id":0,"_jetpack_memberships_contains_paywalled_content":false,"_jetpack_memberships_contains_paid_content":false,"footnotes":"","jetpack_publicize_message":"","jetpack_publicize_feature_enabled":true,"jetpack_social_post_already_shared":false,"jetpack_social_options":{"image_generator_settings":{"template":"highway","default_image_id":0,"font":"","enabled":false},"version":2}},"categories":[1],"tags":[],"class_list":["post-6912","post","type-post","status-publish","format-standard","hentry","category-allgemein"],"jetpack_publicize_connections":[],"jetpack_featured_media_url":"","jetpack_shortlink":"https:\/\/wp.me\/p2ZUr0-1Nu","jetpack_sharing_enabled":true,"_links":{"self":[{"href":"https:\/\/www.djk-erlangen.de\/fussball\/index.php?rest_route=\/wp\/v2\/posts\/6912","targetHints":{"allow":["GET"]}}],"collection":[{"href":"https:\/\/www.djk-erlangen.de\/fussball\/index.php?rest_route=\/wp\/v2\/posts"}],"about":[{"href":"https:\/\/www.djk-erlangen.de\/fussball\/index.php?rest_route=\/wp\/v2\/types\/post"}],"author":[{"embeddable":true,"href":"https:\/\/www.djk-erlangen.de\/fussball\/index.php?rest_route=\/wp\/v2\/users\/32"}],"replies":[{"embeddable":true,"href":"https:\/\/www.djk-erlangen.de\/fussball\/index.php?rest_route=%2Fwp%2Fv2%2Fcomments&post=6912"}],"version-history":[{"count":6,"href":"https:\/\/www.djk-erlangen.de\/fussball\/index.php?rest_route=\/wp\/v2\/posts\/6912\/revisions"}],"predecessor-version":[{"id":6921,"href":"https:\/\/www.djk-erlangen.de\/fussball\/index.php?rest_route=\/wp\/v2\/posts\/6912\/revisions\/6921"}],"wp:attachment":[{"href":"https:\/\/www.djk-erlangen.de\/fussball\/index.php?rest_route=%2Fwp%2Fv2%2Fmedia&parent=6912"}],"wp:term":[{"taxonomy":"category","embeddable":true,"href":"https:\/\/www.djk-erlangen.de\/fussball\/index.php?rest_route=%2Fwp%2Fv2%2Fcategories&post=6912"},{"taxonomy":"post_tag","embeddable":true,"href":"https:\/\/www.djk-erlangen.de\/fussball\/index.php?rest_route=%2Fwp%2Fv2%2Ftags&post=6912"}],"curies":[{"name":"wp","href":"https:\/\/api.w.org\/{rel}","templated":true}]}}