{"id":677,"date":"2009-09-26T22:30:15","date_gmt":"2009-09-26T20:30:15","guid":{"rendered":"http:\/\/www.djk-erlangen.de\/fussball\/?p=677"},"modified":"2009-09-30T21:54:38","modified_gmt":"2009-09-30T19:54:38","slug":"juniorenspieler-gesucht","status":"publish","type":"post","link":"https:\/\/www.djk-erlangen.de\/fussball\/?p=677","title":{"rendered":"Juniorenspieler gesucht!"},"content":{"rendered":"<p>Die DJK sucht dringend fu\u00dfballbegeisterte M\u00e4dels und Jungs der Jahrg\u00e4nge 1999 bzw. 2000. Wer also Zeit und Lust hat bzw. wer jemanden kennt der Zeit und Lust hat sich uns anzuschlie\u00dfen, der soll sich bitte umgehend bei uns melden. Kontaktdaten und Trainingszeiten findet Ihr unter der Rubrik U11 E1 bzw U11 E2.<\/p>\n","protected":false},"excerpt":{"rendered":"<p>Die DJK sucht dringend fu\u00dfballbegeisterte M\u00e4dels und Jungs der Jahrg\u00e4nge 1999 bzw. 2000. Wer also Zeit und Lust hat bzw. wer jemanden kennt der Zeit und Lust hat sich uns anzuschlie\u00dfen, der soll sich bitte umgehend bei uns melden. Kontaktdaten &hellip; <a href=\"https:\/\/www.djk-erlangen.de\/fussball\/?p=677\">Weiterlesen <span class=\"meta-nav\">&rarr;<\/span><\/a><\/p>\n","protected":false},"author":7,"featured_media":0,"comment_status":"open","ping_status":"closed","sticky":false,"template":"","format":"standard","meta":{"jetpack_post_was_ever_published":false,"_jetpack_newsletter_access":"","_jetpack_dont_email_post_to_subs":false,"_jetpack_newsletter_tier_id":0,"_jetpack_memberships_contains_paywalled_content":false,"_jetpack_memberships_contains_paid_content":false,"footnotes":"","jetpack_publicize_message":"","jetpack_publicize_feature_enabled":true,"jetpack_social_post_already_shared":false,"jetpack_social_options":{"image_generator_settings":{"template":"highway","default_image_id":0,"font":"","enabled":false},"version":2}},"categories":[1,8],"tags":[],"class_list":["post-677","post","type-post","status-publish","format-standard","hentry","category-allgemein","category-u11-e1"],"jetpack_publicize_connections":[],"jetpack_featured_media_url":"","jetpack_shortlink":"https:\/\/wp.me\/p2ZUr0-aV","jetpack_sharing_enabled":true,"_links":{"self":[{"href":"https:\/\/www.djk-erlangen.de\/fussball\/index.php?rest_route=\/wp\/v2\/posts\/677","targetHints":{"allow":["GET"]}}],"collection":[{"href":"https:\/\/www.djk-erlangen.de\/fussball\/index.php?rest_route=\/wp\/v2\/posts"}],"about":[{"href":"https:\/\/www.djk-erlangen.de\/fussball\/index.php?rest_route=\/wp\/v2\/types\/post"}],"author":[{"embeddable":true,"href":"https:\/\/www.djk-erlangen.de\/fussball\/index.php?rest_route=\/wp\/v2\/users\/7"}],"replies":[{"embeddable":true,"href":"https:\/\/www.djk-erlangen.de\/fussball\/index.php?rest_route=%2Fwp%2Fv2%2Fcomments&post=677"}],"version-history":[{"count":4,"href":"https:\/\/www.djk-erlangen.de\/fussball\/index.php?rest_route=\/wp\/v2\/posts\/677\/revisions"}],"predecessor-version":[{"id":762,"href":"https:\/\/www.djk-erlangen.de\/fussball\/index.php?rest_route=\/wp\/v2\/posts\/677\/revisions\/762"}],"wp:attachment":[{"href":"https:\/\/www.djk-erlangen.de\/fussball\/index.php?rest_route=%2Fwp%2Fv2%2Fmedia&parent=677"}],"wp:term":[{"taxonomy":"category","embeddable":true,"href":"https:\/\/www.djk-erlangen.de\/fussball\/index.php?rest_route=%2Fwp%2Fv2%2Fcategories&post=677"},{"taxonomy":"post_tag","embeddable":true,"href":"https:\/\/www.djk-erlangen.de\/fussball\/index.php?rest_route=%2Fwp%2Fv2%2Ftags&post=677"}],"curies":[{"name":"wp","href":"https:\/\/api.w.org\/{rel}","templated":true}]}}