{"id":6631,"date":"2011-06-26T19:15:17","date_gmt":"2011-06-26T17:15:17","guid":{"rendered":"http:\/\/www.djk-erlangen.de\/fussball\/?p=6631"},"modified":"2011-06-28T23:34:56","modified_gmt":"2011-06-28T21:34:56","slug":"erfolgreiches-fusballcamp-bei-der-djk","status":"publish","type":"post","link":"https:\/\/www.djk-erlangen.de\/fussball\/?p=6631","title":{"rendered":"Erfolgreiches Fu\u00dfballcamp bei der DJK"},"content":{"rendered":"<p>\u00dcber ein halbes Jahr akribische Vorbereitung gingen zu Ende und das 1. Trainingscamp durch die Bayreuther Firma SuperStarSoccer vom 20.06.11 bis 24.06.11 stand vor der T\u00fcr. Bei den Verantwortlichen war die Anspannung deutlich zu sp\u00fcren! Wird alles klappen, was wir uns als Organisatoren auf die Fahne geschrieben haben? Deutlich vor dem vereinbarten Treffpunkt waren alle eingeteilten Personen an ihren Stationen einsatzbereit um den Trainern allen voran Campleiter Florian &#8222;Wursti&#8220; Wurster einen geb\u00fchrenden Empfang zu bereiten.<\/p>\n<p><!--more-->Nach und nach trafen jetzt auch die \u00fcber 30 teilnehmenden Kinder ein und die Trainer begannen nach einer kurzen St\u00e4rkung, welche die B\u00e4ckerei Trapper erm\u00f6glichte, auch schon mit der Einkleidung der Kinder.<\/p>\n<p style=\"text-align: center;\"><a href=\"http:\/\/www.djk-erlangen.de\/fussball\/wp-content\/uploads\/2011\/06\/IMG_06492.jpg\"><img loading=\"lazy\" decoding=\"async\" class=\"aligncenter size-medium wp-image-6709\" title=\"IMG_0649\" src=\"http:\/\/www.djk-erlangen.de\/fussball\/wp-content\/uploads\/2011\/06\/IMG_06492-300x200.jpg\" alt=\"\" width=\"300\" height=\"200\" srcset=\"https:\/\/www.djk-erlangen.de\/fussball\/wp-content\/uploads\/2011\/06\/IMG_06492-300x200.jpg 300w, https:\/\/www.djk-erlangen.de\/fussball\/wp-content\/uploads\/2011\/06\/IMG_06492-150x100.jpg 150w, https:\/\/www.djk-erlangen.de\/fussball\/wp-content\/uploads\/2011\/06\/IMG_06492.jpg 640w\" sizes=\"auto, (max-width: 300px) 100vw, 300px\" \/><\/a><a href=\"http:\/\/www.djk-erlangen.de\/fussball\/wp-content\/uploads\/2011\/06\/IMG_06543.jpg\"><img loading=\"lazy\" decoding=\"async\" class=\"aligncenter size-medium wp-image-6710\" title=\"IMG_0654\" src=\"http:\/\/www.djk-erlangen.de\/fussball\/wp-content\/uploads\/2011\/06\/IMG_06543-300x200.jpg\" alt=\"\" width=\"300\" height=\"200\" srcset=\"https:\/\/www.djk-erlangen.de\/fussball\/wp-content\/uploads\/2011\/06\/IMG_06543-300x200.jpg 300w, https:\/\/www.djk-erlangen.de\/fussball\/wp-content\/uploads\/2011\/06\/IMG_06543-150x100.jpg 150w, https:\/\/www.djk-erlangen.de\/fussball\/wp-content\/uploads\/2011\/06\/IMG_06543.jpg 640w\" sizes=\"auto, (max-width: 300px) 100vw, 300px\" \/><\/a><\/p>\n<p>Im Camppreis ist eine komplette Trainingsausr\u00fcstung (Trikot, Hose, Stutzen, Trinkflasche und Ball) enthalten. Nach einer kurzen Ansprache und der Vorstellung der Trainer ging die Arbeit mit den Kinder auch schon los. Die Gruppeneinteilung wurde altersgerecht durchgef\u00fchrt und so wurde am ersten Tag in 3 Gruppen zzgl. einer Torwartgruppe intensiv mit den Kids gearbeitet.<\/p>\n<p>Das Camp lief und alle waren zufrieden. Man sah sehr entspannte Gesichter.<\/p>\n<p style=\"text-align: center;\"><a href=\"http:\/\/www.djk-erlangen.de\/fussball\/wp-content\/uploads\/2011\/06\/IMG_06482.jpg\"><img loading=\"lazy\" decoding=\"async\" class=\"aligncenter size-medium wp-image-6700\" title=\"IMG_0648\" src=\"http:\/\/www.djk-erlangen.de\/fussball\/wp-content\/uploads\/2011\/06\/IMG_06482-300x200.jpg\" alt=\"\" width=\"300\" height=\"200\" \/><\/a><\/p>\n<p>Die folgenden Tage verliefen reibungslos im Orga-Team und Trainingsbetrieb, so konnte sich unser Greenkeeper mit einer handvoll Helfer darum k\u00fcmmern, das Gel\u00e4nde f\u00fcr die Jubil\u00e4umswoche ein wenig &#8222;aufzuh\u00fcbschen&#8220;!<\/p>\n<p>Es war immer wieder ein Wohltat, die Kinder beim Training zu beobachten. Ganz besonders ins Augenmerk fielen die ganz Kleinen. Schon am ersten Tag eroberten Lukas, Cosimo und Charlotte die Herzen aller Anwesenden!<\/p>\n<p>Die n\u00e4chste Pr\u00fcfung f\u00fcr uns war die Ausgabe des Mittagessens. Dank der Fa. E-Center B\u00e4chmann &#8211; angef\u00fchrt von Patrick B\u00e4chmann &#8211; war auch dies eine reibungslose Geschichte. Selbst kurzfristig nachbestellte Gerichte wurden prompt geliefert. Hierf\u00fcr vorab schon mal unseren herzlichsten Dank.<\/p>\n<p>Der Feiertag war dann das n\u00e4chste Highlight in dieser Veranstaltungswoche. Kurzfristig ausgemacht war ein Wei\u00dfwurstfr\u00fchschoppen f\u00fcr alle beteiligten Eltern. Zum Gl\u00fcck hatten wir die Vorbestellung sehr gro\u00dfz\u00fcgig geordert, sodass auch die zahlreich anwesenden Tennisspieler unser Angebot annehmen konnten, da die eigentlich f\u00fcr die Bewirtung zust\u00e4ndige Institution geschlossen hatte. F\u00fcr unseren Service erhielten wir viel Lob und wir bedanken uns bei den Eltern, welche zum Wohle des Vereins auf ihre Portion verzichtet haben.<\/p>\n<p>Vor lauter Bewirtung h\u00e4tten wir fast die Verkostung der Kinder vergessen. Kurzerhand wurde der aufgetriebene DJK-Grill unter Feuer gesetzt und alles war wieder am Laufen. Dank Gebbi konnten dann auch alle Kinder mit den wohlschmeckenden Bratw\u00fcrsten versorgt werden.<\/p>\n<p style=\"text-align: center;\"><a href=\"http:\/\/www.djk-erlangen.de\/fussball\/wp-content\/uploads\/2011\/06\/IMG_0699.jpg\"><img loading=\"lazy\" decoding=\"async\" class=\"aligncenter size-medium wp-image-6711\" title=\"IMG_0699\" src=\"http:\/\/www.djk-erlangen.de\/fussball\/wp-content\/uploads\/2011\/06\/IMG_0699-300x200.jpg\" alt=\"\" width=\"300\" height=\"200\" srcset=\"https:\/\/www.djk-erlangen.de\/fussball\/wp-content\/uploads\/2011\/06\/IMG_0699-300x200.jpg 300w, https:\/\/www.djk-erlangen.de\/fussball\/wp-content\/uploads\/2011\/06\/IMG_0699-150x100.jpg 150w, https:\/\/www.djk-erlangen.de\/fussball\/wp-content\/uploads\/2011\/06\/IMG_0699.jpg 640w\" sizes=\"auto, (max-width: 300px) 100vw, 300px\" \/><\/a><a href=\"http:\/\/www.djk-erlangen.de\/fussball\/wp-content\/uploads\/2011\/06\/IMG_0700.jpg\"><img loading=\"lazy\" decoding=\"async\" class=\"aligncenter size-medium wp-image-6712\" title=\"IMG_0700\" src=\"http:\/\/www.djk-erlangen.de\/fussball\/wp-content\/uploads\/2011\/06\/IMG_0700-200x300.jpg\" alt=\"\" width=\"200\" height=\"300\" srcset=\"https:\/\/www.djk-erlangen.de\/fussball\/wp-content\/uploads\/2011\/06\/IMG_0700-200x300.jpg 200w, https:\/\/www.djk-erlangen.de\/fussball\/wp-content\/uploads\/2011\/06\/IMG_0700-100x150.jpg 100w, https:\/\/www.djk-erlangen.de\/fussball\/wp-content\/uploads\/2011\/06\/IMG_0700.jpg 427w\" sizes=\"auto, (max-width: 200px) 100vw, 200px\" \/><\/a><a href=\"http:\/\/www.djk-erlangen.de\/fussball\/wp-content\/uploads\/2011\/06\/IMG_0701.jpg\"><img loading=\"lazy\" decoding=\"async\" class=\"aligncenter size-medium wp-image-6713\" title=\"IMG_0701\" src=\"http:\/\/www.djk-erlangen.de\/fussball\/wp-content\/uploads\/2011\/06\/IMG_0701-200x300.jpg\" alt=\"\" width=\"200\" height=\"300\" \/><\/a><a href=\"http:\/\/www.djk-erlangen.de\/fussball\/wp-content\/uploads\/2011\/06\/IMG_0703.jpg\"><img loading=\"lazy\" decoding=\"async\" class=\"aligncenter size-medium wp-image-6714\" title=\"IMG_0703\" src=\"http:\/\/www.djk-erlangen.de\/fussball\/wp-content\/uploads\/2011\/06\/IMG_0703-300x200.jpg\" alt=\"\" width=\"300\" height=\"200\" srcset=\"https:\/\/www.djk-erlangen.de\/fussball\/wp-content\/uploads\/2011\/06\/IMG_0703-300x200.jpg 300w, https:\/\/www.djk-erlangen.de\/fussball\/wp-content\/uploads\/2011\/06\/IMG_0703-150x100.jpg 150w, https:\/\/www.djk-erlangen.de\/fussball\/wp-content\/uploads\/2011\/06\/IMG_0703.jpg 640w\" sizes=\"auto, (max-width: 300px) 100vw, 300px\" \/><\/a><\/p>\n<p>Am Freitag stand dann ja noch das gro\u00dfe Finale an. Die Kinder spielten in einem Abschlussturnier ihren pers\u00f6nlichen Sieger heraus. Im Laufe der Woche reifte immer mehr die Idee, als kr\u00f6nenden Abschluss ein Spiel &#8222;Eltern gegen Kinder&#8220; durchzuf\u00fchren. Gesagt getan. Die angetretenen Eltern wurden noch durch das SSS Trainerteam verst\u00e4rkt.<\/p>\n<p style=\"text-align: center;\"><a href=\"http:\/\/www.djk-erlangen.de\/fussball\/wp-content\/uploads\/2011\/06\/IMG_0755.jpg\"><img loading=\"lazy\" decoding=\"async\" class=\"aligncenter size-medium wp-image-6715\" title=\"IMG_0755\" src=\"http:\/\/www.djk-erlangen.de\/fussball\/wp-content\/uploads\/2011\/06\/IMG_0755-300x200.jpg\" alt=\"\" width=\"300\" height=\"200\" srcset=\"https:\/\/www.djk-erlangen.de\/fussball\/wp-content\/uploads\/2011\/06\/IMG_0755-300x200.jpg 300w, https:\/\/www.djk-erlangen.de\/fussball\/wp-content\/uploads\/2011\/06\/IMG_0755-150x100.jpg 150w, https:\/\/www.djk-erlangen.de\/fussball\/wp-content\/uploads\/2011\/06\/IMG_0755.jpg 640w\" sizes=\"auto, (max-width: 300px) 100vw, 300px\" \/><\/a><a href=\"http:\/\/www.djk-erlangen.de\/fussball\/wp-content\/uploads\/2011\/06\/IMG_0759.jpg\"><img loading=\"lazy\" decoding=\"async\" class=\"aligncenter size-medium wp-image-6716\" title=\"IMG_0759\" src=\"http:\/\/www.djk-erlangen.de\/fussball\/wp-content\/uploads\/2011\/06\/IMG_0759-300x200.jpg\" alt=\"\" width=\"300\" height=\"200\" srcset=\"https:\/\/www.djk-erlangen.de\/fussball\/wp-content\/uploads\/2011\/06\/IMG_0759-300x200.jpg 300w, https:\/\/www.djk-erlangen.de\/fussball\/wp-content\/uploads\/2011\/06\/IMG_0759-150x100.jpg 150w, https:\/\/www.djk-erlangen.de\/fussball\/wp-content\/uploads\/2011\/06\/IMG_0759.jpg 640w\" sizes=\"auto, (max-width: 300px) 100vw, 300px\" \/><\/a><a href=\"http:\/\/www.djk-erlangen.de\/fussball\/wp-content\/uploads\/2011\/06\/IMG_0765.jpg\"><img loading=\"lazy\" decoding=\"async\" class=\"aligncenter size-medium wp-image-6717\" title=\"IMG_0765\" src=\"http:\/\/www.djk-erlangen.de\/fussball\/wp-content\/uploads\/2011\/06\/IMG_0765-300x200.jpg\" alt=\"\" width=\"300\" height=\"200\" srcset=\"https:\/\/www.djk-erlangen.de\/fussball\/wp-content\/uploads\/2011\/06\/IMG_0765-300x200.jpg 300w, https:\/\/www.djk-erlangen.de\/fussball\/wp-content\/uploads\/2011\/06\/IMG_0765-150x100.jpg 150w, https:\/\/www.djk-erlangen.de\/fussball\/wp-content\/uploads\/2011\/06\/IMG_0765.jpg 640w\" sizes=\"auto, (max-width: 300px) 100vw, 300px\" \/><\/a><a href=\"http:\/\/www.djk-erlangen.de\/fussball\/wp-content\/uploads\/2011\/06\/IMG_0767.jpg\"><img loading=\"lazy\" decoding=\"async\" class=\"aligncenter size-medium wp-image-6718\" title=\"IMG_0767\" src=\"http:\/\/www.djk-erlangen.de\/fussball\/wp-content\/uploads\/2011\/06\/IMG_0767-300x200.jpg\" alt=\"\" width=\"300\" height=\"200\" srcset=\"https:\/\/www.djk-erlangen.de\/fussball\/wp-content\/uploads\/2011\/06\/IMG_0767-300x200.jpg 300w, https:\/\/www.djk-erlangen.de\/fussball\/wp-content\/uploads\/2011\/06\/IMG_0767-150x100.jpg 150w, https:\/\/www.djk-erlangen.de\/fussball\/wp-content\/uploads\/2011\/06\/IMG_0767.jpg 640w\" sizes=\"auto, (max-width: 300px) 100vw, 300px\" \/><\/a><a href=\"http:\/\/www.djk-erlangen.de\/fussball\/wp-content\/uploads\/2011\/06\/IMG_0784.jpg\"><img loading=\"lazy\" decoding=\"async\" class=\"aligncenter size-medium wp-image-6719\" title=\"IMG_0784\" src=\"http:\/\/www.djk-erlangen.de\/fussball\/wp-content\/uploads\/2011\/06\/IMG_0784-300x200.jpg\" alt=\"\" width=\"300\" height=\"200\" srcset=\"https:\/\/www.djk-erlangen.de\/fussball\/wp-content\/uploads\/2011\/06\/IMG_0784-300x200.jpg 300w, https:\/\/www.djk-erlangen.de\/fussball\/wp-content\/uploads\/2011\/06\/IMG_0784-150x100.jpg 150w, https:\/\/www.djk-erlangen.de\/fussball\/wp-content\/uploads\/2011\/06\/IMG_0784.jpg 640w\" sizes=\"auto, (max-width: 300px) 100vw, 300px\" \/><\/a><\/p>\n<p>Dieses Spiel sorgte f\u00fcr gro\u00dfe Begeisterung bei allen und wurde f\u00fcr die Wiederholung des Soccercamps im kommenden Jahr als feste Einrichtung geplant.<\/p>\n<p>Die DJK Erlangen bedankt sich bei SuperStarSoccer und allen Beteiligten f\u00fcr Euren unerm\u00fcdlichen Einsatz und wir freuen uns schon heute auf die Wiederholung vom 04.06. bis 08.06. im kommenden Jahr 2012.<\/p>\n<p>Und nun viel Freude beim Betrachten der Bildergalerie.<\/p>\n\n\t\t<style type=\"text\/css\">\n\t\t\t#gallery-1 {\n\t\t\t\tmargin: auto;\n\t\t\t}\n\t\t\t#gallery-1 .gallery-item {\n\t\t\t\tfloat: left;\n\t\t\t\tmargin-top: 10px;\n\t\t\t\ttext-align: center;\n\t\t\t\twidth: 33%;\n\t\t\t}\n\t\t\t#gallery-1 img {\n\t\t\t\tborder: 2px solid #cfcfcf;\n\t\t\t}\n\t\t\t#gallery-1 .gallery-caption {\n\t\t\t\tmargin-left: 0;\n\t\t\t}\n\t\t\t\/* see gallery_shortcode() in wp-includes\/media.php *\/\n\t\t<\/style>\n\t\t<div id='gallery-1' class='gallery galleryid-6631 gallery-columns-3 gallery-size-thumbnail'><dl class='gallery-item'>\n\t\t\t<dt class='gallery-icon landscape'>\n\t\t\t\t<a href='https:\/\/www.djk-erlangen.de\/fussball\/wp-content\/uploads\/2011\/06\/IMG_0646.jpg'><img loading=\"lazy\" decoding=\"async\" width=\"150\" height=\"100\" src=\"https:\/\/www.djk-erlangen.de\/fussball\/wp-content\/uploads\/2011\/06\/IMG_0646-150x100.jpg\" class=\"attachment-thumbnail size-thumbnail\" alt=\"\" srcset=\"https:\/\/www.djk-erlangen.de\/fussball\/wp-content\/uploads\/2011\/06\/IMG_0646-150x100.jpg 150w, https:\/\/www.djk-erlangen.de\/fussball\/wp-content\/uploads\/2011\/06\/IMG_0646-300x200.jpg 300w, https:\/\/www.djk-erlangen.de\/fussball\/wp-content\/uploads\/2011\/06\/IMG_0646.jpg 640w\" sizes=\"auto, (max-width: 150px) 100vw, 150px\" \/><\/a>\n\t\t\t<\/dt><\/dl><dl class='gallery-item'>\n\t\t\t<dt class='gallery-icon landscape'>\n\t\t\t\t<a href='https:\/\/www.djk-erlangen.de\/fussball\/wp-content\/uploads\/2011\/06\/IMG_0645.jpg'><img loading=\"lazy\" decoding=\"async\" width=\"150\" height=\"100\" src=\"https:\/\/www.djk-erlangen.de\/fussball\/wp-content\/uploads\/2011\/06\/IMG_0645-150x100.jpg\" class=\"attachment-thumbnail size-thumbnail\" alt=\"\" srcset=\"https:\/\/www.djk-erlangen.de\/fussball\/wp-content\/uploads\/2011\/06\/IMG_0645-150x100.jpg 150w, https:\/\/www.djk-erlangen.de\/fussball\/wp-content\/uploads\/2011\/06\/IMG_0645-300x200.jpg 300w, https:\/\/www.djk-erlangen.de\/fussball\/wp-content\/uploads\/2011\/06\/IMG_0645.jpg 640w\" sizes=\"auto, (max-width: 150px) 100vw, 150px\" \/><\/a>\n\t\t\t<\/dt><\/dl><dl class='gallery-item'>\n\t\t\t<dt class='gallery-icon landscape'>\n\t\t\t\t<a href='https:\/\/www.djk-erlangen.de\/fussball\/wp-content\/uploads\/2011\/06\/IMG_0647.jpg'><img loading=\"lazy\" decoding=\"async\" width=\"150\" height=\"100\" src=\"https:\/\/www.djk-erlangen.de\/fussball\/wp-content\/uploads\/2011\/06\/IMG_0647-150x100.jpg\" class=\"attachment-thumbnail size-thumbnail\" alt=\"\" srcset=\"https:\/\/www.djk-erlangen.de\/fussball\/wp-content\/uploads\/2011\/06\/IMG_0647-150x100.jpg 150w, https:\/\/www.djk-erlangen.de\/fussball\/wp-content\/uploads\/2011\/06\/IMG_0647-300x200.jpg 300w, https:\/\/www.djk-erlangen.de\/fussball\/wp-content\/uploads\/2011\/06\/IMG_0647.jpg 640w\" sizes=\"auto, (max-width: 150px) 100vw, 150px\" \/><\/a>\n\t\t\t<\/dt><\/dl><br style=\"clear: both\" \/><dl class='gallery-item'>\n\t\t\t<dt class='gallery-icon landscape'>\n\t\t\t\t<a href='https:\/\/www.djk-erlangen.de\/fussball\/wp-content\/uploads\/2011\/06\/IMG_0649.jpg'><img loading=\"lazy\" decoding=\"async\" width=\"150\" height=\"100\" src=\"https:\/\/www.djk-erlangen.de\/fussball\/wp-content\/uploads\/2011\/06\/IMG_0649-150x100.jpg\" class=\"attachment-thumbnail size-thumbnail\" alt=\"\" srcset=\"https:\/\/www.djk-erlangen.de\/fussball\/wp-content\/uploads\/2011\/06\/IMG_0649-150x100.jpg 150w, https:\/\/www.djk-erlangen.de\/fussball\/wp-content\/uploads\/2011\/06\/IMG_0649-300x200.jpg 300w, https:\/\/www.djk-erlangen.de\/fussball\/wp-content\/uploads\/2011\/06\/IMG_0649.jpg 640w\" sizes=\"auto, (max-width: 150px) 100vw, 150px\" \/><\/a>\n\t\t\t<\/dt><\/dl><dl class='gallery-item'>\n\t\t\t<dt class='gallery-icon landscape'>\n\t\t\t\t<a href='https:\/\/www.djk-erlangen.de\/fussball\/wp-content\/uploads\/2011\/06\/IMG_0652.jpg'><img loading=\"lazy\" decoding=\"async\" width=\"150\" height=\"100\" src=\"https:\/\/www.djk-erlangen.de\/fussball\/wp-content\/uploads\/2011\/06\/IMG_0652-150x100.jpg\" class=\"attachment-thumbnail size-thumbnail\" alt=\"\" srcset=\"https:\/\/www.djk-erlangen.de\/fussball\/wp-content\/uploads\/2011\/06\/IMG_0652-150x100.jpg 150w, https:\/\/www.djk-erlangen.de\/fussball\/wp-content\/uploads\/2011\/06\/IMG_0652-300x200.jpg 300w, https:\/\/www.djk-erlangen.de\/fussball\/wp-content\/uploads\/2011\/06\/IMG_0652.jpg 640w\" sizes=\"auto, (max-width: 150px) 100vw, 150px\" \/><\/a>\n\t\t\t<\/dt><\/dl><dl class='gallery-item'>\n\t\t\t<dt class='gallery-icon landscape'>\n\t\t\t\t<a href='https:\/\/www.djk-erlangen.de\/fussball\/wp-content\/uploads\/2011\/06\/IMG_0656.jpg'><img loading=\"lazy\" decoding=\"async\" width=\"150\" height=\"100\" src=\"https:\/\/www.djk-erlangen.de\/fussball\/wp-content\/uploads\/2011\/06\/IMG_0656-150x100.jpg\" class=\"attachment-thumbnail size-thumbnail\" alt=\"\" srcset=\"https:\/\/www.djk-erlangen.de\/fussball\/wp-content\/uploads\/2011\/06\/IMG_0656-150x100.jpg 150w, https:\/\/www.djk-erlangen.de\/fussball\/wp-content\/uploads\/2011\/06\/IMG_0656-300x200.jpg 300w, https:\/\/www.djk-erlangen.de\/fussball\/wp-content\/uploads\/2011\/06\/IMG_0656.jpg 640w\" sizes=\"auto, (max-width: 150px) 100vw, 150px\" \/><\/a>\n\t\t\t<\/dt><\/dl><br style=\"clear: both\" \/><dl class='gallery-item'>\n\t\t\t<dt class='gallery-icon landscape'>\n\t\t\t\t<a href='https:\/\/www.djk-erlangen.de\/fussball\/wp-content\/uploads\/2011\/06\/IMG_0657.jpg'><img loading=\"lazy\" decoding=\"async\" width=\"150\" height=\"100\" src=\"https:\/\/www.djk-erlangen.de\/fussball\/wp-content\/uploads\/2011\/06\/IMG_0657-150x100.jpg\" class=\"attachment-thumbnail size-thumbnail\" alt=\"\" srcset=\"https:\/\/www.djk-erlangen.de\/fussball\/wp-content\/uploads\/2011\/06\/IMG_0657-150x100.jpg 150w, https:\/\/www.djk-erlangen.de\/fussball\/wp-content\/uploads\/2011\/06\/IMG_0657-300x200.jpg 300w, https:\/\/www.djk-erlangen.de\/fussball\/wp-content\/uploads\/2011\/06\/IMG_0657.jpg 640w\" sizes=\"auto, (max-width: 150px) 100vw, 150px\" \/><\/a>\n\t\t\t<\/dt><\/dl><dl class='gallery-item'>\n\t\t\t<dt class='gallery-icon landscape'>\n\t\t\t\t<a href='https:\/\/www.djk-erlangen.de\/fussball\/wp-content\/uploads\/2011\/06\/IMG_0658.jpg'><img loading=\"lazy\" decoding=\"async\" width=\"150\" height=\"100\" src=\"https:\/\/www.djk-erlangen.de\/fussball\/wp-content\/uploads\/2011\/06\/IMG_0658-150x100.jpg\" class=\"attachment-thumbnail size-thumbnail\" alt=\"\" srcset=\"https:\/\/www.djk-erlangen.de\/fussball\/wp-content\/uploads\/2011\/06\/IMG_0658-150x100.jpg 150w, https:\/\/www.djk-erlangen.de\/fussball\/wp-content\/uploads\/2011\/06\/IMG_0658-300x200.jpg 300w, https:\/\/www.djk-erlangen.de\/fussball\/wp-content\/uploads\/2011\/06\/IMG_0658.jpg 640w\" sizes=\"auto, (max-width: 150px) 100vw, 150px\" \/><\/a>\n\t\t\t<\/dt><\/dl><dl class='gallery-item'>\n\t\t\t<dt class='gallery-icon landscape'>\n\t\t\t\t<a href='https:\/\/www.djk-erlangen.de\/fussball\/wp-content\/uploads\/2011\/06\/IMG_0659.jpg'><img loading=\"lazy\" decoding=\"async\" width=\"150\" height=\"100\" src=\"https:\/\/www.djk-erlangen.de\/fussball\/wp-content\/uploads\/2011\/06\/IMG_0659-150x100.jpg\" class=\"attachment-thumbnail size-thumbnail\" alt=\"\" srcset=\"https:\/\/www.djk-erlangen.de\/fussball\/wp-content\/uploads\/2011\/06\/IMG_0659-150x100.jpg 150w, https:\/\/www.djk-erlangen.de\/fussball\/wp-content\/uploads\/2011\/06\/IMG_0659-300x200.jpg 300w, https:\/\/www.djk-erlangen.de\/fussball\/wp-content\/uploads\/2011\/06\/IMG_0659.jpg 640w\" sizes=\"auto, (max-width: 150px) 100vw, 150px\" \/><\/a>\n\t\t\t<\/dt><\/dl><br style=\"clear: both\" \/><dl class='gallery-item'>\n\t\t\t<dt class='gallery-icon landscape'>\n\t\t\t\t<a href='https:\/\/www.djk-erlangen.de\/fussball\/wp-content\/uploads\/2011\/06\/IMG_0660.jpg'><img loading=\"lazy\" decoding=\"async\" width=\"150\" height=\"100\" src=\"https:\/\/www.djk-erlangen.de\/fussball\/wp-content\/uploads\/2011\/06\/IMG_0660-150x100.jpg\" class=\"attachment-thumbnail size-thumbnail\" alt=\"\" srcset=\"https:\/\/www.djk-erlangen.de\/fussball\/wp-content\/uploads\/2011\/06\/IMG_0660-150x100.jpg 150w, https:\/\/www.djk-erlangen.de\/fussball\/wp-content\/uploads\/2011\/06\/IMG_0660-300x200.jpg 300w, https:\/\/www.djk-erlangen.de\/fussball\/wp-content\/uploads\/2011\/06\/IMG_0660.jpg 640w\" sizes=\"auto, (max-width: 150px) 100vw, 150px\" \/><\/a>\n\t\t\t<\/dt><\/dl><dl class='gallery-item'>\n\t\t\t<dt class='gallery-icon landscape'>\n\t\t\t\t<a href='https:\/\/www.djk-erlangen.de\/fussball\/wp-content\/uploads\/2011\/06\/IMG_0661.jpg'><img loading=\"lazy\" decoding=\"async\" width=\"150\" height=\"100\" src=\"https:\/\/www.djk-erlangen.de\/fussball\/wp-content\/uploads\/2011\/06\/IMG_0661-150x100.jpg\" class=\"attachment-thumbnail size-thumbnail\" alt=\"\" srcset=\"https:\/\/www.djk-erlangen.de\/fussball\/wp-content\/uploads\/2011\/06\/IMG_0661-150x100.jpg 150w, https:\/\/www.djk-erlangen.de\/fussball\/wp-content\/uploads\/2011\/06\/IMG_0661-300x200.jpg 300w, https:\/\/www.djk-erlangen.de\/fussball\/wp-content\/uploads\/2011\/06\/IMG_0661.jpg 640w\" sizes=\"auto, (max-width: 150px) 100vw, 150px\" \/><\/a>\n\t\t\t<\/dt><\/dl><dl class='gallery-item'>\n\t\t\t<dt class='gallery-icon landscape'>\n\t\t\t\t<a href='https:\/\/www.djk-erlangen.de\/fussball\/wp-content\/uploads\/2011\/06\/IMG_0663.jpg'><img loading=\"lazy\" decoding=\"async\" width=\"150\" height=\"100\" src=\"https:\/\/www.djk-erlangen.de\/fussball\/wp-content\/uploads\/2011\/06\/IMG_0663-150x100.jpg\" class=\"attachment-thumbnail size-thumbnail\" alt=\"\" srcset=\"https:\/\/www.djk-erlangen.de\/fussball\/wp-content\/uploads\/2011\/06\/IMG_0663-150x100.jpg 150w, https:\/\/www.djk-erlangen.de\/fussball\/wp-content\/uploads\/2011\/06\/IMG_0663-300x200.jpg 300w, https:\/\/www.djk-erlangen.de\/fussball\/wp-content\/uploads\/2011\/06\/IMG_0663.jpg 640w\" sizes=\"auto, (max-width: 150px) 100vw, 150px\" \/><\/a>\n\t\t\t<\/dt><\/dl><br style=\"clear: both\" \/><dl class='gallery-item'>\n\t\t\t<dt class='gallery-icon landscape'>\n\t\t\t\t<a href='https:\/\/www.djk-erlangen.de\/fussball\/wp-content\/uploads\/2011\/06\/IMG_0664.jpg'><img loading=\"lazy\" decoding=\"async\" width=\"150\" height=\"100\" src=\"https:\/\/www.djk-erlangen.de\/fussball\/wp-content\/uploads\/2011\/06\/IMG_0664-150x100.jpg\" class=\"attachment-thumbnail size-thumbnail\" alt=\"\" srcset=\"https:\/\/www.djk-erlangen.de\/fussball\/wp-content\/uploads\/2011\/06\/IMG_0664-150x100.jpg 150w, https:\/\/www.djk-erlangen.de\/fussball\/wp-content\/uploads\/2011\/06\/IMG_0664-300x200.jpg 300w, https:\/\/www.djk-erlangen.de\/fussball\/wp-content\/uploads\/2011\/06\/IMG_0664.jpg 640w\" sizes=\"auto, (max-width: 150px) 100vw, 150px\" \/><\/a>\n\t\t\t<\/dt><\/dl><dl class='gallery-item'>\n\t\t\t<dt class='gallery-icon landscape'>\n\t\t\t\t<a href='https:\/\/www.djk-erlangen.de\/fussball\/wp-content\/uploads\/2011\/06\/IMG_0665.jpg'><img loading=\"lazy\" decoding=\"async\" width=\"150\" height=\"100\" src=\"https:\/\/www.djk-erlangen.de\/fussball\/wp-content\/uploads\/2011\/06\/IMG_0665-150x100.jpg\" class=\"attachment-thumbnail size-thumbnail\" alt=\"\" srcset=\"https:\/\/www.djk-erlangen.de\/fussball\/wp-content\/uploads\/2011\/06\/IMG_0665-150x100.jpg 150w, https:\/\/www.djk-erlangen.de\/fussball\/wp-content\/uploads\/2011\/06\/IMG_0665-300x200.jpg 300w, https:\/\/www.djk-erlangen.de\/fussball\/wp-content\/uploads\/2011\/06\/IMG_0665.jpg 640w\" sizes=\"auto, (max-width: 150px) 100vw, 150px\" \/><\/a>\n\t\t\t<\/dt><\/dl><dl class='gallery-item'>\n\t\t\t<dt class='gallery-icon landscape'>\n\t\t\t\t<a href='https:\/\/www.djk-erlangen.de\/fussball\/wp-content\/uploads\/2011\/06\/IMG_0666.jpg'><img loading=\"lazy\" decoding=\"async\" width=\"150\" height=\"100\" src=\"https:\/\/www.djk-erlangen.de\/fussball\/wp-content\/uploads\/2011\/06\/IMG_0666-150x100.jpg\" class=\"attachment-thumbnail size-thumbnail\" alt=\"\" srcset=\"https:\/\/www.djk-erlangen.de\/fussball\/wp-content\/uploads\/2011\/06\/IMG_0666-150x100.jpg 150w, https:\/\/www.djk-erlangen.de\/fussball\/wp-content\/uploads\/2011\/06\/IMG_0666-300x200.jpg 300w, https:\/\/www.djk-erlangen.de\/fussball\/wp-content\/uploads\/2011\/06\/IMG_0666.jpg 640w\" sizes=\"auto, (max-width: 150px) 100vw, 150px\" \/><\/a>\n\t\t\t<\/dt><\/dl><br style=\"clear: both\" \/><dl class='gallery-item'>\n\t\t\t<dt class='gallery-icon landscape'>\n\t\t\t\t<a href='https:\/\/www.djk-erlangen.de\/fussball\/wp-content\/uploads\/2011\/06\/IMG_0667.jpg'><img loading=\"lazy\" decoding=\"async\" width=\"150\" height=\"100\" src=\"https:\/\/www.djk-erlangen.de\/fussball\/wp-content\/uploads\/2011\/06\/IMG_0667-150x100.jpg\" class=\"attachment-thumbnail size-thumbnail\" alt=\"\" srcset=\"https:\/\/www.djk-erlangen.de\/fussball\/wp-content\/uploads\/2011\/06\/IMG_0667-150x100.jpg 150w, https:\/\/www.djk-erlangen.de\/fussball\/wp-content\/uploads\/2011\/06\/IMG_0667-300x200.jpg 300w, https:\/\/www.djk-erlangen.de\/fussball\/wp-content\/uploads\/2011\/06\/IMG_0667.jpg 640w\" sizes=\"auto, (max-width: 150px) 100vw, 150px\" \/><\/a>\n\t\t\t<\/dt><\/dl><dl class='gallery-item'>\n\t\t\t<dt class='gallery-icon landscape'>\n\t\t\t\t<a href='https:\/\/www.djk-erlangen.de\/fussball\/wp-content\/uploads\/2011\/06\/IMG_0668.jpg'><img loading=\"lazy\" decoding=\"async\" width=\"150\" height=\"100\" src=\"https:\/\/www.djk-erlangen.de\/fussball\/wp-content\/uploads\/2011\/06\/IMG_0668-150x100.jpg\" class=\"attachment-thumbnail size-thumbnail\" alt=\"\" srcset=\"https:\/\/www.djk-erlangen.de\/fussball\/wp-content\/uploads\/2011\/06\/IMG_0668-150x100.jpg 150w, https:\/\/www.djk-erlangen.de\/fussball\/wp-content\/uploads\/2011\/06\/IMG_0668-300x200.jpg 300w, https:\/\/www.djk-erlangen.de\/fussball\/wp-content\/uploads\/2011\/06\/IMG_0668.jpg 640w\" sizes=\"auto, (max-width: 150px) 100vw, 150px\" \/><\/a>\n\t\t\t<\/dt><\/dl><dl class='gallery-item'>\n\t\t\t<dt class='gallery-icon landscape'>\n\t\t\t\t<a href='https:\/\/www.djk-erlangen.de\/fussball\/wp-content\/uploads\/2011\/06\/IMG_0670.jpg'><img loading=\"lazy\" decoding=\"async\" width=\"150\" height=\"100\" src=\"https:\/\/www.djk-erlangen.de\/fussball\/wp-content\/uploads\/2011\/06\/IMG_0670-150x100.jpg\" class=\"attachment-thumbnail size-thumbnail\" alt=\"\" srcset=\"https:\/\/www.djk-erlangen.de\/fussball\/wp-content\/uploads\/2011\/06\/IMG_0670-150x100.jpg 150w, https:\/\/www.djk-erlangen.de\/fussball\/wp-content\/uploads\/2011\/06\/IMG_0670-300x200.jpg 300w, https:\/\/www.djk-erlangen.de\/fussball\/wp-content\/uploads\/2011\/06\/IMG_0670.jpg 640w\" sizes=\"auto, (max-width: 150px) 100vw, 150px\" \/><\/a>\n\t\t\t<\/dt><\/dl><br style=\"clear: both\" \/><dl class='gallery-item'>\n\t\t\t<dt class='gallery-icon landscape'>\n\t\t\t\t<a href='https:\/\/www.djk-erlangen.de\/fussball\/wp-content\/uploads\/2011\/06\/IMG_0671.jpg'><img loading=\"lazy\" decoding=\"async\" width=\"150\" height=\"100\" src=\"https:\/\/www.djk-erlangen.de\/fussball\/wp-content\/uploads\/2011\/06\/IMG_0671-150x100.jpg\" class=\"attachment-thumbnail size-thumbnail\" alt=\"\" srcset=\"https:\/\/www.djk-erlangen.de\/fussball\/wp-content\/uploads\/2011\/06\/IMG_0671-150x100.jpg 150w, https:\/\/www.djk-erlangen.de\/fussball\/wp-content\/uploads\/2011\/06\/IMG_0671-300x200.jpg 300w, https:\/\/www.djk-erlangen.de\/fussball\/wp-content\/uploads\/2011\/06\/IMG_0671.jpg 640w\" sizes=\"auto, (max-width: 150px) 100vw, 150px\" \/><\/a>\n\t\t\t<\/dt><\/dl><dl class='gallery-item'>\n\t\t\t<dt class='gallery-icon landscape'>\n\t\t\t\t<a href='https:\/\/www.djk-erlangen.de\/fussball\/wp-content\/uploads\/2011\/06\/IMG_0648.jpg'><img loading=\"lazy\" decoding=\"async\" width=\"150\" height=\"100\" src=\"https:\/\/www.djk-erlangen.de\/fussball\/wp-content\/uploads\/2011\/06\/IMG_0648-150x100.jpg\" class=\"attachment-thumbnail size-thumbnail\" alt=\"\" srcset=\"https:\/\/www.djk-erlangen.de\/fussball\/wp-content\/uploads\/2011\/06\/IMG_0648-150x100.jpg 150w, https:\/\/www.djk-erlangen.de\/fussball\/wp-content\/uploads\/2011\/06\/IMG_0648-300x200.jpg 300w, https:\/\/www.djk-erlangen.de\/fussball\/wp-content\/uploads\/2011\/06\/IMG_0648.jpg 640w\" sizes=\"auto, (max-width: 150px) 100vw, 150px\" \/><\/a>\n\t\t\t<\/dt><\/dl><dl class='gallery-item'>\n\t\t\t<dt class='gallery-icon landscape'>\n\t\t\t\t<a href='https:\/\/www.djk-erlangen.de\/fussball\/wp-content\/uploads\/2011\/06\/IMG_0691.jpg'><img loading=\"lazy\" decoding=\"async\" width=\"150\" height=\"100\" src=\"https:\/\/www.djk-erlangen.de\/fussball\/wp-content\/uploads\/2011\/06\/IMG_0691-150x100.jpg\" class=\"attachment-thumbnail size-thumbnail\" alt=\"\" srcset=\"https:\/\/www.djk-erlangen.de\/fussball\/wp-content\/uploads\/2011\/06\/IMG_0691-150x100.jpg 150w, https:\/\/www.djk-erlangen.de\/fussball\/wp-content\/uploads\/2011\/06\/IMG_0691-300x200.jpg 300w, https:\/\/www.djk-erlangen.de\/fussball\/wp-content\/uploads\/2011\/06\/IMG_0691.jpg 640w\" sizes=\"auto, (max-width: 150px) 100vw, 150px\" \/><\/a>\n\t\t\t<\/dt><\/dl><br style=\"clear: both\" \/><dl class='gallery-item'>\n\t\t\t<dt class='gallery-icon landscape'>\n\t\t\t\t<a href='https:\/\/www.djk-erlangen.de\/fussball\/wp-content\/uploads\/2011\/06\/IMG_0672.jpg'><img loading=\"lazy\" decoding=\"async\" width=\"150\" height=\"100\" src=\"https:\/\/www.djk-erlangen.de\/fussball\/wp-content\/uploads\/2011\/06\/IMG_0672-150x100.jpg\" class=\"attachment-thumbnail size-thumbnail\" alt=\"\" srcset=\"https:\/\/www.djk-erlangen.de\/fussball\/wp-content\/uploads\/2011\/06\/IMG_0672-150x100.jpg 150w, https:\/\/www.djk-erlangen.de\/fussball\/wp-content\/uploads\/2011\/06\/IMG_0672-300x200.jpg 300w, https:\/\/www.djk-erlangen.de\/fussball\/wp-content\/uploads\/2011\/06\/IMG_0672.jpg 640w\" sizes=\"auto, (max-width: 150px) 100vw, 150px\" \/><\/a>\n\t\t\t<\/dt><\/dl><dl class='gallery-item'>\n\t\t\t<dt class='gallery-icon landscape'>\n\t\t\t\t<a href='https:\/\/www.djk-erlangen.de\/fussball\/wp-content\/uploads\/2011\/06\/IMG_0673.jpg'><img loading=\"lazy\" decoding=\"async\" width=\"150\" height=\"100\" src=\"https:\/\/www.djk-erlangen.de\/fussball\/wp-content\/uploads\/2011\/06\/IMG_0673-150x100.jpg\" class=\"attachment-thumbnail size-thumbnail\" alt=\"\" srcset=\"https:\/\/www.djk-erlangen.de\/fussball\/wp-content\/uploads\/2011\/06\/IMG_0673-150x100.jpg 150w, https:\/\/www.djk-erlangen.de\/fussball\/wp-content\/uploads\/2011\/06\/IMG_0673-300x200.jpg 300w, https:\/\/www.djk-erlangen.de\/fussball\/wp-content\/uploads\/2011\/06\/IMG_0673.jpg 640w\" sizes=\"auto, (max-width: 150px) 100vw, 150px\" \/><\/a>\n\t\t\t<\/dt><\/dl><dl class='gallery-item'>\n\t\t\t<dt class='gallery-icon landscape'>\n\t\t\t\t<a href='https:\/\/www.djk-erlangen.de\/fussball\/wp-content\/uploads\/2011\/06\/IMG_06731.jpg'><img loading=\"lazy\" decoding=\"async\" width=\"150\" height=\"100\" src=\"https:\/\/www.djk-erlangen.de\/fussball\/wp-content\/uploads\/2011\/06\/IMG_06731-150x100.jpg\" class=\"attachment-thumbnail size-thumbnail\" alt=\"\" srcset=\"https:\/\/www.djk-erlangen.de\/fussball\/wp-content\/uploads\/2011\/06\/IMG_06731-150x100.jpg 150w, https:\/\/www.djk-erlangen.de\/fussball\/wp-content\/uploads\/2011\/06\/IMG_06731-300x200.jpg 300w, https:\/\/www.djk-erlangen.de\/fussball\/wp-content\/uploads\/2011\/06\/IMG_06731.jpg 640w\" sizes=\"auto, (max-width: 150px) 100vw, 150px\" \/><\/a>\n\t\t\t<\/dt><\/dl><br style=\"clear: both\" \/><dl class='gallery-item'>\n\t\t\t<dt class='gallery-icon landscape'>\n\t\t\t\t<a href='https:\/\/www.djk-erlangen.de\/fussball\/wp-content\/uploads\/2011\/06\/IMG_0674.jpg'><img loading=\"lazy\" decoding=\"async\" width=\"150\" height=\"100\" src=\"https:\/\/www.djk-erlangen.de\/fussball\/wp-content\/uploads\/2011\/06\/IMG_0674-150x100.jpg\" class=\"attachment-thumbnail size-thumbnail\" alt=\"\" srcset=\"https:\/\/www.djk-erlangen.de\/fussball\/wp-content\/uploads\/2011\/06\/IMG_0674-150x100.jpg 150w, https:\/\/www.djk-erlangen.de\/fussball\/wp-content\/uploads\/2011\/06\/IMG_0674-300x200.jpg 300w, https:\/\/www.djk-erlangen.de\/fussball\/wp-content\/uploads\/2011\/06\/IMG_0674.jpg 640w\" sizes=\"auto, (max-width: 150px) 100vw, 150px\" \/><\/a>\n\t\t\t<\/dt><\/dl><dl class='gallery-item'>\n\t\t\t<dt class='gallery-icon landscape'>\n\t\t\t\t<a href='https:\/\/www.djk-erlangen.de\/fussball\/wp-content\/uploads\/2011\/06\/IMG_0675.jpg'><img loading=\"lazy\" decoding=\"async\" width=\"150\" height=\"100\" src=\"https:\/\/www.djk-erlangen.de\/fussball\/wp-content\/uploads\/2011\/06\/IMG_0675-150x100.jpg\" class=\"attachment-thumbnail size-thumbnail\" alt=\"\" srcset=\"https:\/\/www.djk-erlangen.de\/fussball\/wp-content\/uploads\/2011\/06\/IMG_0675-150x100.jpg 150w, https:\/\/www.djk-erlangen.de\/fussball\/wp-content\/uploads\/2011\/06\/IMG_0675-300x200.jpg 300w, https:\/\/www.djk-erlangen.de\/fussball\/wp-content\/uploads\/2011\/06\/IMG_0675.jpg 640w\" sizes=\"auto, (max-width: 150px) 100vw, 150px\" \/><\/a>\n\t\t\t<\/dt><\/dl><dl class='gallery-item'>\n\t\t\t<dt class='gallery-icon landscape'>\n\t\t\t\t<a href='https:\/\/www.djk-erlangen.de\/fussball\/wp-content\/uploads\/2011\/06\/IMG_0677.jpg'><img loading=\"lazy\" decoding=\"async\" width=\"150\" height=\"100\" src=\"https:\/\/www.djk-erlangen.de\/fussball\/wp-content\/uploads\/2011\/06\/IMG_0677-150x100.jpg\" class=\"attachment-thumbnail size-thumbnail\" alt=\"\" srcset=\"https:\/\/www.djk-erlangen.de\/fussball\/wp-content\/uploads\/2011\/06\/IMG_0677-150x100.jpg 150w, https:\/\/www.djk-erlangen.de\/fussball\/wp-content\/uploads\/2011\/06\/IMG_0677-300x200.jpg 300w, https:\/\/www.djk-erlangen.de\/fussball\/wp-content\/uploads\/2011\/06\/IMG_0677.jpg 640w\" sizes=\"auto, (max-width: 150px) 100vw, 150px\" \/><\/a>\n\t\t\t<\/dt><\/dl><br style=\"clear: both\" \/><dl class='gallery-item'>\n\t\t\t<dt class='gallery-icon landscape'>\n\t\t\t\t<a href='https:\/\/www.djk-erlangen.de\/fussball\/wp-content\/uploads\/2011\/06\/IMG_0678.jpg'><img loading=\"lazy\" decoding=\"async\" width=\"150\" height=\"100\" src=\"https:\/\/www.djk-erlangen.de\/fussball\/wp-content\/uploads\/2011\/06\/IMG_0678-150x100.jpg\" class=\"attachment-thumbnail size-thumbnail\" alt=\"\" srcset=\"https:\/\/www.djk-erlangen.de\/fussball\/wp-content\/uploads\/2011\/06\/IMG_0678-150x100.jpg 150w, https:\/\/www.djk-erlangen.de\/fussball\/wp-content\/uploads\/2011\/06\/IMG_0678-300x200.jpg 300w, https:\/\/www.djk-erlangen.de\/fussball\/wp-content\/uploads\/2011\/06\/IMG_0678.jpg 640w\" sizes=\"auto, (max-width: 150px) 100vw, 150px\" \/><\/a>\n\t\t\t<\/dt><\/dl><dl class='gallery-item'>\n\t\t\t<dt class='gallery-icon landscape'>\n\t\t\t\t<a href='https:\/\/www.djk-erlangen.de\/fussball\/wp-content\/uploads\/2011\/06\/IMG_0644.jpg'><img loading=\"lazy\" decoding=\"async\" width=\"150\" height=\"100\" src=\"https:\/\/www.djk-erlangen.de\/fussball\/wp-content\/uploads\/2011\/06\/IMG_0644-150x100.jpg\" class=\"attachment-thumbnail size-thumbnail\" alt=\"\" srcset=\"https:\/\/www.djk-erlangen.de\/fussball\/wp-content\/uploads\/2011\/06\/IMG_0644-150x100.jpg 150w, https:\/\/www.djk-erlangen.de\/fussball\/wp-content\/uploads\/2011\/06\/IMG_0644-300x200.jpg 300w, https:\/\/www.djk-erlangen.de\/fussball\/wp-content\/uploads\/2011\/06\/IMG_0644.jpg 640w\" sizes=\"auto, (max-width: 150px) 100vw, 150px\" \/><\/a>\n\t\t\t<\/dt><\/dl><dl class='gallery-item'>\n\t\t\t<dt class='gallery-icon landscape'>\n\t\t\t\t<a href='https:\/\/www.djk-erlangen.de\/fussball\/wp-content\/uploads\/2011\/06\/IMG_06451.jpg'><img loading=\"lazy\" decoding=\"async\" width=\"150\" height=\"100\" src=\"https:\/\/www.djk-erlangen.de\/fussball\/wp-content\/uploads\/2011\/06\/IMG_06451-150x100.jpg\" class=\"attachment-thumbnail size-thumbnail\" alt=\"\" srcset=\"https:\/\/www.djk-erlangen.de\/fussball\/wp-content\/uploads\/2011\/06\/IMG_06451-150x100.jpg 150w, https:\/\/www.djk-erlangen.de\/fussball\/wp-content\/uploads\/2011\/06\/IMG_06451-300x200.jpg 300w, https:\/\/www.djk-erlangen.de\/fussball\/wp-content\/uploads\/2011\/06\/IMG_06451.jpg 640w\" sizes=\"auto, (max-width: 150px) 100vw, 150px\" \/><\/a>\n\t\t\t<\/dt><\/dl><br style=\"clear: both\" \/><dl class='gallery-item'>\n\t\t\t<dt class='gallery-icon landscape'>\n\t\t\t\t<a href='https:\/\/www.djk-erlangen.de\/fussball\/wp-content\/uploads\/2011\/06\/IMG_06461.jpg'><img loading=\"lazy\" decoding=\"async\" width=\"150\" height=\"100\" src=\"https:\/\/www.djk-erlangen.de\/fussball\/wp-content\/uploads\/2011\/06\/IMG_06461-150x100.jpg\" class=\"attachment-thumbnail size-thumbnail\" alt=\"\" srcset=\"https:\/\/www.djk-erlangen.de\/fussball\/wp-content\/uploads\/2011\/06\/IMG_06461-150x100.jpg 150w, https:\/\/www.djk-erlangen.de\/fussball\/wp-content\/uploads\/2011\/06\/IMG_06461-300x200.jpg 300w, https:\/\/www.djk-erlangen.de\/fussball\/wp-content\/uploads\/2011\/06\/IMG_06461.jpg 640w\" sizes=\"auto, (max-width: 150px) 100vw, 150px\" \/><\/a>\n\t\t\t<\/dt><\/dl><dl class='gallery-item'>\n\t\t\t<dt class='gallery-icon landscape'>\n\t\t\t\t<a href='https:\/\/www.djk-erlangen.de\/fussball\/wp-content\/uploads\/2011\/06\/IMG_06471.jpg'><img loading=\"lazy\" decoding=\"async\" width=\"150\" height=\"100\" src=\"https:\/\/www.djk-erlangen.de\/fussball\/wp-content\/uploads\/2011\/06\/IMG_06471-150x100.jpg\" class=\"attachment-thumbnail size-thumbnail\" alt=\"\" srcset=\"https:\/\/www.djk-erlangen.de\/fussball\/wp-content\/uploads\/2011\/06\/IMG_06471-150x100.jpg 150w, https:\/\/www.djk-erlangen.de\/fussball\/wp-content\/uploads\/2011\/06\/IMG_06471-300x200.jpg 300w, https:\/\/www.djk-erlangen.de\/fussball\/wp-content\/uploads\/2011\/06\/IMG_06471.jpg 640w\" sizes=\"auto, (max-width: 150px) 100vw, 150px\" \/><\/a>\n\t\t\t<\/dt><\/dl><dl class='gallery-item'>\n\t\t\t<dt class='gallery-icon landscape'>\n\t\t\t\t<a href='https:\/\/www.djk-erlangen.de\/fussball\/wp-content\/uploads\/2011\/06\/IMG_06491.jpg'><img loading=\"lazy\" decoding=\"async\" width=\"150\" height=\"100\" src=\"https:\/\/www.djk-erlangen.de\/fussball\/wp-content\/uploads\/2011\/06\/IMG_06491-150x100.jpg\" class=\"attachment-thumbnail size-thumbnail\" alt=\"\" srcset=\"https:\/\/www.djk-erlangen.de\/fussball\/wp-content\/uploads\/2011\/06\/IMG_06491-150x100.jpg 150w, https:\/\/www.djk-erlangen.de\/fussball\/wp-content\/uploads\/2011\/06\/IMG_06491-300x200.jpg 300w, https:\/\/www.djk-erlangen.de\/fussball\/wp-content\/uploads\/2011\/06\/IMG_06491.jpg 640w\" sizes=\"auto, (max-width: 150px) 100vw, 150px\" \/><\/a>\n\t\t\t<\/dt><\/dl><br style=\"clear: both\" \/><dl class='gallery-item'>\n\t\t\t<dt class='gallery-icon landscape'>\n\t\t\t\t<a href='https:\/\/www.djk-erlangen.de\/fussball\/wp-content\/uploads\/2011\/06\/IMG_0650.jpg'><img loading=\"lazy\" decoding=\"async\" width=\"150\" height=\"100\" src=\"https:\/\/www.djk-erlangen.de\/fussball\/wp-content\/uploads\/2011\/06\/IMG_0650-150x100.jpg\" class=\"attachment-thumbnail size-thumbnail\" alt=\"\" srcset=\"https:\/\/www.djk-erlangen.de\/fussball\/wp-content\/uploads\/2011\/06\/IMG_0650-150x100.jpg 150w, https:\/\/www.djk-erlangen.de\/fussball\/wp-content\/uploads\/2011\/06\/IMG_0650-300x200.jpg 300w, https:\/\/www.djk-erlangen.de\/fussball\/wp-content\/uploads\/2011\/06\/IMG_0650.jpg 640w\" sizes=\"auto, (max-width: 150px) 100vw, 150px\" \/><\/a>\n\t\t\t<\/dt><\/dl><dl class='gallery-item'>\n\t\t\t<dt class='gallery-icon landscape'>\n\t\t\t\t<a href='https:\/\/www.djk-erlangen.de\/fussball\/wp-content\/uploads\/2011\/06\/IMG_0651.jpg'><img loading=\"lazy\" decoding=\"async\" width=\"150\" height=\"100\" src=\"https:\/\/www.djk-erlangen.de\/fussball\/wp-content\/uploads\/2011\/06\/IMG_0651-150x100.jpg\" class=\"attachment-thumbnail size-thumbnail\" alt=\"\" srcset=\"https:\/\/www.djk-erlangen.de\/fussball\/wp-content\/uploads\/2011\/06\/IMG_0651-150x100.jpg 150w, https:\/\/www.djk-erlangen.de\/fussball\/wp-content\/uploads\/2011\/06\/IMG_0651-300x200.jpg 300w, https:\/\/www.djk-erlangen.de\/fussball\/wp-content\/uploads\/2011\/06\/IMG_0651.jpg 640w\" sizes=\"auto, (max-width: 150px) 100vw, 150px\" \/><\/a>\n\t\t\t<\/dt><\/dl><dl class='gallery-item'>\n\t\t\t<dt class='gallery-icon landscape'>\n\t\t\t\t<a href='https:\/\/www.djk-erlangen.de\/fussball\/wp-content\/uploads\/2011\/06\/IMG_06521.jpg'><img loading=\"lazy\" decoding=\"async\" width=\"150\" height=\"100\" src=\"https:\/\/www.djk-erlangen.de\/fussball\/wp-content\/uploads\/2011\/06\/IMG_06521-150x100.jpg\" class=\"attachment-thumbnail size-thumbnail\" alt=\"\" srcset=\"https:\/\/www.djk-erlangen.de\/fussball\/wp-content\/uploads\/2011\/06\/IMG_06521-150x100.jpg 150w, https:\/\/www.djk-erlangen.de\/fussball\/wp-content\/uploads\/2011\/06\/IMG_06521-300x200.jpg 300w, https:\/\/www.djk-erlangen.de\/fussball\/wp-content\/uploads\/2011\/06\/IMG_06521.jpg 640w\" sizes=\"auto, (max-width: 150px) 100vw, 150px\" \/><\/a>\n\t\t\t<\/dt><\/dl><br style=\"clear: both\" \/><dl class='gallery-item'>\n\t\t\t<dt class='gallery-icon landscape'>\n\t\t\t\t<a href='https:\/\/www.djk-erlangen.de\/fussball\/wp-content\/uploads\/2011\/06\/IMG_0653.jpg'><img loading=\"lazy\" decoding=\"async\" width=\"150\" height=\"100\" src=\"https:\/\/www.djk-erlangen.de\/fussball\/wp-content\/uploads\/2011\/06\/IMG_0653-150x100.jpg\" class=\"attachment-thumbnail size-thumbnail\" alt=\"\" srcset=\"https:\/\/www.djk-erlangen.de\/fussball\/wp-content\/uploads\/2011\/06\/IMG_0653-150x100.jpg 150w, https:\/\/www.djk-erlangen.de\/fussball\/wp-content\/uploads\/2011\/06\/IMG_0653-300x200.jpg 300w, https:\/\/www.djk-erlangen.de\/fussball\/wp-content\/uploads\/2011\/06\/IMG_0653.jpg 640w\" sizes=\"auto, (max-width: 150px) 100vw, 150px\" \/><\/a>\n\t\t\t<\/dt><\/dl><dl class='gallery-item'>\n\t\t\t<dt class='gallery-icon landscape'>\n\t\t\t\t<a href='https:\/\/www.djk-erlangen.de\/fussball\/wp-content\/uploads\/2011\/06\/IMG_0654.jpg'><img loading=\"lazy\" decoding=\"async\" width=\"150\" height=\"100\" src=\"https:\/\/www.djk-erlangen.de\/fussball\/wp-content\/uploads\/2011\/06\/IMG_0654-150x100.jpg\" class=\"attachment-thumbnail size-thumbnail\" alt=\"\" srcset=\"https:\/\/www.djk-erlangen.de\/fussball\/wp-content\/uploads\/2011\/06\/IMG_0654-150x100.jpg 150w, https:\/\/www.djk-erlangen.de\/fussball\/wp-content\/uploads\/2011\/06\/IMG_0654-300x200.jpg 300w, https:\/\/www.djk-erlangen.de\/fussball\/wp-content\/uploads\/2011\/06\/IMG_0654.jpg 640w\" sizes=\"auto, (max-width: 150px) 100vw, 150px\" \/><\/a>\n\t\t\t<\/dt><\/dl><dl class='gallery-item'>\n\t\t\t<dt class='gallery-icon landscape'>\n\t\t\t\t<a href='https:\/\/www.djk-erlangen.de\/fussball\/wp-content\/uploads\/2011\/06\/IMG_0655.jpg'><img loading=\"lazy\" decoding=\"async\" width=\"150\" height=\"100\" src=\"https:\/\/www.djk-erlangen.de\/fussball\/wp-content\/uploads\/2011\/06\/IMG_0655-150x100.jpg\" class=\"attachment-thumbnail size-thumbnail\" alt=\"\" srcset=\"https:\/\/www.djk-erlangen.de\/fussball\/wp-content\/uploads\/2011\/06\/IMG_0655-150x100.jpg 150w, https:\/\/www.djk-erlangen.de\/fussball\/wp-content\/uploads\/2011\/06\/IMG_0655-300x200.jpg 300w, https:\/\/www.djk-erlangen.de\/fussball\/wp-content\/uploads\/2011\/06\/IMG_0655.jpg 640w\" sizes=\"auto, (max-width: 150px) 100vw, 150px\" \/><\/a>\n\t\t\t<\/dt><\/dl><br style=\"clear: both\" \/><dl class='gallery-item'>\n\t\t\t<dt class='gallery-icon landscape'>\n\t\t\t\t<a href='https:\/\/www.djk-erlangen.de\/fussball\/wp-content\/uploads\/2011\/06\/IMG_06561.jpg'><img loading=\"lazy\" decoding=\"async\" width=\"150\" height=\"100\" src=\"https:\/\/www.djk-erlangen.de\/fussball\/wp-content\/uploads\/2011\/06\/IMG_06561-150x100.jpg\" class=\"attachment-thumbnail size-thumbnail\" alt=\"\" srcset=\"https:\/\/www.djk-erlangen.de\/fussball\/wp-content\/uploads\/2011\/06\/IMG_06561-150x100.jpg 150w, https:\/\/www.djk-erlangen.de\/fussball\/wp-content\/uploads\/2011\/06\/IMG_06561-300x200.jpg 300w, https:\/\/www.djk-erlangen.de\/fussball\/wp-content\/uploads\/2011\/06\/IMG_06561.jpg 640w\" sizes=\"auto, (max-width: 150px) 100vw, 150px\" \/><\/a>\n\t\t\t<\/dt><\/dl><dl class='gallery-item'>\n\t\t\t<dt class='gallery-icon landscape'>\n\t\t\t\t<a href='https:\/\/www.djk-erlangen.de\/fussball\/wp-content\/uploads\/2011\/06\/IMG_06571.jpg'><img loading=\"lazy\" decoding=\"async\" width=\"150\" height=\"100\" src=\"https:\/\/www.djk-erlangen.de\/fussball\/wp-content\/uploads\/2011\/06\/IMG_06571-150x100.jpg\" class=\"attachment-thumbnail size-thumbnail\" alt=\"\" srcset=\"https:\/\/www.djk-erlangen.de\/fussball\/wp-content\/uploads\/2011\/06\/IMG_06571-150x100.jpg 150w, https:\/\/www.djk-erlangen.de\/fussball\/wp-content\/uploads\/2011\/06\/IMG_06571-300x200.jpg 300w, https:\/\/www.djk-erlangen.de\/fussball\/wp-content\/uploads\/2011\/06\/IMG_06571.jpg 640w\" sizes=\"auto, (max-width: 150px) 100vw, 150px\" \/><\/a>\n\t\t\t<\/dt><\/dl><dl class='gallery-item'>\n\t\t\t<dt class='gallery-icon landscape'>\n\t\t\t\t<a href='https:\/\/www.djk-erlangen.de\/fussball\/wp-content\/uploads\/2011\/06\/IMG_06581.jpg'><img loading=\"lazy\" decoding=\"async\" width=\"150\" height=\"100\" src=\"https:\/\/www.djk-erlangen.de\/fussball\/wp-content\/uploads\/2011\/06\/IMG_06581-150x100.jpg\" class=\"attachment-thumbnail size-thumbnail\" alt=\"\" srcset=\"https:\/\/www.djk-erlangen.de\/fussball\/wp-content\/uploads\/2011\/06\/IMG_06581-150x100.jpg 150w, https:\/\/www.djk-erlangen.de\/fussball\/wp-content\/uploads\/2011\/06\/IMG_06581-300x200.jpg 300w, https:\/\/www.djk-erlangen.de\/fussball\/wp-content\/uploads\/2011\/06\/IMG_06581.jpg 640w\" sizes=\"auto, (max-width: 150px) 100vw, 150px\" \/><\/a>\n\t\t\t<\/dt><\/dl><br style=\"clear: both\" \/><dl class='gallery-item'>\n\t\t\t<dt class='gallery-icon landscape'>\n\t\t\t\t<a href='https:\/\/www.djk-erlangen.de\/fussball\/wp-content\/uploads\/2011\/06\/IMG_06591.jpg'><img loading=\"lazy\" decoding=\"async\" width=\"150\" height=\"100\" src=\"https:\/\/www.djk-erlangen.de\/fussball\/wp-content\/uploads\/2011\/06\/IMG_06591-150x100.jpg\" class=\"attachment-thumbnail size-thumbnail\" alt=\"\" srcset=\"https:\/\/www.djk-erlangen.de\/fussball\/wp-content\/uploads\/2011\/06\/IMG_06591-150x100.jpg 150w, https:\/\/www.djk-erlangen.de\/fussball\/wp-content\/uploads\/2011\/06\/IMG_06591-300x200.jpg 300w, https:\/\/www.djk-erlangen.de\/fussball\/wp-content\/uploads\/2011\/06\/IMG_06591.jpg 640w\" sizes=\"auto, (max-width: 150px) 100vw, 150px\" \/><\/a>\n\t\t\t<\/dt><\/dl><dl class='gallery-item'>\n\t\t\t<dt class='gallery-icon landscape'>\n\t\t\t\t<a href='https:\/\/www.djk-erlangen.de\/fussball\/wp-content\/uploads\/2011\/06\/IMG_06601.jpg'><img loading=\"lazy\" decoding=\"async\" width=\"150\" height=\"100\" src=\"https:\/\/www.djk-erlangen.de\/fussball\/wp-content\/uploads\/2011\/06\/IMG_06601-150x100.jpg\" class=\"attachment-thumbnail size-thumbnail\" alt=\"\" srcset=\"https:\/\/www.djk-erlangen.de\/fussball\/wp-content\/uploads\/2011\/06\/IMG_06601-150x100.jpg 150w, https:\/\/www.djk-erlangen.de\/fussball\/wp-content\/uploads\/2011\/06\/IMG_06601-300x200.jpg 300w, https:\/\/www.djk-erlangen.de\/fussball\/wp-content\/uploads\/2011\/06\/IMG_06601.jpg 640w\" sizes=\"auto, (max-width: 150px) 100vw, 150px\" \/><\/a>\n\t\t\t<\/dt><\/dl><dl class='gallery-item'>\n\t\t\t<dt class='gallery-icon landscape'>\n\t\t\t\t<a href='https:\/\/www.djk-erlangen.de\/fussball\/wp-content\/uploads\/2011\/06\/IMG_06611.jpg'><img loading=\"lazy\" decoding=\"async\" width=\"150\" height=\"100\" src=\"https:\/\/www.djk-erlangen.de\/fussball\/wp-content\/uploads\/2011\/06\/IMG_06611-150x100.jpg\" class=\"attachment-thumbnail size-thumbnail\" alt=\"\" srcset=\"https:\/\/www.djk-erlangen.de\/fussball\/wp-content\/uploads\/2011\/06\/IMG_06611-150x100.jpg 150w, https:\/\/www.djk-erlangen.de\/fussball\/wp-content\/uploads\/2011\/06\/IMG_06611-300x200.jpg 300w, https:\/\/www.djk-erlangen.de\/fussball\/wp-content\/uploads\/2011\/06\/IMG_06611.jpg 640w\" sizes=\"auto, (max-width: 150px) 100vw, 150px\" \/><\/a>\n\t\t\t<\/dt><\/dl><br style=\"clear: both\" \/><dl class='gallery-item'>\n\t\t\t<dt class='gallery-icon landscape'>\n\t\t\t\t<a href='https:\/\/www.djk-erlangen.de\/fussball\/wp-content\/uploads\/2011\/06\/IMG_06631.jpg'><img loading=\"lazy\" decoding=\"async\" width=\"150\" height=\"100\" src=\"https:\/\/www.djk-erlangen.de\/fussball\/wp-content\/uploads\/2011\/06\/IMG_06631-150x100.jpg\" class=\"attachment-thumbnail size-thumbnail\" alt=\"\" srcset=\"https:\/\/www.djk-erlangen.de\/fussball\/wp-content\/uploads\/2011\/06\/IMG_06631-150x100.jpg 150w, https:\/\/www.djk-erlangen.de\/fussball\/wp-content\/uploads\/2011\/06\/IMG_06631-300x200.jpg 300w, https:\/\/www.djk-erlangen.de\/fussball\/wp-content\/uploads\/2011\/06\/IMG_06631.jpg 640w\" sizes=\"auto, (max-width: 150px) 100vw, 150px\" \/><\/a>\n\t\t\t<\/dt><\/dl><dl class='gallery-item'>\n\t\t\t<dt class='gallery-icon landscape'>\n\t\t\t\t<a href='https:\/\/www.djk-erlangen.de\/fussball\/wp-content\/uploads\/2011\/06\/IMG_06641.jpg'><img loading=\"lazy\" decoding=\"async\" width=\"150\" height=\"100\" src=\"https:\/\/www.djk-erlangen.de\/fussball\/wp-content\/uploads\/2011\/06\/IMG_06641-150x100.jpg\" class=\"attachment-thumbnail size-thumbnail\" alt=\"\" srcset=\"https:\/\/www.djk-erlangen.de\/fussball\/wp-content\/uploads\/2011\/06\/IMG_06641-150x100.jpg 150w, https:\/\/www.djk-erlangen.de\/fussball\/wp-content\/uploads\/2011\/06\/IMG_06641-300x200.jpg 300w, https:\/\/www.djk-erlangen.de\/fussball\/wp-content\/uploads\/2011\/06\/IMG_06641.jpg 640w\" sizes=\"auto, (max-width: 150px) 100vw, 150px\" \/><\/a>\n\t\t\t<\/dt><\/dl><dl class='gallery-item'>\n\t\t\t<dt class='gallery-icon landscape'>\n\t\t\t\t<a href='https:\/\/www.djk-erlangen.de\/fussball\/wp-content\/uploads\/2011\/06\/IMG_06651.jpg'><img loading=\"lazy\" decoding=\"async\" width=\"150\" height=\"100\" src=\"https:\/\/www.djk-erlangen.de\/fussball\/wp-content\/uploads\/2011\/06\/IMG_06651-150x100.jpg\" class=\"attachment-thumbnail size-thumbnail\" alt=\"\" srcset=\"https:\/\/www.djk-erlangen.de\/fussball\/wp-content\/uploads\/2011\/06\/IMG_06651-150x100.jpg 150w, https:\/\/www.djk-erlangen.de\/fussball\/wp-content\/uploads\/2011\/06\/IMG_06651-300x200.jpg 300w, https:\/\/www.djk-erlangen.de\/fussball\/wp-content\/uploads\/2011\/06\/IMG_06651.jpg 640w\" sizes=\"auto, (max-width: 150px) 100vw, 150px\" \/><\/a>\n\t\t\t<\/dt><\/dl><br style=\"clear: both\" \/><dl class='gallery-item'>\n\t\t\t<dt class='gallery-icon landscape'>\n\t\t\t\t<a href='https:\/\/www.djk-erlangen.de\/fussball\/wp-content\/uploads\/2011\/06\/IMG_06661.jpg'><img loading=\"lazy\" decoding=\"async\" width=\"150\" height=\"100\" src=\"https:\/\/www.djk-erlangen.de\/fussball\/wp-content\/uploads\/2011\/06\/IMG_06661-150x100.jpg\" class=\"attachment-thumbnail size-thumbnail\" alt=\"\" srcset=\"https:\/\/www.djk-erlangen.de\/fussball\/wp-content\/uploads\/2011\/06\/IMG_06661-150x100.jpg 150w, https:\/\/www.djk-erlangen.de\/fussball\/wp-content\/uploads\/2011\/06\/IMG_06661-300x200.jpg 300w, https:\/\/www.djk-erlangen.de\/fussball\/wp-content\/uploads\/2011\/06\/IMG_06661.jpg 640w\" sizes=\"auto, (max-width: 150px) 100vw, 150px\" \/><\/a>\n\t\t\t<\/dt><\/dl><dl class='gallery-item'>\n\t\t\t<dt class='gallery-icon landscape'>\n\t\t\t\t<a href='https:\/\/www.djk-erlangen.de\/fussball\/wp-content\/uploads\/2011\/06\/IMG_06671.jpg'><img loading=\"lazy\" decoding=\"async\" width=\"150\" height=\"100\" src=\"https:\/\/www.djk-erlangen.de\/fussball\/wp-content\/uploads\/2011\/06\/IMG_06671-150x100.jpg\" class=\"attachment-thumbnail size-thumbnail\" alt=\"\" srcset=\"https:\/\/www.djk-erlangen.de\/fussball\/wp-content\/uploads\/2011\/06\/IMG_06671-150x100.jpg 150w, https:\/\/www.djk-erlangen.de\/fussball\/wp-content\/uploads\/2011\/06\/IMG_06671-300x200.jpg 300w, https:\/\/www.djk-erlangen.de\/fussball\/wp-content\/uploads\/2011\/06\/IMG_06671.jpg 640w\" sizes=\"auto, (max-width: 150px) 100vw, 150px\" \/><\/a>\n\t\t\t<\/dt><\/dl><dl class='gallery-item'>\n\t\t\t<dt class='gallery-icon landscape'>\n\t\t\t\t<a href='https:\/\/www.djk-erlangen.de\/fussball\/wp-content\/uploads\/2011\/06\/IMG_06681.jpg'><img loading=\"lazy\" decoding=\"async\" width=\"150\" height=\"100\" src=\"https:\/\/www.djk-erlangen.de\/fussball\/wp-content\/uploads\/2011\/06\/IMG_06681-150x100.jpg\" class=\"attachment-thumbnail size-thumbnail\" alt=\"\" srcset=\"https:\/\/www.djk-erlangen.de\/fussball\/wp-content\/uploads\/2011\/06\/IMG_06681-150x100.jpg 150w, https:\/\/www.djk-erlangen.de\/fussball\/wp-content\/uploads\/2011\/06\/IMG_06681-300x200.jpg 300w, https:\/\/www.djk-erlangen.de\/fussball\/wp-content\/uploads\/2011\/06\/IMG_06681.jpg 640w\" sizes=\"auto, (max-width: 150px) 100vw, 150px\" \/><\/a>\n\t\t\t<\/dt><\/dl><br style=\"clear: both\" \/><dl class='gallery-item'>\n\t\t\t<dt class='gallery-icon landscape'>\n\t\t\t\t<a href='https:\/\/www.djk-erlangen.de\/fussball\/wp-content\/uploads\/2011\/06\/IMG_0669.jpg'><img loading=\"lazy\" decoding=\"async\" width=\"150\" height=\"100\" src=\"https:\/\/www.djk-erlangen.de\/fussball\/wp-content\/uploads\/2011\/06\/IMG_0669-150x100.jpg\" class=\"attachment-thumbnail size-thumbnail\" alt=\"\" srcset=\"https:\/\/www.djk-erlangen.de\/fussball\/wp-content\/uploads\/2011\/06\/IMG_0669-150x100.jpg 150w, https:\/\/www.djk-erlangen.de\/fussball\/wp-content\/uploads\/2011\/06\/IMG_0669-300x200.jpg 300w, https:\/\/www.djk-erlangen.de\/fussball\/wp-content\/uploads\/2011\/06\/IMG_0669.jpg 640w\" sizes=\"auto, (max-width: 150px) 100vw, 150px\" \/><\/a>\n\t\t\t<\/dt><\/dl><dl class='gallery-item'>\n\t\t\t<dt class='gallery-icon landscape'>\n\t\t\t\t<a href='https:\/\/www.djk-erlangen.de\/fussball\/wp-content\/uploads\/2011\/06\/IMG_06462.jpg'><img loading=\"lazy\" decoding=\"async\" width=\"150\" height=\"100\" src=\"https:\/\/www.djk-erlangen.de\/fussball\/wp-content\/uploads\/2011\/06\/IMG_06462-150x100.jpg\" class=\"attachment-thumbnail size-thumbnail\" alt=\"\" srcset=\"https:\/\/www.djk-erlangen.de\/fussball\/wp-content\/uploads\/2011\/06\/IMG_06462-150x100.jpg 150w, https:\/\/www.djk-erlangen.de\/fussball\/wp-content\/uploads\/2011\/06\/IMG_06462-300x200.jpg 300w, https:\/\/www.djk-erlangen.de\/fussball\/wp-content\/uploads\/2011\/06\/IMG_06462.jpg 640w\" sizes=\"auto, (max-width: 150px) 100vw, 150px\" \/><\/a>\n\t\t\t<\/dt><\/dl><dl class='gallery-item'>\n\t\t\t<dt class='gallery-icon landscape'>\n\t\t\t\t<a href='https:\/\/www.djk-erlangen.de\/fussball\/wp-content\/uploads\/2011\/06\/IMG_06522.jpg'><img loading=\"lazy\" decoding=\"async\" width=\"150\" height=\"100\" src=\"https:\/\/www.djk-erlangen.de\/fussball\/wp-content\/uploads\/2011\/06\/IMG_06522-150x100.jpg\" class=\"attachment-thumbnail size-thumbnail\" alt=\"\" srcset=\"https:\/\/www.djk-erlangen.de\/fussball\/wp-content\/uploads\/2011\/06\/IMG_06522-150x100.jpg 150w, https:\/\/www.djk-erlangen.de\/fussball\/wp-content\/uploads\/2011\/06\/IMG_06522-300x200.jpg 300w, https:\/\/www.djk-erlangen.de\/fussball\/wp-content\/uploads\/2011\/06\/IMG_06522.jpg 640w\" sizes=\"auto, (max-width: 150px) 100vw, 150px\" \/><\/a>\n\t\t\t<\/dt><\/dl><br style=\"clear: both\" \/><dl class='gallery-item'>\n\t\t\t<dt class='gallery-icon landscape'>\n\t\t\t\t<a href='https:\/\/www.djk-erlangen.de\/fussball\/wp-content\/uploads\/2011\/06\/IMG_06541.jpg'><img loading=\"lazy\" decoding=\"async\" width=\"150\" height=\"100\" src=\"https:\/\/www.djk-erlangen.de\/fussball\/wp-content\/uploads\/2011\/06\/IMG_06541-150x100.jpg\" class=\"attachment-thumbnail size-thumbnail\" alt=\"\" srcset=\"https:\/\/www.djk-erlangen.de\/fussball\/wp-content\/uploads\/2011\/06\/IMG_06541-150x100.jpg 150w, https:\/\/www.djk-erlangen.de\/fussball\/wp-content\/uploads\/2011\/06\/IMG_06541-300x200.jpg 300w, https:\/\/www.djk-erlangen.de\/fussball\/wp-content\/uploads\/2011\/06\/IMG_06541.jpg 640w\" sizes=\"auto, (max-width: 150px) 100vw, 150px\" \/><\/a>\n\t\t\t<\/dt><\/dl><dl class='gallery-item'>\n\t\t\t<dt class='gallery-icon landscape'>\n\t\t\t\t<a href='https:\/\/www.djk-erlangen.de\/fussball\/wp-content\/uploads\/2011\/06\/IMG_0711.jpg'><img loading=\"lazy\" decoding=\"async\" width=\"150\" height=\"100\" src=\"https:\/\/www.djk-erlangen.de\/fussball\/wp-content\/uploads\/2011\/06\/IMG_0711-150x100.jpg\" class=\"attachment-thumbnail size-thumbnail\" alt=\"\" srcset=\"https:\/\/www.djk-erlangen.de\/fussball\/wp-content\/uploads\/2011\/06\/IMG_0711-150x100.jpg 150w, https:\/\/www.djk-erlangen.de\/fussball\/wp-content\/uploads\/2011\/06\/IMG_0711-300x200.jpg 300w, https:\/\/www.djk-erlangen.de\/fussball\/wp-content\/uploads\/2011\/06\/IMG_0711.jpg 640w\" sizes=\"auto, (max-width: 150px) 100vw, 150px\" \/><\/a>\n\t\t\t<\/dt><\/dl><dl class='gallery-item'>\n\t\t\t<dt class='gallery-icon landscape'>\n\t\t\t\t<a href='https:\/\/www.djk-erlangen.de\/fussball\/wp-content\/uploads\/2011\/06\/IMG_0715.jpg'><img loading=\"lazy\" decoding=\"async\" width=\"150\" height=\"100\" src=\"https:\/\/www.djk-erlangen.de\/fussball\/wp-content\/uploads\/2011\/06\/IMG_0715-150x100.jpg\" class=\"attachment-thumbnail size-thumbnail\" alt=\"\" srcset=\"https:\/\/www.djk-erlangen.de\/fussball\/wp-content\/uploads\/2011\/06\/IMG_0715-150x100.jpg 150w, https:\/\/www.djk-erlangen.de\/fussball\/wp-content\/uploads\/2011\/06\/IMG_0715-300x200.jpg 300w, https:\/\/www.djk-erlangen.de\/fussball\/wp-content\/uploads\/2011\/06\/IMG_0715.jpg 640w\" sizes=\"auto, (max-width: 150px) 100vw, 150px\" \/><\/a>\n\t\t\t<\/dt><\/dl><br style=\"clear: both\" \/><dl class='gallery-item'>\n\t\t\t<dt class='gallery-icon landscape'>\n\t\t\t\t<a href='https:\/\/www.djk-erlangen.de\/fussball\/wp-content\/uploads\/2011\/06\/IMG_06441.jpg'><img loading=\"lazy\" decoding=\"async\" width=\"150\" height=\"100\" src=\"https:\/\/www.djk-erlangen.de\/fussball\/wp-content\/uploads\/2011\/06\/IMG_06441-150x100.jpg\" class=\"attachment-thumbnail size-thumbnail\" alt=\"\" srcset=\"https:\/\/www.djk-erlangen.de\/fussball\/wp-content\/uploads\/2011\/06\/IMG_06441-150x100.jpg 150w, https:\/\/www.djk-erlangen.de\/fussball\/wp-content\/uploads\/2011\/06\/IMG_06441-300x200.jpg 300w, https:\/\/www.djk-erlangen.de\/fussball\/wp-content\/uploads\/2011\/06\/IMG_06441.jpg 640w\" sizes=\"auto, (max-width: 150px) 100vw, 150px\" \/><\/a>\n\t\t\t<\/dt><\/dl><dl class='gallery-item'>\n\t\t\t<dt class='gallery-icon landscape'>\n\t\t\t\t<a href='https:\/\/www.djk-erlangen.de\/fussball\/wp-content\/uploads\/2011\/06\/IMG_06463.jpg'><img loading=\"lazy\" decoding=\"async\" width=\"150\" height=\"100\" src=\"https:\/\/www.djk-erlangen.de\/fussball\/wp-content\/uploads\/2011\/06\/IMG_06463-150x100.jpg\" class=\"attachment-thumbnail size-thumbnail\" alt=\"\" srcset=\"https:\/\/www.djk-erlangen.de\/fussball\/wp-content\/uploads\/2011\/06\/IMG_06463-150x100.jpg 150w, https:\/\/www.djk-erlangen.de\/fussball\/wp-content\/uploads\/2011\/06\/IMG_06463-300x200.jpg 300w, https:\/\/www.djk-erlangen.de\/fussball\/wp-content\/uploads\/2011\/06\/IMG_06463.jpg 640w\" sizes=\"auto, (max-width: 150px) 100vw, 150px\" \/><\/a>\n\t\t\t<\/dt><\/dl><dl class='gallery-item'>\n\t\t\t<dt class='gallery-icon landscape'>\n\t\t\t\t<a href='https:\/\/www.djk-erlangen.de\/fussball\/wp-content\/uploads\/2011\/06\/IMG_06542.jpg'><img loading=\"lazy\" decoding=\"async\" width=\"150\" height=\"100\" src=\"https:\/\/www.djk-erlangen.de\/fussball\/wp-content\/uploads\/2011\/06\/IMG_06542-150x100.jpg\" class=\"attachment-thumbnail size-thumbnail\" alt=\"\" srcset=\"https:\/\/www.djk-erlangen.de\/fussball\/wp-content\/uploads\/2011\/06\/IMG_06542-150x100.jpg 150w, https:\/\/www.djk-erlangen.de\/fussball\/wp-content\/uploads\/2011\/06\/IMG_06542-300x200.jpg 300w, https:\/\/www.djk-erlangen.de\/fussball\/wp-content\/uploads\/2011\/06\/IMG_06542.jpg 640w\" sizes=\"auto, (max-width: 150px) 100vw, 150px\" \/><\/a>\n\t\t\t<\/dt><\/dl><br style=\"clear: both\" \/><dl class='gallery-item'>\n\t\t\t<dt class='gallery-icon landscape'>\n\t\t\t\t<a href='https:\/\/www.djk-erlangen.de\/fussball\/wp-content\/uploads\/2011\/06\/IMG_06492.jpg'><img loading=\"lazy\" decoding=\"async\" width=\"150\" height=\"100\" src=\"https:\/\/www.djk-erlangen.de\/fussball\/wp-content\/uploads\/2011\/06\/IMG_06492-150x100.jpg\" class=\"attachment-thumbnail size-thumbnail\" alt=\"\" srcset=\"https:\/\/www.djk-erlangen.de\/fussball\/wp-content\/uploads\/2011\/06\/IMG_06492-150x100.jpg 150w, https:\/\/www.djk-erlangen.de\/fussball\/wp-content\/uploads\/2011\/06\/IMG_06492-300x200.jpg 300w, https:\/\/www.djk-erlangen.de\/fussball\/wp-content\/uploads\/2011\/06\/IMG_06492.jpg 640w\" sizes=\"auto, (max-width: 150px) 100vw, 150px\" \/><\/a>\n\t\t\t<\/dt><\/dl><dl class='gallery-item'>\n\t\t\t<dt class='gallery-icon landscape'>\n\t\t\t\t<a href='https:\/\/www.djk-erlangen.de\/fussball\/wp-content\/uploads\/2011\/06\/IMG_06543.jpg'><img loading=\"lazy\" decoding=\"async\" width=\"150\" height=\"100\" src=\"https:\/\/www.djk-erlangen.de\/fussball\/wp-content\/uploads\/2011\/06\/IMG_06543-150x100.jpg\" class=\"attachment-thumbnail size-thumbnail\" alt=\"\" srcset=\"https:\/\/www.djk-erlangen.de\/fussball\/wp-content\/uploads\/2011\/06\/IMG_06543-150x100.jpg 150w, https:\/\/www.djk-erlangen.de\/fussball\/wp-content\/uploads\/2011\/06\/IMG_06543-300x200.jpg 300w, https:\/\/www.djk-erlangen.de\/fussball\/wp-content\/uploads\/2011\/06\/IMG_06543.jpg 640w\" sizes=\"auto, (max-width: 150px) 100vw, 150px\" \/><\/a>\n\t\t\t<\/dt><\/dl><dl class='gallery-item'>\n\t\t\t<dt class='gallery-icon landscape'>\n\t\t\t\t<a href='https:\/\/www.djk-erlangen.de\/fussball\/wp-content\/uploads\/2011\/06\/IMG_0699.jpg'><img loading=\"lazy\" decoding=\"async\" width=\"150\" height=\"100\" src=\"https:\/\/www.djk-erlangen.de\/fussball\/wp-content\/uploads\/2011\/06\/IMG_0699-150x100.jpg\" class=\"attachment-thumbnail size-thumbnail\" alt=\"\" srcset=\"https:\/\/www.djk-erlangen.de\/fussball\/wp-content\/uploads\/2011\/06\/IMG_0699-150x100.jpg 150w, https:\/\/www.djk-erlangen.de\/fussball\/wp-content\/uploads\/2011\/06\/IMG_0699-300x200.jpg 300w, https:\/\/www.djk-erlangen.de\/fussball\/wp-content\/uploads\/2011\/06\/IMG_0699.jpg 640w\" sizes=\"auto, (max-width: 150px) 100vw, 150px\" \/><\/a>\n\t\t\t<\/dt><\/dl><br style=\"clear: both\" \/><dl class='gallery-item'>\n\t\t\t<dt class='gallery-icon portrait'>\n\t\t\t\t<a href='https:\/\/www.djk-erlangen.de\/fussball\/wp-content\/uploads\/2011\/06\/IMG_0700.jpg'><img loading=\"lazy\" decoding=\"async\" width=\"100\" height=\"150\" src=\"https:\/\/www.djk-erlangen.de\/fussball\/wp-content\/uploads\/2011\/06\/IMG_0700-100x150.jpg\" class=\"attachment-thumbnail size-thumbnail\" alt=\"\" srcset=\"https:\/\/www.djk-erlangen.de\/fussball\/wp-content\/uploads\/2011\/06\/IMG_0700-100x150.jpg 100w, https:\/\/www.djk-erlangen.de\/fussball\/wp-content\/uploads\/2011\/06\/IMG_0700-200x300.jpg 200w, https:\/\/www.djk-erlangen.de\/fussball\/wp-content\/uploads\/2011\/06\/IMG_0700.jpg 427w\" sizes=\"auto, (max-width: 100px) 100vw, 100px\" \/><\/a>\n\t\t\t<\/dt><\/dl><dl class='gallery-item'>\n\t\t\t<dt class='gallery-icon landscape'>\n\t\t\t\t<a href='https:\/\/www.djk-erlangen.de\/fussball\/wp-content\/uploads\/2011\/06\/IMG_0703.jpg'><img loading=\"lazy\" decoding=\"async\" width=\"150\" height=\"100\" src=\"https:\/\/www.djk-erlangen.de\/fussball\/wp-content\/uploads\/2011\/06\/IMG_0703-150x100.jpg\" class=\"attachment-thumbnail size-thumbnail\" alt=\"\" srcset=\"https:\/\/www.djk-erlangen.de\/fussball\/wp-content\/uploads\/2011\/06\/IMG_0703-150x100.jpg 150w, https:\/\/www.djk-erlangen.de\/fussball\/wp-content\/uploads\/2011\/06\/IMG_0703-300x200.jpg 300w, https:\/\/www.djk-erlangen.de\/fussball\/wp-content\/uploads\/2011\/06\/IMG_0703.jpg 640w\" sizes=\"auto, (max-width: 150px) 100vw, 150px\" \/><\/a>\n\t\t\t<\/dt><\/dl><dl class='gallery-item'>\n\t\t\t<dt class='gallery-icon landscape'>\n\t\t\t\t<a href='https:\/\/www.djk-erlangen.de\/fussball\/wp-content\/uploads\/2011\/06\/IMG_0755.jpg'><img loading=\"lazy\" decoding=\"async\" width=\"150\" height=\"100\" src=\"https:\/\/www.djk-erlangen.de\/fussball\/wp-content\/uploads\/2011\/06\/IMG_0755-150x100.jpg\" class=\"attachment-thumbnail size-thumbnail\" alt=\"\" srcset=\"https:\/\/www.djk-erlangen.de\/fussball\/wp-content\/uploads\/2011\/06\/IMG_0755-150x100.jpg 150w, https:\/\/www.djk-erlangen.de\/fussball\/wp-content\/uploads\/2011\/06\/IMG_0755-300x200.jpg 300w, https:\/\/www.djk-erlangen.de\/fussball\/wp-content\/uploads\/2011\/06\/IMG_0755.jpg 640w\" sizes=\"auto, (max-width: 150px) 100vw, 150px\" \/><\/a>\n\t\t\t<\/dt><\/dl><br style=\"clear: both\" \/><dl class='gallery-item'>\n\t\t\t<dt class='gallery-icon landscape'>\n\t\t\t\t<a href='https:\/\/www.djk-erlangen.de\/fussball\/wp-content\/uploads\/2011\/06\/IMG_0759.jpg'><img loading=\"lazy\" decoding=\"async\" width=\"150\" height=\"100\" src=\"https:\/\/www.djk-erlangen.de\/fussball\/wp-content\/uploads\/2011\/06\/IMG_0759-150x100.jpg\" class=\"attachment-thumbnail size-thumbnail\" alt=\"\" srcset=\"https:\/\/www.djk-erlangen.de\/fussball\/wp-content\/uploads\/2011\/06\/IMG_0759-150x100.jpg 150w, https:\/\/www.djk-erlangen.de\/fussball\/wp-content\/uploads\/2011\/06\/IMG_0759-300x200.jpg 300w, https:\/\/www.djk-erlangen.de\/fussball\/wp-content\/uploads\/2011\/06\/IMG_0759.jpg 640w\" sizes=\"auto, (max-width: 150px) 100vw, 150px\" \/><\/a>\n\t\t\t<\/dt><\/dl><dl class='gallery-item'>\n\t\t\t<dt class='gallery-icon landscape'>\n\t\t\t\t<a href='https:\/\/www.djk-erlangen.de\/fussball\/wp-content\/uploads\/2011\/06\/IMG_0765.jpg'><img loading=\"lazy\" decoding=\"async\" width=\"150\" height=\"100\" src=\"https:\/\/www.djk-erlangen.de\/fussball\/wp-content\/uploads\/2011\/06\/IMG_0765-150x100.jpg\" class=\"attachment-thumbnail size-thumbnail\" alt=\"\" srcset=\"https:\/\/www.djk-erlangen.de\/fussball\/wp-content\/uploads\/2011\/06\/IMG_0765-150x100.jpg 150w, https:\/\/www.djk-erlangen.de\/fussball\/wp-content\/uploads\/2011\/06\/IMG_0765-300x200.jpg 300w, https:\/\/www.djk-erlangen.de\/fussball\/wp-content\/uploads\/2011\/06\/IMG_0765.jpg 640w\" sizes=\"auto, (max-width: 150px) 100vw, 150px\" \/><\/a>\n\t\t\t<\/dt><\/dl><dl class='gallery-item'>\n\t\t\t<dt class='gallery-icon landscape'>\n\t\t\t\t<a href='https:\/\/www.djk-erlangen.de\/fussball\/wp-content\/uploads\/2011\/06\/IMG_0767.jpg'><img loading=\"lazy\" decoding=\"async\" width=\"150\" height=\"100\" src=\"https:\/\/www.djk-erlangen.de\/fussball\/wp-content\/uploads\/2011\/06\/IMG_0767-150x100.jpg\" class=\"attachment-thumbnail size-thumbnail\" alt=\"\" srcset=\"https:\/\/www.djk-erlangen.de\/fussball\/wp-content\/uploads\/2011\/06\/IMG_0767-150x100.jpg 150w, https:\/\/www.djk-erlangen.de\/fussball\/wp-content\/uploads\/2011\/06\/IMG_0767-300x200.jpg 300w, https:\/\/www.djk-erlangen.de\/fussball\/wp-content\/uploads\/2011\/06\/IMG_0767.jpg 640w\" sizes=\"auto, (max-width: 150px) 100vw, 150px\" \/><\/a>\n\t\t\t<\/dt><\/dl><br style=\"clear: both\" \/><dl class='gallery-item'>\n\t\t\t<dt class='gallery-icon landscape'>\n\t\t\t\t<a href='https:\/\/www.djk-erlangen.de\/fussball\/wp-content\/uploads\/2011\/06\/IMG_0784.jpg'><img loading=\"lazy\" decoding=\"async\" width=\"150\" height=\"100\" src=\"https:\/\/www.djk-erlangen.de\/fussball\/wp-content\/uploads\/2011\/06\/IMG_0784-150x100.jpg\" class=\"attachment-thumbnail size-thumbnail\" alt=\"\" srcset=\"https:\/\/www.djk-erlangen.de\/fussball\/wp-content\/uploads\/2011\/06\/IMG_0784-150x100.jpg 150w, https:\/\/www.djk-erlangen.de\/fussball\/wp-content\/uploads\/2011\/06\/IMG_0784-300x200.jpg 300w, https:\/\/www.djk-erlangen.de\/fussball\/wp-content\/uploads\/2011\/06\/IMG_0784.jpg 640w\" sizes=\"auto, (max-width: 150px) 100vw, 150px\" \/><\/a>\n\t\t\t<\/dt><\/dl><dl class='gallery-item'>\n\t\t\t<dt class='gallery-icon landscape'>\n\t\t\t\t<a href='https:\/\/www.djk-erlangen.de\/fussball\/wp-content\/uploads\/2011\/06\/IMG_06551.jpg'><img loading=\"lazy\" decoding=\"async\" width=\"150\" height=\"100\" src=\"https:\/\/www.djk-erlangen.de\/fussball\/wp-content\/uploads\/2011\/06\/IMG_06551-150x100.jpg\" class=\"attachment-thumbnail size-thumbnail\" alt=\"\" srcset=\"https:\/\/www.djk-erlangen.de\/fussball\/wp-content\/uploads\/2011\/06\/IMG_06551-150x100.jpg 150w, https:\/\/www.djk-erlangen.de\/fussball\/wp-content\/uploads\/2011\/06\/IMG_06551-300x200.jpg 300w, https:\/\/www.djk-erlangen.de\/fussball\/wp-content\/uploads\/2011\/06\/IMG_06551.jpg 640w\" sizes=\"auto, (max-width: 150px) 100vw, 150px\" \/><\/a>\n\t\t\t<\/dt><\/dl><dl class='gallery-item'>\n\t\t\t<dt class='gallery-icon landscape'>\n\t\t\t\t<a href='https:\/\/www.djk-erlangen.de\/fussball\/wp-content\/uploads\/2011\/06\/IMG_06572.jpg'><img loading=\"lazy\" decoding=\"async\" width=\"150\" height=\"100\" src=\"https:\/\/www.djk-erlangen.de\/fussball\/wp-content\/uploads\/2011\/06\/IMG_06572-150x100.jpg\" class=\"attachment-thumbnail size-thumbnail\" alt=\"\" srcset=\"https:\/\/www.djk-erlangen.de\/fussball\/wp-content\/uploads\/2011\/06\/IMG_06572-150x100.jpg 150w, https:\/\/www.djk-erlangen.de\/fussball\/wp-content\/uploads\/2011\/06\/IMG_06572-300x200.jpg 300w, https:\/\/www.djk-erlangen.de\/fussball\/wp-content\/uploads\/2011\/06\/IMG_06572.jpg 640w\" sizes=\"auto, (max-width: 150px) 100vw, 150px\" \/><\/a>\n\t\t\t<\/dt><\/dl><br style=\"clear: both\" \/><dl class='gallery-item'>\n\t\t\t<dt class='gallery-icon landscape'>\n\t\t\t\t<a href='https:\/\/www.djk-erlangen.de\/fussball\/wp-content\/uploads\/2011\/06\/IMG_06582.jpg'><img loading=\"lazy\" decoding=\"async\" width=\"150\" height=\"100\" src=\"https:\/\/www.djk-erlangen.de\/fussball\/wp-content\/uploads\/2011\/06\/IMG_06582-150x100.jpg\" class=\"attachment-thumbnail size-thumbnail\" alt=\"\" srcset=\"https:\/\/www.djk-erlangen.de\/fussball\/wp-content\/uploads\/2011\/06\/IMG_06582-150x100.jpg 150w, https:\/\/www.djk-erlangen.de\/fussball\/wp-content\/uploads\/2011\/06\/IMG_06582-300x200.jpg 300w, https:\/\/www.djk-erlangen.de\/fussball\/wp-content\/uploads\/2011\/06\/IMG_06582.jpg 640w\" sizes=\"auto, (max-width: 150px) 100vw, 150px\" \/><\/a>\n\t\t\t<\/dt><\/dl><dl class='gallery-item'>\n\t\t\t<dt class='gallery-icon landscape'>\n\t\t\t\t<a href='https:\/\/www.djk-erlangen.de\/fussball\/wp-content\/uploads\/2011\/06\/IMG_06592.jpg'><img loading=\"lazy\" decoding=\"async\" width=\"150\" height=\"100\" src=\"https:\/\/www.djk-erlangen.de\/fussball\/wp-content\/uploads\/2011\/06\/IMG_06592-150x100.jpg\" class=\"attachment-thumbnail size-thumbnail\" alt=\"\" srcset=\"https:\/\/www.djk-erlangen.de\/fussball\/wp-content\/uploads\/2011\/06\/IMG_06592-150x100.jpg 150w, https:\/\/www.djk-erlangen.de\/fussball\/wp-content\/uploads\/2011\/06\/IMG_06592-300x200.jpg 300w, https:\/\/www.djk-erlangen.de\/fussball\/wp-content\/uploads\/2011\/06\/IMG_06592.jpg 640w\" sizes=\"auto, (max-width: 150px) 100vw, 150px\" \/><\/a>\n\t\t\t<\/dt><\/dl><dl class='gallery-item'>\n\t\t\t<dt class='gallery-icon landscape'>\n\t\t\t\t<a href='https:\/\/www.djk-erlangen.de\/fussball\/wp-content\/uploads\/2011\/06\/IMG_06642.jpg'><img loading=\"lazy\" decoding=\"async\" width=\"150\" height=\"100\" src=\"https:\/\/www.djk-erlangen.de\/fussball\/wp-content\/uploads\/2011\/06\/IMG_06642-150x100.jpg\" class=\"attachment-thumbnail size-thumbnail\" alt=\"\" srcset=\"https:\/\/www.djk-erlangen.de\/fussball\/wp-content\/uploads\/2011\/06\/IMG_06642-150x100.jpg 150w, https:\/\/www.djk-erlangen.de\/fussball\/wp-content\/uploads\/2011\/06\/IMG_06642-300x200.jpg 300w, https:\/\/www.djk-erlangen.de\/fussball\/wp-content\/uploads\/2011\/06\/IMG_06642.jpg 640w\" sizes=\"auto, (max-width: 150px) 100vw, 150px\" \/><\/a>\n\t\t\t<\/dt><\/dl><br style=\"clear: both\" \/><dl class='gallery-item'>\n\t\t\t<dt class='gallery-icon landscape'>\n\t\t\t\t<a href='https:\/\/www.djk-erlangen.de\/fussball\/wp-content\/uploads\/2011\/06\/IMG_06652.jpg'><img loading=\"lazy\" decoding=\"async\" width=\"150\" height=\"100\" src=\"https:\/\/www.djk-erlangen.de\/fussball\/wp-content\/uploads\/2011\/06\/IMG_06652-150x100.jpg\" class=\"attachment-thumbnail size-thumbnail\" alt=\"\" srcset=\"https:\/\/www.djk-erlangen.de\/fussball\/wp-content\/uploads\/2011\/06\/IMG_06652-150x100.jpg 150w, https:\/\/www.djk-erlangen.de\/fussball\/wp-content\/uploads\/2011\/06\/IMG_06652-300x200.jpg 300w, https:\/\/www.djk-erlangen.de\/fussball\/wp-content\/uploads\/2011\/06\/IMG_06652.jpg 640w\" sizes=\"auto, (max-width: 150px) 100vw, 150px\" \/><\/a>\n\t\t\t<\/dt><\/dl><dl class='gallery-item'>\n\t\t\t<dt class='gallery-icon landscape'>\n\t\t\t\t<a href='https:\/\/www.djk-erlangen.de\/fussball\/wp-content\/uploads\/2011\/06\/IMG_06662.jpg'><img loading=\"lazy\" decoding=\"async\" width=\"150\" height=\"100\" src=\"https:\/\/www.djk-erlangen.de\/fussball\/wp-content\/uploads\/2011\/06\/IMG_06662-150x100.jpg\" class=\"attachment-thumbnail size-thumbnail\" alt=\"\" srcset=\"https:\/\/www.djk-erlangen.de\/fussball\/wp-content\/uploads\/2011\/06\/IMG_06662-150x100.jpg 150w, https:\/\/www.djk-erlangen.de\/fussball\/wp-content\/uploads\/2011\/06\/IMG_06662-300x200.jpg 300w, https:\/\/www.djk-erlangen.de\/fussball\/wp-content\/uploads\/2011\/06\/IMG_06662.jpg 640w\" sizes=\"auto, (max-width: 150px) 100vw, 150px\" \/><\/a>\n\t\t\t<\/dt><\/dl><dl class='gallery-item'>\n\t\t\t<dt class='gallery-icon landscape'>\n\t\t\t\t<a href='https:\/\/www.djk-erlangen.de\/fussball\/wp-content\/uploads\/2011\/06\/IMG_06672.jpg'><img loading=\"lazy\" decoding=\"async\" width=\"150\" height=\"100\" src=\"https:\/\/www.djk-erlangen.de\/fussball\/wp-content\/uploads\/2011\/06\/IMG_06672-150x100.jpg\" class=\"attachment-thumbnail size-thumbnail\" alt=\"\" srcset=\"https:\/\/www.djk-erlangen.de\/fussball\/wp-content\/uploads\/2011\/06\/IMG_06672-150x100.jpg 150w, https:\/\/www.djk-erlangen.de\/fussball\/wp-content\/uploads\/2011\/06\/IMG_06672-300x200.jpg 300w, https:\/\/www.djk-erlangen.de\/fussball\/wp-content\/uploads\/2011\/06\/IMG_06672.jpg 640w\" sizes=\"auto, (max-width: 150px) 100vw, 150px\" \/><\/a>\n\t\t\t<\/dt><\/dl><br style=\"clear: both\" \/><dl class='gallery-item'>\n\t\t\t<dt class='gallery-icon landscape'>\n\t\t\t\t<a href='https:\/\/www.djk-erlangen.de\/fussball\/wp-content\/uploads\/2011\/06\/IMG_06682.jpg'><img loading=\"lazy\" decoding=\"async\" width=\"150\" height=\"100\" src=\"https:\/\/www.djk-erlangen.de\/fussball\/wp-content\/uploads\/2011\/06\/IMG_06682-150x100.jpg\" class=\"attachment-thumbnail size-thumbnail\" alt=\"\" srcset=\"https:\/\/www.djk-erlangen.de\/fussball\/wp-content\/uploads\/2011\/06\/IMG_06682-150x100.jpg 150w, https:\/\/www.djk-erlangen.de\/fussball\/wp-content\/uploads\/2011\/06\/IMG_06682-300x200.jpg 300w, https:\/\/www.djk-erlangen.de\/fussball\/wp-content\/uploads\/2011\/06\/IMG_06682.jpg 640w\" sizes=\"auto, (max-width: 150px) 100vw, 150px\" \/><\/a>\n\t\t\t<\/dt><\/dl><dl class='gallery-item'>\n\t\t\t<dt class='gallery-icon landscape'>\n\t\t\t\t<a href='https:\/\/www.djk-erlangen.de\/fussball\/wp-content\/uploads\/2011\/06\/IMG_06691.jpg'><img loading=\"lazy\" decoding=\"async\" width=\"150\" height=\"100\" src=\"https:\/\/www.djk-erlangen.de\/fussball\/wp-content\/uploads\/2011\/06\/IMG_06691-150x100.jpg\" class=\"attachment-thumbnail size-thumbnail\" alt=\"\" srcset=\"https:\/\/www.djk-erlangen.de\/fussball\/wp-content\/uploads\/2011\/06\/IMG_06691-150x100.jpg 150w, https:\/\/www.djk-erlangen.de\/fussball\/wp-content\/uploads\/2011\/06\/IMG_06691-300x200.jpg 300w, https:\/\/www.djk-erlangen.de\/fussball\/wp-content\/uploads\/2011\/06\/IMG_06691.jpg 640w\" sizes=\"auto, (max-width: 150px) 100vw, 150px\" \/><\/a>\n\t\t\t<\/dt><\/dl><dl class='gallery-item'>\n\t\t\t<dt class='gallery-icon landscape'>\n\t\t\t\t<a href='https:\/\/www.djk-erlangen.de\/fussball\/wp-content\/uploads\/2011\/06\/IMG_06711.jpg'><img loading=\"lazy\" decoding=\"async\" width=\"150\" height=\"100\" src=\"https:\/\/www.djk-erlangen.de\/fussball\/wp-content\/uploads\/2011\/06\/IMG_06711-150x100.jpg\" class=\"attachment-thumbnail size-thumbnail\" alt=\"\" srcset=\"https:\/\/www.djk-erlangen.de\/fussball\/wp-content\/uploads\/2011\/06\/IMG_06711-150x100.jpg 150w, https:\/\/www.djk-erlangen.de\/fussball\/wp-content\/uploads\/2011\/06\/IMG_06711-300x200.jpg 300w, https:\/\/www.djk-erlangen.de\/fussball\/wp-content\/uploads\/2011\/06\/IMG_06711.jpg 640w\" sizes=\"auto, (max-width: 150px) 100vw, 150px\" \/><\/a>\n\t\t\t<\/dt><\/dl><br style=\"clear: both\" \/><dl class='gallery-item'>\n\t\t\t<dt class='gallery-icon landscape'>\n\t\t\t\t<a href='https:\/\/www.djk-erlangen.de\/fussball\/wp-content\/uploads\/2011\/06\/IMG_06721.jpg'><img loading=\"lazy\" decoding=\"async\" width=\"150\" height=\"100\" src=\"https:\/\/www.djk-erlangen.de\/fussball\/wp-content\/uploads\/2011\/06\/IMG_06721-150x100.jpg\" class=\"attachment-thumbnail size-thumbnail\" alt=\"\" srcset=\"https:\/\/www.djk-erlangen.de\/fussball\/wp-content\/uploads\/2011\/06\/IMG_06721-150x100.jpg 150w, https:\/\/www.djk-erlangen.de\/fussball\/wp-content\/uploads\/2011\/06\/IMG_06721-300x200.jpg 300w, https:\/\/www.djk-erlangen.de\/fussball\/wp-content\/uploads\/2011\/06\/IMG_06721.jpg 640w\" sizes=\"auto, (max-width: 150px) 100vw, 150px\" \/><\/a>\n\t\t\t<\/dt><\/dl><dl class='gallery-item'>\n\t\t\t<dt class='gallery-icon landscape'>\n\t\t\t\t<a href='https:\/\/www.djk-erlangen.de\/fussball\/wp-content\/uploads\/2011\/06\/IMG_06732.jpg'><img loading=\"lazy\" decoding=\"async\" width=\"150\" height=\"100\" src=\"https:\/\/www.djk-erlangen.de\/fussball\/wp-content\/uploads\/2011\/06\/IMG_06732-150x100.jpg\" class=\"attachment-thumbnail size-thumbnail\" alt=\"\" srcset=\"https:\/\/www.djk-erlangen.de\/fussball\/wp-content\/uploads\/2011\/06\/IMG_06732-150x100.jpg 150w, https:\/\/www.djk-erlangen.de\/fussball\/wp-content\/uploads\/2011\/06\/IMG_06732-300x200.jpg 300w, https:\/\/www.djk-erlangen.de\/fussball\/wp-content\/uploads\/2011\/06\/IMG_06732.jpg 640w\" sizes=\"auto, (max-width: 150px) 100vw, 150px\" \/><\/a>\n\t\t\t<\/dt><\/dl><dl class='gallery-item'>\n\t\t\t<dt class='gallery-icon landscape'>\n\t\t\t\t<a href='https:\/\/www.djk-erlangen.de\/fussball\/wp-content\/uploads\/2011\/06\/IMG_06741.jpg'><img loading=\"lazy\" decoding=\"async\" width=\"150\" height=\"100\" src=\"https:\/\/www.djk-erlangen.de\/fussball\/wp-content\/uploads\/2011\/06\/IMG_06741-150x100.jpg\" class=\"attachment-thumbnail size-thumbnail\" alt=\"\" srcset=\"https:\/\/www.djk-erlangen.de\/fussball\/wp-content\/uploads\/2011\/06\/IMG_06741-150x100.jpg 150w, https:\/\/www.djk-erlangen.de\/fussball\/wp-content\/uploads\/2011\/06\/IMG_06741-300x200.jpg 300w, https:\/\/www.djk-erlangen.de\/fussball\/wp-content\/uploads\/2011\/06\/IMG_06741.jpg 640w\" sizes=\"auto, (max-width: 150px) 100vw, 150px\" \/><\/a>\n\t\t\t<\/dt><\/dl><br style=\"clear: both\" \/><dl class='gallery-item'>\n\t\t\t<dt class='gallery-icon landscape'>\n\t\t\t\t<a href='https:\/\/www.djk-erlangen.de\/fussball\/wp-content\/uploads\/2011\/06\/IMG_06751.jpg'><img loading=\"lazy\" decoding=\"async\" width=\"150\" height=\"100\" src=\"https:\/\/www.djk-erlangen.de\/fussball\/wp-content\/uploads\/2011\/06\/IMG_06751-150x100.jpg\" class=\"attachment-thumbnail size-thumbnail\" alt=\"\" srcset=\"https:\/\/www.djk-erlangen.de\/fussball\/wp-content\/uploads\/2011\/06\/IMG_06751-150x100.jpg 150w, https:\/\/www.djk-erlangen.de\/fussball\/wp-content\/uploads\/2011\/06\/IMG_06751-300x200.jpg 300w, https:\/\/www.djk-erlangen.de\/fussball\/wp-content\/uploads\/2011\/06\/IMG_06751.jpg 640w\" sizes=\"auto, (max-width: 150px) 100vw, 150px\" \/><\/a>\n\t\t\t<\/dt><\/dl><dl class='gallery-item'>\n\t\t\t<dt class='gallery-icon landscape'>\n\t\t\t\t<a href='https:\/\/www.djk-erlangen.de\/fussball\/wp-content\/uploads\/2011\/06\/IMG_0676.jpg'><img loading=\"lazy\" decoding=\"async\" width=\"150\" height=\"100\" src=\"https:\/\/www.djk-erlangen.de\/fussball\/wp-content\/uploads\/2011\/06\/IMG_0676-150x100.jpg\" class=\"attachment-thumbnail size-thumbnail\" alt=\"\" srcset=\"https:\/\/www.djk-erlangen.de\/fussball\/wp-content\/uploads\/2011\/06\/IMG_0676-150x100.jpg 150w, https:\/\/www.djk-erlangen.de\/fussball\/wp-content\/uploads\/2011\/06\/IMG_0676-300x200.jpg 300w, https:\/\/www.djk-erlangen.de\/fussball\/wp-content\/uploads\/2011\/06\/IMG_0676.jpg 640w\" sizes=\"auto, (max-width: 150px) 100vw, 150px\" \/><\/a>\n\t\t\t<\/dt><\/dl><dl class='gallery-item'>\n\t\t\t<dt class='gallery-icon landscape'>\n\t\t\t\t<a href='https:\/\/www.djk-erlangen.de\/fussball\/wp-content\/uploads\/2011\/06\/IMG_06771.jpg'><img loading=\"lazy\" decoding=\"async\" width=\"150\" height=\"100\" src=\"https:\/\/www.djk-erlangen.de\/fussball\/wp-content\/uploads\/2011\/06\/IMG_06771-150x100.jpg\" class=\"attachment-thumbnail size-thumbnail\" alt=\"\" srcset=\"https:\/\/www.djk-erlangen.de\/fussball\/wp-content\/uploads\/2011\/06\/IMG_06771-150x100.jpg 150w, https:\/\/www.djk-erlangen.de\/fussball\/wp-content\/uploads\/2011\/06\/IMG_06771-300x200.jpg 300w, https:\/\/www.djk-erlangen.de\/fussball\/wp-content\/uploads\/2011\/06\/IMG_06771.jpg 640w\" sizes=\"auto, (max-width: 150px) 100vw, 150px\" \/><\/a>\n\t\t\t<\/dt><\/dl><br style=\"clear: both\" \/><dl class='gallery-item'>\n\t\t\t<dt class='gallery-icon landscape'>\n\t\t\t\t<a href='https:\/\/www.djk-erlangen.de\/fussball\/wp-content\/uploads\/2011\/06\/IMG_06781.jpg'><img loading=\"lazy\" decoding=\"async\" width=\"150\" height=\"100\" src=\"https:\/\/www.djk-erlangen.de\/fussball\/wp-content\/uploads\/2011\/06\/IMG_06781-150x100.jpg\" class=\"attachment-thumbnail size-thumbnail\" alt=\"\" srcset=\"https:\/\/www.djk-erlangen.de\/fussball\/wp-content\/uploads\/2011\/06\/IMG_06781-150x100.jpg 150w, https:\/\/www.djk-erlangen.de\/fussball\/wp-content\/uploads\/2011\/06\/IMG_06781-300x200.jpg 300w, https:\/\/www.djk-erlangen.de\/fussball\/wp-content\/uploads\/2011\/06\/IMG_06781.jpg 640w\" sizes=\"auto, (max-width: 150px) 100vw, 150px\" \/><\/a>\n\t\t\t<\/dt><\/dl><dl class='gallery-item'>\n\t\t\t<dt class='gallery-icon landscape'>\n\t\t\t\t<a href='https:\/\/www.djk-erlangen.de\/fussball\/wp-content\/uploads\/2011\/06\/IMG_0679.jpg'><img loading=\"lazy\" decoding=\"async\" width=\"150\" height=\"100\" src=\"https:\/\/www.djk-erlangen.de\/fussball\/wp-content\/uploads\/2011\/06\/IMG_0679-150x100.jpg\" class=\"attachment-thumbnail size-thumbnail\" alt=\"\" srcset=\"https:\/\/www.djk-erlangen.de\/fussball\/wp-content\/uploads\/2011\/06\/IMG_0679-150x100.jpg 150w, https:\/\/www.djk-erlangen.de\/fussball\/wp-content\/uploads\/2011\/06\/IMG_0679-300x200.jpg 300w, https:\/\/www.djk-erlangen.de\/fussball\/wp-content\/uploads\/2011\/06\/IMG_0679.jpg 640w\" sizes=\"auto, (max-width: 150px) 100vw, 150px\" \/><\/a>\n\t\t\t<\/dt><\/dl><dl class='gallery-item'>\n\t\t\t<dt class='gallery-icon landscape'>\n\t\t\t\t<a href='https:\/\/www.djk-erlangen.de\/fussball\/wp-content\/uploads\/2011\/06\/IMG_0680.jpg'><img loading=\"lazy\" decoding=\"async\" width=\"150\" height=\"100\" src=\"https:\/\/www.djk-erlangen.de\/fussball\/wp-content\/uploads\/2011\/06\/IMG_0680-150x100.jpg\" class=\"attachment-thumbnail size-thumbnail\" alt=\"\" srcset=\"https:\/\/www.djk-erlangen.de\/fussball\/wp-content\/uploads\/2011\/06\/IMG_0680-150x100.jpg 150w, https:\/\/www.djk-erlangen.de\/fussball\/wp-content\/uploads\/2011\/06\/IMG_0680-300x200.jpg 300w, https:\/\/www.djk-erlangen.de\/fussball\/wp-content\/uploads\/2011\/06\/IMG_0680.jpg 640w\" sizes=\"auto, (max-width: 150px) 100vw, 150px\" \/><\/a>\n\t\t\t<\/dt><\/dl><br style=\"clear: both\" \/><dl class='gallery-item'>\n\t\t\t<dt class='gallery-icon landscape'>\n\t\t\t\t<a href='https:\/\/www.djk-erlangen.de\/fussball\/wp-content\/uploads\/2011\/06\/IMG_0681.jpg'><img loading=\"lazy\" decoding=\"async\" width=\"150\" height=\"100\" src=\"https:\/\/www.djk-erlangen.de\/fussball\/wp-content\/uploads\/2011\/06\/IMG_0681-150x100.jpg\" class=\"attachment-thumbnail size-thumbnail\" alt=\"\" srcset=\"https:\/\/www.djk-erlangen.de\/fussball\/wp-content\/uploads\/2011\/06\/IMG_0681-150x100.jpg 150w, https:\/\/www.djk-erlangen.de\/fussball\/wp-content\/uploads\/2011\/06\/IMG_0681-300x200.jpg 300w, https:\/\/www.djk-erlangen.de\/fussball\/wp-content\/uploads\/2011\/06\/IMG_0681.jpg 640w\" sizes=\"auto, (max-width: 150px) 100vw, 150px\" \/><\/a>\n\t\t\t<\/dt><\/dl><dl class='gallery-item'>\n\t\t\t<dt class='gallery-icon landscape'>\n\t\t\t\t<a href='https:\/\/www.djk-erlangen.de\/fussball\/wp-content\/uploads\/2011\/06\/IMG_0682.jpg'><img loading=\"lazy\" decoding=\"async\" width=\"150\" height=\"100\" src=\"https:\/\/www.djk-erlangen.de\/fussball\/wp-content\/uploads\/2011\/06\/IMG_0682-150x100.jpg\" class=\"attachment-thumbnail size-thumbnail\" alt=\"\" srcset=\"https:\/\/www.djk-erlangen.de\/fussball\/wp-content\/uploads\/2011\/06\/IMG_0682-150x100.jpg 150w, https:\/\/www.djk-erlangen.de\/fussball\/wp-content\/uploads\/2011\/06\/IMG_0682-300x200.jpg 300w, https:\/\/www.djk-erlangen.de\/fussball\/wp-content\/uploads\/2011\/06\/IMG_0682.jpg 640w\" sizes=\"auto, (max-width: 150px) 100vw, 150px\" \/><\/a>\n\t\t\t<\/dt><\/dl><dl class='gallery-item'>\n\t\t\t<dt class='gallery-icon landscape'>\n\t\t\t\t<a href='https:\/\/www.djk-erlangen.de\/fussball\/wp-content\/uploads\/2011\/06\/IMG_0683.jpg'><img loading=\"lazy\" decoding=\"async\" width=\"150\" height=\"100\" src=\"https:\/\/www.djk-erlangen.de\/fussball\/wp-content\/uploads\/2011\/06\/IMG_0683-150x100.jpg\" class=\"attachment-thumbnail size-thumbnail\" alt=\"\" srcset=\"https:\/\/www.djk-erlangen.de\/fussball\/wp-content\/uploads\/2011\/06\/IMG_0683-150x100.jpg 150w, https:\/\/www.djk-erlangen.de\/fussball\/wp-content\/uploads\/2011\/06\/IMG_0683-300x200.jpg 300w, https:\/\/www.djk-erlangen.de\/fussball\/wp-content\/uploads\/2011\/06\/IMG_0683.jpg 640w\" sizes=\"auto, (max-width: 150px) 100vw, 150px\" \/><\/a>\n\t\t\t<\/dt><\/dl><br style=\"clear: both\" \/><dl class='gallery-item'>\n\t\t\t<dt class='gallery-icon landscape'>\n\t\t\t\t<a href='https:\/\/www.djk-erlangen.de\/fussball\/wp-content\/uploads\/2011\/06\/IMG_0685.jpg'><img loading=\"lazy\" decoding=\"async\" width=\"150\" height=\"100\" src=\"https:\/\/www.djk-erlangen.de\/fussball\/wp-content\/uploads\/2011\/06\/IMG_0685-150x100.jpg\" class=\"attachment-thumbnail size-thumbnail\" alt=\"\" srcset=\"https:\/\/www.djk-erlangen.de\/fussball\/wp-content\/uploads\/2011\/06\/IMG_0685-150x100.jpg 150w, https:\/\/www.djk-erlangen.de\/fussball\/wp-content\/uploads\/2011\/06\/IMG_0685-300x200.jpg 300w, https:\/\/www.djk-erlangen.de\/fussball\/wp-content\/uploads\/2011\/06\/IMG_0685.jpg 640w\" sizes=\"auto, (max-width: 150px) 100vw, 150px\" \/><\/a>\n\t\t\t<\/dt><\/dl><dl class='gallery-item'>\n\t\t\t<dt class='gallery-icon landscape'>\n\t\t\t\t<a href='https:\/\/www.djk-erlangen.de\/fussball\/wp-content\/uploads\/2011\/06\/IMG_0688.jpg'><img loading=\"lazy\" decoding=\"async\" width=\"150\" height=\"100\" src=\"https:\/\/www.djk-erlangen.de\/fussball\/wp-content\/uploads\/2011\/06\/IMG_0688-150x100.jpg\" class=\"attachment-thumbnail size-thumbnail\" alt=\"\" srcset=\"https:\/\/www.djk-erlangen.de\/fussball\/wp-content\/uploads\/2011\/06\/IMG_0688-150x100.jpg 150w, https:\/\/www.djk-erlangen.de\/fussball\/wp-content\/uploads\/2011\/06\/IMG_0688-300x200.jpg 300w, https:\/\/www.djk-erlangen.de\/fussball\/wp-content\/uploads\/2011\/06\/IMG_0688.jpg 640w\" sizes=\"auto, (max-width: 150px) 100vw, 150px\" \/><\/a>\n\t\t\t<\/dt><\/dl><dl class='gallery-item'>\n\t\t\t<dt class='gallery-icon landscape'>\n\t\t\t\t<a href='https:\/\/www.djk-erlangen.de\/fussball\/wp-content\/uploads\/2011\/06\/IMG_06911.jpg'><img loading=\"lazy\" decoding=\"async\" width=\"150\" height=\"100\" src=\"https:\/\/www.djk-erlangen.de\/fussball\/wp-content\/uploads\/2011\/06\/IMG_06911-150x100.jpg\" class=\"attachment-thumbnail size-thumbnail\" alt=\"\" srcset=\"https:\/\/www.djk-erlangen.de\/fussball\/wp-content\/uploads\/2011\/06\/IMG_06911-150x100.jpg 150w, https:\/\/www.djk-erlangen.de\/fussball\/wp-content\/uploads\/2011\/06\/IMG_06911-300x200.jpg 300w, https:\/\/www.djk-erlangen.de\/fussball\/wp-content\/uploads\/2011\/06\/IMG_06911.jpg 640w\" sizes=\"auto, (max-width: 150px) 100vw, 150px\" \/><\/a>\n\t\t\t<\/dt><\/dl><br style=\"clear: both\" \/><dl class='gallery-item'>\n\t\t\t<dt class='gallery-icon landscape'>\n\t\t\t\t<a href='https:\/\/www.djk-erlangen.de\/fussball\/wp-content\/uploads\/2011\/06\/IMG_0692.jpg'><img loading=\"lazy\" decoding=\"async\" width=\"150\" height=\"100\" src=\"https:\/\/www.djk-erlangen.de\/fussball\/wp-content\/uploads\/2011\/06\/IMG_0692-150x100.jpg\" class=\"attachment-thumbnail size-thumbnail\" alt=\"\" srcset=\"https:\/\/www.djk-erlangen.de\/fussball\/wp-content\/uploads\/2011\/06\/IMG_0692-150x100.jpg 150w, https:\/\/www.djk-erlangen.de\/fussball\/wp-content\/uploads\/2011\/06\/IMG_0692-300x200.jpg 300w, https:\/\/www.djk-erlangen.de\/fussball\/wp-content\/uploads\/2011\/06\/IMG_0692.jpg 640w\" sizes=\"auto, (max-width: 150px) 100vw, 150px\" \/><\/a>\n\t\t\t<\/dt><\/dl><dl class='gallery-item'>\n\t\t\t<dt class='gallery-icon landscape'>\n\t\t\t\t<a href='https:\/\/www.djk-erlangen.de\/fussball\/wp-content\/uploads\/2011\/06\/IMG_0693.jpg'><img loading=\"lazy\" decoding=\"async\" width=\"150\" height=\"100\" src=\"https:\/\/www.djk-erlangen.de\/fussball\/wp-content\/uploads\/2011\/06\/IMG_0693-150x100.jpg\" class=\"attachment-thumbnail size-thumbnail\" alt=\"\" srcset=\"https:\/\/www.djk-erlangen.de\/fussball\/wp-content\/uploads\/2011\/06\/IMG_0693-150x100.jpg 150w, https:\/\/www.djk-erlangen.de\/fussball\/wp-content\/uploads\/2011\/06\/IMG_0693-300x200.jpg 300w, https:\/\/www.djk-erlangen.de\/fussball\/wp-content\/uploads\/2011\/06\/IMG_0693.jpg 640w\" sizes=\"auto, (max-width: 150px) 100vw, 150px\" \/><\/a>\n\t\t\t<\/dt><\/dl><dl class='gallery-item'>\n\t\t\t<dt class='gallery-icon landscape'>\n\t\t\t\t<a href='https:\/\/www.djk-erlangen.de\/fussball\/wp-content\/uploads\/2011\/06\/IMG_0694.jpg'><img loading=\"lazy\" decoding=\"async\" width=\"150\" height=\"100\" src=\"https:\/\/www.djk-erlangen.de\/fussball\/wp-content\/uploads\/2011\/06\/IMG_0694-150x100.jpg\" class=\"attachment-thumbnail size-thumbnail\" alt=\"\" srcset=\"https:\/\/www.djk-erlangen.de\/fussball\/wp-content\/uploads\/2011\/06\/IMG_0694-150x100.jpg 150w, https:\/\/www.djk-erlangen.de\/fussball\/wp-content\/uploads\/2011\/06\/IMG_0694-300x200.jpg 300w, https:\/\/www.djk-erlangen.de\/fussball\/wp-content\/uploads\/2011\/06\/IMG_0694.jpg 640w\" sizes=\"auto, (max-width: 150px) 100vw, 150px\" \/><\/a>\n\t\t\t<\/dt><\/dl><br style=\"clear: both\" \/><dl class='gallery-item'>\n\t\t\t<dt class='gallery-icon landscape'>\n\t\t\t\t<a href='https:\/\/www.djk-erlangen.de\/fussball\/wp-content\/uploads\/2011\/06\/IMG_0697.jpg'><img loading=\"lazy\" decoding=\"async\" width=\"150\" height=\"100\" src=\"https:\/\/www.djk-erlangen.de\/fussball\/wp-content\/uploads\/2011\/06\/IMG_0697-150x100.jpg\" class=\"attachment-thumbnail size-thumbnail\" alt=\"\" srcset=\"https:\/\/www.djk-erlangen.de\/fussball\/wp-content\/uploads\/2011\/06\/IMG_0697-150x100.jpg 150w, https:\/\/www.djk-erlangen.de\/fussball\/wp-content\/uploads\/2011\/06\/IMG_0697-300x200.jpg 300w, https:\/\/www.djk-erlangen.de\/fussball\/wp-content\/uploads\/2011\/06\/IMG_0697.jpg 640w\" sizes=\"auto, (max-width: 150px) 100vw, 150px\" \/><\/a>\n\t\t\t<\/dt><\/dl><dl class='gallery-item'>\n\t\t\t<dt class='gallery-icon portrait'>\n\t\t\t\t<a href='https:\/\/www.djk-erlangen.de\/fussball\/wp-content\/uploads\/2011\/06\/IMG_0698.jpg'><img loading=\"lazy\" decoding=\"async\" width=\"100\" height=\"150\" src=\"https:\/\/www.djk-erlangen.de\/fussball\/wp-content\/uploads\/2011\/06\/IMG_0698-100x150.jpg\" class=\"attachment-thumbnail size-thumbnail\" alt=\"\" srcset=\"https:\/\/www.djk-erlangen.de\/fussball\/wp-content\/uploads\/2011\/06\/IMG_0698-100x150.jpg 100w, https:\/\/www.djk-erlangen.de\/fussball\/wp-content\/uploads\/2011\/06\/IMG_0698-200x300.jpg 200w, https:\/\/www.djk-erlangen.de\/fussball\/wp-content\/uploads\/2011\/06\/IMG_0698.jpg 427w\" sizes=\"auto, (max-width: 100px) 100vw, 100px\" \/><\/a>\n\t\t\t<\/dt><\/dl><dl class='gallery-item'>\n\t\t\t<dt class='gallery-icon landscape'>\n\t\t\t\t<a href='https:\/\/www.djk-erlangen.de\/fussball\/wp-content\/uploads\/2011\/06\/IMG_0702.jpg'><img loading=\"lazy\" decoding=\"async\" width=\"150\" height=\"100\" src=\"https:\/\/www.djk-erlangen.de\/fussball\/wp-content\/uploads\/2011\/06\/IMG_0702-150x100.jpg\" class=\"attachment-thumbnail size-thumbnail\" alt=\"\" srcset=\"https:\/\/www.djk-erlangen.de\/fussball\/wp-content\/uploads\/2011\/06\/IMG_0702-150x100.jpg 150w, https:\/\/www.djk-erlangen.de\/fussball\/wp-content\/uploads\/2011\/06\/IMG_0702-300x200.jpg 300w, https:\/\/www.djk-erlangen.de\/fussball\/wp-content\/uploads\/2011\/06\/IMG_0702.jpg 640w\" sizes=\"auto, (max-width: 150px) 100vw, 150px\" \/><\/a>\n\t\t\t<\/dt><\/dl><br style=\"clear: both\" \/><dl class='gallery-item'>\n\t\t\t<dt class='gallery-icon landscape'>\n\t\t\t\t<a href='https:\/\/www.djk-erlangen.de\/fussball\/wp-content\/uploads\/2011\/06\/IMG_0704.jpg'><img loading=\"lazy\" decoding=\"async\" width=\"150\" height=\"100\" src=\"https:\/\/www.djk-erlangen.de\/fussball\/wp-content\/uploads\/2011\/06\/IMG_0704-150x100.jpg\" class=\"attachment-thumbnail size-thumbnail\" alt=\"\" srcset=\"https:\/\/www.djk-erlangen.de\/fussball\/wp-content\/uploads\/2011\/06\/IMG_0704-150x100.jpg 150w, https:\/\/www.djk-erlangen.de\/fussball\/wp-content\/uploads\/2011\/06\/IMG_0704-300x200.jpg 300w, https:\/\/www.djk-erlangen.de\/fussball\/wp-content\/uploads\/2011\/06\/IMG_0704.jpg 640w\" sizes=\"auto, (max-width: 150px) 100vw, 150px\" \/><\/a>\n\t\t\t<\/dt><\/dl><dl class='gallery-item'>\n\t\t\t<dt class='gallery-icon landscape'>\n\t\t\t\t<a href='https:\/\/www.djk-erlangen.de\/fussball\/wp-content\/uploads\/2011\/06\/IMG_0705.jpg'><img loading=\"lazy\" decoding=\"async\" width=\"150\" height=\"100\" src=\"https:\/\/www.djk-erlangen.de\/fussball\/wp-content\/uploads\/2011\/06\/IMG_0705-150x100.jpg\" class=\"attachment-thumbnail size-thumbnail\" alt=\"\" srcset=\"https:\/\/www.djk-erlangen.de\/fussball\/wp-content\/uploads\/2011\/06\/IMG_0705-150x100.jpg 150w, https:\/\/www.djk-erlangen.de\/fussball\/wp-content\/uploads\/2011\/06\/IMG_0705-300x200.jpg 300w, https:\/\/www.djk-erlangen.de\/fussball\/wp-content\/uploads\/2011\/06\/IMG_0705.jpg 640w\" sizes=\"auto, (max-width: 150px) 100vw, 150px\" \/><\/a>\n\t\t\t<\/dt><\/dl><dl class='gallery-item'>\n\t\t\t<dt class='gallery-icon landscape'>\n\t\t\t\t<a href='https:\/\/www.djk-erlangen.de\/fussball\/wp-content\/uploads\/2011\/06\/IMG_0707.jpg'><img loading=\"lazy\" decoding=\"async\" width=\"150\" height=\"100\" src=\"https:\/\/www.djk-erlangen.de\/fussball\/wp-content\/uploads\/2011\/06\/IMG_0707-150x100.jpg\" class=\"attachment-thumbnail size-thumbnail\" alt=\"\" srcset=\"https:\/\/www.djk-erlangen.de\/fussball\/wp-content\/uploads\/2011\/06\/IMG_0707-150x100.jpg 150w, https:\/\/www.djk-erlangen.de\/fussball\/wp-content\/uploads\/2011\/06\/IMG_0707-300x200.jpg 300w, https:\/\/www.djk-erlangen.de\/fussball\/wp-content\/uploads\/2011\/06\/IMG_0707.jpg 640w\" sizes=\"auto, (max-width: 150px) 100vw, 150px\" \/><\/a>\n\t\t\t<\/dt><\/dl><br style=\"clear: both\" \/><dl class='gallery-item'>\n\t\t\t<dt class='gallery-icon landscape'>\n\t\t\t\t<a href='https:\/\/www.djk-erlangen.de\/fussball\/wp-content\/uploads\/2011\/06\/IMG_0709.jpg'><img loading=\"lazy\" decoding=\"async\" width=\"150\" height=\"100\" src=\"https:\/\/www.djk-erlangen.de\/fussball\/wp-content\/uploads\/2011\/06\/IMG_0709-150x100.jpg\" class=\"attachment-thumbnail size-thumbnail\" alt=\"\" srcset=\"https:\/\/www.djk-erlangen.de\/fussball\/wp-content\/uploads\/2011\/06\/IMG_0709-150x100.jpg 150w, https:\/\/www.djk-erlangen.de\/fussball\/wp-content\/uploads\/2011\/06\/IMG_0709-300x200.jpg 300w, https:\/\/www.djk-erlangen.de\/fussball\/wp-content\/uploads\/2011\/06\/IMG_0709.jpg 640w\" sizes=\"auto, (max-width: 150px) 100vw, 150px\" \/><\/a>\n\t\t\t<\/dt><\/dl><dl class='gallery-item'>\n\t\t\t<dt class='gallery-icon landscape'>\n\t\t\t\t<a href='https:\/\/www.djk-erlangen.de\/fussball\/wp-content\/uploads\/2011\/06\/IMG_0710.jpg'><img loading=\"lazy\" decoding=\"async\" width=\"150\" height=\"100\" src=\"https:\/\/www.djk-erlangen.de\/fussball\/wp-content\/uploads\/2011\/06\/IMG_0710-150x100.jpg\" class=\"attachment-thumbnail size-thumbnail\" alt=\"\" srcset=\"https:\/\/www.djk-erlangen.de\/fussball\/wp-content\/uploads\/2011\/06\/IMG_0710-150x100.jpg 150w, https:\/\/www.djk-erlangen.de\/fussball\/wp-content\/uploads\/2011\/06\/IMG_0710-300x200.jpg 300w, https:\/\/www.djk-erlangen.de\/fussball\/wp-content\/uploads\/2011\/06\/IMG_0710.jpg 640w\" sizes=\"auto, (max-width: 150px) 100vw, 150px\" \/><\/a>\n\t\t\t<\/dt><\/dl><dl class='gallery-item'>\n\t\t\t<dt class='gallery-icon landscape'>\n\t\t\t\t<a href='https:\/\/www.djk-erlangen.de\/fussball\/wp-content\/uploads\/2011\/06\/IMG_07111.jpg'><img loading=\"lazy\" decoding=\"async\" width=\"150\" height=\"100\" src=\"https:\/\/www.djk-erlangen.de\/fussball\/wp-content\/uploads\/2011\/06\/IMG_07111-150x100.jpg\" class=\"attachment-thumbnail size-thumbnail\" alt=\"\" srcset=\"https:\/\/www.djk-erlangen.de\/fussball\/wp-content\/uploads\/2011\/06\/IMG_07111-150x100.jpg 150w, https:\/\/www.djk-erlangen.de\/fussball\/wp-content\/uploads\/2011\/06\/IMG_07111-300x200.jpg 300w, https:\/\/www.djk-erlangen.de\/fussball\/wp-content\/uploads\/2011\/06\/IMG_07111.jpg 640w\" sizes=\"auto, (max-width: 150px) 100vw, 150px\" \/><\/a>\n\t\t\t<\/dt><\/dl><br style=\"clear: both\" \/><dl class='gallery-item'>\n\t\t\t<dt class='gallery-icon landscape'>\n\t\t\t\t<a href='https:\/\/www.djk-erlangen.de\/fussball\/wp-content\/uploads\/2011\/06\/IMG_0712.jpg'><img loading=\"lazy\" decoding=\"async\" width=\"150\" height=\"100\" src=\"https:\/\/www.djk-erlangen.de\/fussball\/wp-content\/uploads\/2011\/06\/IMG_0712-150x100.jpg\" class=\"attachment-thumbnail size-thumbnail\" alt=\"\" srcset=\"https:\/\/www.djk-erlangen.de\/fussball\/wp-content\/uploads\/2011\/06\/IMG_0712-150x100.jpg 150w, https:\/\/www.djk-erlangen.de\/fussball\/wp-content\/uploads\/2011\/06\/IMG_0712-300x200.jpg 300w, https:\/\/www.djk-erlangen.de\/fussball\/wp-content\/uploads\/2011\/06\/IMG_0712.jpg 640w\" sizes=\"auto, (max-width: 150px) 100vw, 150px\" \/><\/a>\n\t\t\t<\/dt><\/dl><dl class='gallery-item'>\n\t\t\t<dt class='gallery-icon landscape'>\n\t\t\t\t<a href='https:\/\/www.djk-erlangen.de\/fussball\/wp-content\/uploads\/2011\/06\/IMG_07151.jpg'><img loading=\"lazy\" decoding=\"async\" width=\"150\" height=\"100\" src=\"https:\/\/www.djk-erlangen.de\/fussball\/wp-content\/uploads\/2011\/06\/IMG_07151-150x100.jpg\" class=\"attachment-thumbnail size-thumbnail\" alt=\"\" srcset=\"https:\/\/www.djk-erlangen.de\/fussball\/wp-content\/uploads\/2011\/06\/IMG_07151-150x100.jpg 150w, https:\/\/www.djk-erlangen.de\/fussball\/wp-content\/uploads\/2011\/06\/IMG_07151-300x200.jpg 300w, https:\/\/www.djk-erlangen.de\/fussball\/wp-content\/uploads\/2011\/06\/IMG_07151.jpg 640w\" sizes=\"auto, (max-width: 150px) 100vw, 150px\" \/><\/a>\n\t\t\t<\/dt><\/dl><dl class='gallery-item'>\n\t\t\t<dt class='gallery-icon landscape'>\n\t\t\t\t<a href='https:\/\/www.djk-erlangen.de\/fussball\/wp-content\/uploads\/2011\/06\/IMG_0716.jpg'><img loading=\"lazy\" decoding=\"async\" width=\"150\" height=\"100\" src=\"https:\/\/www.djk-erlangen.de\/fussball\/wp-content\/uploads\/2011\/06\/IMG_0716-150x100.jpg\" class=\"attachment-thumbnail size-thumbnail\" alt=\"\" srcset=\"https:\/\/www.djk-erlangen.de\/fussball\/wp-content\/uploads\/2011\/06\/IMG_0716-150x100.jpg 150w, https:\/\/www.djk-erlangen.de\/fussball\/wp-content\/uploads\/2011\/06\/IMG_0716-300x200.jpg 300w, https:\/\/www.djk-erlangen.de\/fussball\/wp-content\/uploads\/2011\/06\/IMG_0716.jpg 640w\" sizes=\"auto, (max-width: 150px) 100vw, 150px\" \/><\/a>\n\t\t\t<\/dt><\/dl><br style=\"clear: both\" \/><dl class='gallery-item'>\n\t\t\t<dt class='gallery-icon landscape'>\n\t\t\t\t<a href='https:\/\/www.djk-erlangen.de\/fussball\/wp-content\/uploads\/2011\/06\/IMG_0717.jpg'><img loading=\"lazy\" decoding=\"async\" width=\"150\" height=\"100\" src=\"https:\/\/www.djk-erlangen.de\/fussball\/wp-content\/uploads\/2011\/06\/IMG_0717-150x100.jpg\" class=\"attachment-thumbnail size-thumbnail\" alt=\"\" srcset=\"https:\/\/www.djk-erlangen.de\/fussball\/wp-content\/uploads\/2011\/06\/IMG_0717-150x100.jpg 150w, https:\/\/www.djk-erlangen.de\/fussball\/wp-content\/uploads\/2011\/06\/IMG_0717-300x200.jpg 300w, https:\/\/www.djk-erlangen.de\/fussball\/wp-content\/uploads\/2011\/06\/IMG_0717.jpg 640w\" sizes=\"auto, (max-width: 150px) 100vw, 150px\" \/><\/a>\n\t\t\t<\/dt><\/dl><dl class='gallery-item'>\n\t\t\t<dt class='gallery-icon landscape'>\n\t\t\t\t<a href='https:\/\/www.djk-erlangen.de\/fussball\/wp-content\/uploads\/2011\/06\/IMG_0719.jpg'><img loading=\"lazy\" decoding=\"async\" width=\"150\" height=\"100\" src=\"https:\/\/www.djk-erlangen.de\/fussball\/wp-content\/uploads\/2011\/06\/IMG_0719-150x100.jpg\" class=\"attachment-thumbnail size-thumbnail\" alt=\"\" srcset=\"https:\/\/www.djk-erlangen.de\/fussball\/wp-content\/uploads\/2011\/06\/IMG_0719-150x100.jpg 150w, https:\/\/www.djk-erlangen.de\/fussball\/wp-content\/uploads\/2011\/06\/IMG_0719-300x200.jpg 300w, https:\/\/www.djk-erlangen.de\/fussball\/wp-content\/uploads\/2011\/06\/IMG_0719.jpg 640w\" sizes=\"auto, (max-width: 150px) 100vw, 150px\" \/><\/a>\n\t\t\t<\/dt><\/dl><dl class='gallery-item'>\n\t\t\t<dt class='gallery-icon landscape'>\n\t\t\t\t<a href='https:\/\/www.djk-erlangen.de\/fussball\/wp-content\/uploads\/2011\/06\/IMG_0720.jpg'><img loading=\"lazy\" decoding=\"async\" width=\"150\" height=\"100\" src=\"https:\/\/www.djk-erlangen.de\/fussball\/wp-content\/uploads\/2011\/06\/IMG_0720-150x100.jpg\" class=\"attachment-thumbnail size-thumbnail\" alt=\"\" srcset=\"https:\/\/www.djk-erlangen.de\/fussball\/wp-content\/uploads\/2011\/06\/IMG_0720-150x100.jpg 150w, https:\/\/www.djk-erlangen.de\/fussball\/wp-content\/uploads\/2011\/06\/IMG_0720-300x200.jpg 300w, https:\/\/www.djk-erlangen.de\/fussball\/wp-content\/uploads\/2011\/06\/IMG_0720.jpg 640w\" sizes=\"auto, (max-width: 150px) 100vw, 150px\" \/><\/a>\n\t\t\t<\/dt><\/dl><br style=\"clear: both\" \/><dl class='gallery-item'>\n\t\t\t<dt class='gallery-icon landscape'>\n\t\t\t\t<a href='https:\/\/www.djk-erlangen.de\/fussball\/wp-content\/uploads\/2011\/06\/IMG_0721.jpg'><img loading=\"lazy\" decoding=\"async\" width=\"150\" height=\"100\" src=\"https:\/\/www.djk-erlangen.de\/fussball\/wp-content\/uploads\/2011\/06\/IMG_0721-150x100.jpg\" class=\"attachment-thumbnail size-thumbnail\" alt=\"\" srcset=\"https:\/\/www.djk-erlangen.de\/fussball\/wp-content\/uploads\/2011\/06\/IMG_0721-150x100.jpg 150w, https:\/\/www.djk-erlangen.de\/fussball\/wp-content\/uploads\/2011\/06\/IMG_0721-300x200.jpg 300w, https:\/\/www.djk-erlangen.de\/fussball\/wp-content\/uploads\/2011\/06\/IMG_0721.jpg 640w\" sizes=\"auto, (max-width: 150px) 100vw, 150px\" \/><\/a>\n\t\t\t<\/dt><\/dl><dl class='gallery-item'>\n\t\t\t<dt class='gallery-icon landscape'>\n\t\t\t\t<a href='https:\/\/www.djk-erlangen.de\/fussball\/wp-content\/uploads\/2011\/06\/IMG_0745.jpg'><img loading=\"lazy\" decoding=\"async\" width=\"150\" height=\"100\" src=\"https:\/\/www.djk-erlangen.de\/fussball\/wp-content\/uploads\/2011\/06\/IMG_0745-150x100.jpg\" class=\"attachment-thumbnail size-thumbnail\" alt=\"\" srcset=\"https:\/\/www.djk-erlangen.de\/fussball\/wp-content\/uploads\/2011\/06\/IMG_0745-150x100.jpg 150w, https:\/\/www.djk-erlangen.de\/fussball\/wp-content\/uploads\/2011\/06\/IMG_0745-300x200.jpg 300w, https:\/\/www.djk-erlangen.de\/fussball\/wp-content\/uploads\/2011\/06\/IMG_0745.jpg 640w\" sizes=\"auto, (max-width: 150px) 100vw, 150px\" \/><\/a>\n\t\t\t<\/dt><\/dl><dl class='gallery-item'>\n\t\t\t<dt class='gallery-icon landscape'>\n\t\t\t\t<a href='https:\/\/www.djk-erlangen.de\/fussball\/wp-content\/uploads\/2011\/06\/IMG_0749.jpg'><img loading=\"lazy\" decoding=\"async\" width=\"150\" height=\"100\" src=\"https:\/\/www.djk-erlangen.de\/fussball\/wp-content\/uploads\/2011\/06\/IMG_0749-150x100.jpg\" class=\"attachment-thumbnail size-thumbnail\" alt=\"\" srcset=\"https:\/\/www.djk-erlangen.de\/fussball\/wp-content\/uploads\/2011\/06\/IMG_0749-150x100.jpg 150w, https:\/\/www.djk-erlangen.de\/fussball\/wp-content\/uploads\/2011\/06\/IMG_0749-300x200.jpg 300w, https:\/\/www.djk-erlangen.de\/fussball\/wp-content\/uploads\/2011\/06\/IMG_0749.jpg 640w\" sizes=\"auto, (max-width: 150px) 100vw, 150px\" \/><\/a>\n\t\t\t<\/dt><\/dl><br style=\"clear: both\" \/><dl class='gallery-item'>\n\t\t\t<dt class='gallery-icon landscape'>\n\t\t\t\t<a href='https:\/\/www.djk-erlangen.de\/fussball\/wp-content\/uploads\/2011\/06\/IMG_0750.jpg'><img loading=\"lazy\" decoding=\"async\" width=\"150\" height=\"100\" src=\"https:\/\/www.djk-erlangen.de\/fussball\/wp-content\/uploads\/2011\/06\/IMG_0750-150x100.jpg\" class=\"attachment-thumbnail size-thumbnail\" alt=\"\" srcset=\"https:\/\/www.djk-erlangen.de\/fussball\/wp-content\/uploads\/2011\/06\/IMG_0750-150x100.jpg 150w, https:\/\/www.djk-erlangen.de\/fussball\/wp-content\/uploads\/2011\/06\/IMG_0750-300x200.jpg 300w, https:\/\/www.djk-erlangen.de\/fussball\/wp-content\/uploads\/2011\/06\/IMG_0750.jpg 640w\" sizes=\"auto, (max-width: 150px) 100vw, 150px\" \/><\/a>\n\t\t\t<\/dt><\/dl><dl class='gallery-item'>\n\t\t\t<dt class='gallery-icon landscape'>\n\t\t\t\t<a href='https:\/\/www.djk-erlangen.de\/fussball\/wp-content\/uploads\/2011\/06\/IMG_0757.jpg'><img loading=\"lazy\" decoding=\"async\" width=\"150\" height=\"100\" src=\"https:\/\/www.djk-erlangen.de\/fussball\/wp-content\/uploads\/2011\/06\/IMG_0757-150x100.jpg\" class=\"attachment-thumbnail size-thumbnail\" alt=\"\" srcset=\"https:\/\/www.djk-erlangen.de\/fussball\/wp-content\/uploads\/2011\/06\/IMG_0757-150x100.jpg 150w, https:\/\/www.djk-erlangen.de\/fussball\/wp-content\/uploads\/2011\/06\/IMG_0757-300x200.jpg 300w, https:\/\/www.djk-erlangen.de\/fussball\/wp-content\/uploads\/2011\/06\/IMG_0757.jpg 640w\" sizes=\"auto, (max-width: 150px) 100vw, 150px\" \/><\/a>\n\t\t\t<\/dt><\/dl><dl class='gallery-item'>\n\t\t\t<dt class='gallery-icon landscape'>\n\t\t\t\t<a href='https:\/\/www.djk-erlangen.de\/fussball\/wp-content\/uploads\/2011\/06\/IMG_0761.jpg'><img loading=\"lazy\" decoding=\"async\" width=\"150\" height=\"100\" src=\"https:\/\/www.djk-erlangen.de\/fussball\/wp-content\/uploads\/2011\/06\/IMG_0761-150x100.jpg\" class=\"attachment-thumbnail size-thumbnail\" alt=\"\" srcset=\"https:\/\/www.djk-erlangen.de\/fussball\/wp-content\/uploads\/2011\/06\/IMG_0761-150x100.jpg 150w, https:\/\/www.djk-erlangen.de\/fussball\/wp-content\/uploads\/2011\/06\/IMG_0761-300x200.jpg 300w, https:\/\/www.djk-erlangen.de\/fussball\/wp-content\/uploads\/2011\/06\/IMG_0761.jpg 640w\" sizes=\"auto, (max-width: 150px) 100vw, 150px\" \/><\/a>\n\t\t\t<\/dt><\/dl><br style=\"clear: both\" \/><dl class='gallery-item'>\n\t\t\t<dt class='gallery-icon landscape'>\n\t\t\t\t<a href='https:\/\/www.djk-erlangen.de\/fussball\/wp-content\/uploads\/2011\/06\/IMG_0763.jpg'><img loading=\"lazy\" decoding=\"async\" width=\"150\" height=\"100\" src=\"https:\/\/www.djk-erlangen.de\/fussball\/wp-content\/uploads\/2011\/06\/IMG_0763-150x100.jpg\" class=\"attachment-thumbnail size-thumbnail\" alt=\"\" srcset=\"https:\/\/www.djk-erlangen.de\/fussball\/wp-content\/uploads\/2011\/06\/IMG_0763-150x100.jpg 150w, https:\/\/www.djk-erlangen.de\/fussball\/wp-content\/uploads\/2011\/06\/IMG_0763-300x200.jpg 300w, https:\/\/www.djk-erlangen.de\/fussball\/wp-content\/uploads\/2011\/06\/IMG_0763.jpg 640w\" sizes=\"auto, (max-width: 150px) 100vw, 150px\" \/><\/a>\n\t\t\t<\/dt><\/dl><dl class='gallery-item'>\n\t\t\t<dt class='gallery-icon landscape'>\n\t\t\t\t<a href='https:\/\/www.djk-erlangen.de\/fussball\/wp-content\/uploads\/2011\/06\/IMG_0766.jpg'><img loading=\"lazy\" decoding=\"async\" width=\"150\" height=\"100\" src=\"https:\/\/www.djk-erlangen.de\/fussball\/wp-content\/uploads\/2011\/06\/IMG_0766-150x100.jpg\" class=\"attachment-thumbnail size-thumbnail\" alt=\"\" srcset=\"https:\/\/www.djk-erlangen.de\/fussball\/wp-content\/uploads\/2011\/06\/IMG_0766-150x100.jpg 150w, https:\/\/www.djk-erlangen.de\/fussball\/wp-content\/uploads\/2011\/06\/IMG_0766-300x200.jpg 300w, https:\/\/www.djk-erlangen.de\/fussball\/wp-content\/uploads\/2011\/06\/IMG_0766.jpg 640w\" sizes=\"auto, (max-width: 150px) 100vw, 150px\" \/><\/a>\n\t\t\t<\/dt><\/dl><dl class='gallery-item'>\n\t\t\t<dt class='gallery-icon landscape'>\n\t\t\t\t<a href='https:\/\/www.djk-erlangen.de\/fussball\/wp-content\/uploads\/2011\/06\/IMG_07671.jpg'><img loading=\"lazy\" decoding=\"async\" width=\"150\" height=\"100\" src=\"https:\/\/www.djk-erlangen.de\/fussball\/wp-content\/uploads\/2011\/06\/IMG_07671-150x100.jpg\" class=\"attachment-thumbnail size-thumbnail\" alt=\"\" srcset=\"https:\/\/www.djk-erlangen.de\/fussball\/wp-content\/uploads\/2011\/06\/IMG_07671-150x100.jpg 150w, https:\/\/www.djk-erlangen.de\/fussball\/wp-content\/uploads\/2011\/06\/IMG_07671-300x200.jpg 300w, https:\/\/www.djk-erlangen.de\/fussball\/wp-content\/uploads\/2011\/06\/IMG_07671.jpg 640w\" sizes=\"auto, (max-width: 150px) 100vw, 150px\" \/><\/a>\n\t\t\t<\/dt><\/dl><br style=\"clear: both\" \/><dl class='gallery-item'>\n\t\t\t<dt class='gallery-icon landscape'>\n\t\t\t\t<a href='https:\/\/www.djk-erlangen.de\/fussball\/wp-content\/uploads\/2011\/06\/IMG_0768.jpg'><img loading=\"lazy\" decoding=\"async\" width=\"150\" height=\"100\" src=\"https:\/\/www.djk-erlangen.de\/fussball\/wp-content\/uploads\/2011\/06\/IMG_0768-150x100.jpg\" class=\"attachment-thumbnail size-thumbnail\" alt=\"\" srcset=\"https:\/\/www.djk-erlangen.de\/fussball\/wp-content\/uploads\/2011\/06\/IMG_0768-150x100.jpg 150w, https:\/\/www.djk-erlangen.de\/fussball\/wp-content\/uploads\/2011\/06\/IMG_0768-300x200.jpg 300w, https:\/\/www.djk-erlangen.de\/fussball\/wp-content\/uploads\/2011\/06\/IMG_0768.jpg 640w\" sizes=\"auto, (max-width: 150px) 100vw, 150px\" \/><\/a>\n\t\t\t<\/dt><\/dl><dl class='gallery-item'>\n\t\t\t<dt class='gallery-icon landscape'>\n\t\t\t\t<a href='https:\/\/www.djk-erlangen.de\/fussball\/wp-content\/uploads\/2011\/06\/IMG_0769.jpg'><img loading=\"lazy\" decoding=\"async\" width=\"150\" height=\"100\" src=\"https:\/\/www.djk-erlangen.de\/fussball\/wp-content\/uploads\/2011\/06\/IMG_0769-150x100.jpg\" class=\"attachment-thumbnail size-thumbnail\" alt=\"\" srcset=\"https:\/\/www.djk-erlangen.de\/fussball\/wp-content\/uploads\/2011\/06\/IMG_0769-150x100.jpg 150w, https:\/\/www.djk-erlangen.de\/fussball\/wp-content\/uploads\/2011\/06\/IMG_0769-300x200.jpg 300w, https:\/\/www.djk-erlangen.de\/fussball\/wp-content\/uploads\/2011\/06\/IMG_0769.jpg 640w\" sizes=\"auto, (max-width: 150px) 100vw, 150px\" \/><\/a>\n\t\t\t<\/dt><\/dl><dl class='gallery-item'>\n\t\t\t<dt class='gallery-icon landscape'>\n\t\t\t\t<a href='https:\/\/www.djk-erlangen.de\/fussball\/wp-content\/uploads\/2011\/06\/IMG_0773.jpg'><img loading=\"lazy\" decoding=\"async\" width=\"150\" height=\"100\" src=\"https:\/\/www.djk-erlangen.de\/fussball\/wp-content\/uploads\/2011\/06\/IMG_0773-150x100.jpg\" class=\"attachment-thumbnail size-thumbnail\" alt=\"\" srcset=\"https:\/\/www.djk-erlangen.de\/fussball\/wp-content\/uploads\/2011\/06\/IMG_0773-150x100.jpg 150w, https:\/\/www.djk-erlangen.de\/fussball\/wp-content\/uploads\/2011\/06\/IMG_0773-300x200.jpg 300w, https:\/\/www.djk-erlangen.de\/fussball\/wp-content\/uploads\/2011\/06\/IMG_0773.jpg 640w\" sizes=\"auto, (max-width: 150px) 100vw, 150px\" \/><\/a>\n\t\t\t<\/dt><\/dl><br style=\"clear: both\" \/><dl class='gallery-item'>\n\t\t\t<dt class='gallery-icon landscape'>\n\t\t\t\t<a href='https:\/\/www.djk-erlangen.de\/fussball\/wp-content\/uploads\/2011\/06\/IMG_0774.jpg'><img loading=\"lazy\" decoding=\"async\" width=\"150\" height=\"100\" src=\"https:\/\/www.djk-erlangen.de\/fussball\/wp-content\/uploads\/2011\/06\/IMG_0774-150x100.jpg\" class=\"attachment-thumbnail size-thumbnail\" alt=\"\" srcset=\"https:\/\/www.djk-erlangen.de\/fussball\/wp-content\/uploads\/2011\/06\/IMG_0774-150x100.jpg 150w, https:\/\/www.djk-erlangen.de\/fussball\/wp-content\/uploads\/2011\/06\/IMG_0774-300x200.jpg 300w, https:\/\/www.djk-erlangen.de\/fussball\/wp-content\/uploads\/2011\/06\/IMG_0774.jpg 640w\" sizes=\"auto, (max-width: 150px) 100vw, 150px\" \/><\/a>\n\t\t\t<\/dt><\/dl><dl class='gallery-item'>\n\t\t\t<dt class='gallery-icon landscape'>\n\t\t\t\t<a href='https:\/\/www.djk-erlangen.de\/fussball\/wp-content\/uploads\/2011\/06\/IMG_0775.jpg'><img loading=\"lazy\" decoding=\"async\" width=\"150\" height=\"100\" src=\"https:\/\/www.djk-erlangen.de\/fussball\/wp-content\/uploads\/2011\/06\/IMG_0775-150x100.jpg\" class=\"attachment-thumbnail size-thumbnail\" alt=\"\" srcset=\"https:\/\/www.djk-erlangen.de\/fussball\/wp-content\/uploads\/2011\/06\/IMG_0775-150x100.jpg 150w, https:\/\/www.djk-erlangen.de\/fussball\/wp-content\/uploads\/2011\/06\/IMG_0775-300x200.jpg 300w, https:\/\/www.djk-erlangen.de\/fussball\/wp-content\/uploads\/2011\/06\/IMG_0775.jpg 640w\" sizes=\"auto, (max-width: 150px) 100vw, 150px\" \/><\/a>\n\t\t\t<\/dt><\/dl><dl class='gallery-item'>\n\t\t\t<dt class='gallery-icon landscape'>\n\t\t\t\t<a href='https:\/\/www.djk-erlangen.de\/fussball\/wp-content\/uploads\/2011\/06\/IMG_0781.jpg'><img loading=\"lazy\" decoding=\"async\" width=\"150\" height=\"100\" src=\"https:\/\/www.djk-erlangen.de\/fussball\/wp-content\/uploads\/2011\/06\/IMG_0781-150x100.jpg\" class=\"attachment-thumbnail size-thumbnail\" alt=\"\" srcset=\"https:\/\/www.djk-erlangen.de\/fussball\/wp-content\/uploads\/2011\/06\/IMG_0781-150x100.jpg 150w, https:\/\/www.djk-erlangen.de\/fussball\/wp-content\/uploads\/2011\/06\/IMG_0781-300x200.jpg 300w, https:\/\/www.djk-erlangen.de\/fussball\/wp-content\/uploads\/2011\/06\/IMG_0781.jpg 640w\" sizes=\"auto, (max-width: 150px) 100vw, 150px\" \/><\/a>\n\t\t\t<\/dt><\/dl><br style=\"clear: both\" \/><dl class='gallery-item'>\n\t\t\t<dt class='gallery-icon landscape'>\n\t\t\t\t<a href='https:\/\/www.djk-erlangen.de\/fussball\/wp-content\/uploads\/2011\/06\/IMG_0783.jpg'><img loading=\"lazy\" decoding=\"async\" width=\"150\" height=\"100\" src=\"https:\/\/www.djk-erlangen.de\/fussball\/wp-content\/uploads\/2011\/06\/IMG_0783-150x100.jpg\" class=\"attachment-thumbnail size-thumbnail\" alt=\"\" srcset=\"https:\/\/www.djk-erlangen.de\/fussball\/wp-content\/uploads\/2011\/06\/IMG_0783-150x100.jpg 150w, https:\/\/www.djk-erlangen.de\/fussball\/wp-content\/uploads\/2011\/06\/IMG_0783-300x200.jpg 300w, https:\/\/www.djk-erlangen.de\/fussball\/wp-content\/uploads\/2011\/06\/IMG_0783.jpg 640w\" sizes=\"auto, (max-width: 150px) 100vw, 150px\" \/><\/a>\n\t\t\t<\/dt><\/dl><dl class='gallery-item'>\n\t\t\t<dt class='gallery-icon landscape'>\n\t\t\t\t<a href='https:\/\/www.djk-erlangen.de\/fussball\/wp-content\/uploads\/2011\/06\/IMG_0786.jpg'><img loading=\"lazy\" decoding=\"async\" width=\"150\" height=\"100\" src=\"https:\/\/www.djk-erlangen.de\/fussball\/wp-content\/uploads\/2011\/06\/IMG_0786-150x100.jpg\" class=\"attachment-thumbnail size-thumbnail\" alt=\"\" srcset=\"https:\/\/www.djk-erlangen.de\/fussball\/wp-content\/uploads\/2011\/06\/IMG_0786-150x100.jpg 150w, https:\/\/www.djk-erlangen.de\/fussball\/wp-content\/uploads\/2011\/06\/IMG_0786-300x200.jpg 300w, https:\/\/www.djk-erlangen.de\/fussball\/wp-content\/uploads\/2011\/06\/IMG_0786.jpg 640w\" sizes=\"auto, (max-width: 150px) 100vw, 150px\" \/><\/a>\n\t\t\t<\/dt><\/dl><dl class='gallery-item'>\n\t\t\t<dt class='gallery-icon landscape'>\n\t\t\t\t<a href='https:\/\/www.djk-erlangen.de\/fussball\/wp-content\/uploads\/2011\/06\/IMG_0789.jpg'><img loading=\"lazy\" decoding=\"async\" width=\"150\" height=\"100\" src=\"https:\/\/www.djk-erlangen.de\/fussball\/wp-content\/uploads\/2011\/06\/IMG_0789-150x100.jpg\" class=\"attachment-thumbnail size-thumbnail\" alt=\"\" srcset=\"https:\/\/www.djk-erlangen.de\/fussball\/wp-content\/uploads\/2011\/06\/IMG_0789-150x100.jpg 150w, https:\/\/www.djk-erlangen.de\/fussball\/wp-content\/uploads\/2011\/06\/IMG_0789-300x200.jpg 300w, https:\/\/www.djk-erlangen.de\/fussball\/wp-content\/uploads\/2011\/06\/IMG_0789.jpg 640w\" sizes=\"auto, (max-width: 150px) 100vw, 150px\" \/><\/a>\n\t\t\t<\/dt><\/dl><br style=\"clear: both\" \/><dl class='gallery-item'>\n\t\t\t<dt class='gallery-icon landscape'>\n\t\t\t\t<a href='https:\/\/www.djk-erlangen.de\/fussball\/wp-content\/uploads\/2011\/06\/IMG_0790.jpg'><img loading=\"lazy\" decoding=\"async\" width=\"150\" height=\"100\" src=\"https:\/\/www.djk-erlangen.de\/fussball\/wp-content\/uploads\/2011\/06\/IMG_0790-150x100.jpg\" class=\"attachment-thumbnail size-thumbnail\" alt=\"\" srcset=\"https:\/\/www.djk-erlangen.de\/fussball\/wp-content\/uploads\/2011\/06\/IMG_0790-150x100.jpg 150w, https:\/\/www.djk-erlangen.de\/fussball\/wp-content\/uploads\/2011\/06\/IMG_0790-300x200.jpg 300w, https:\/\/www.djk-erlangen.de\/fussball\/wp-content\/uploads\/2011\/06\/IMG_0790.jpg 640w\" sizes=\"auto, (max-width: 150px) 100vw, 150px\" \/><\/a>\n\t\t\t<\/dt><\/dl><dl class='gallery-item'>\n\t\t\t<dt class='gallery-icon landscape'>\n\t\t\t\t<a href='https:\/\/www.djk-erlangen.de\/fussball\/wp-content\/uploads\/2011\/06\/IMG_0791.jpg'><img loading=\"lazy\" decoding=\"async\" width=\"150\" height=\"100\" src=\"https:\/\/www.djk-erlangen.de\/fussball\/wp-content\/uploads\/2011\/06\/IMG_0791-150x100.jpg\" class=\"attachment-thumbnail size-thumbnail\" alt=\"\" srcset=\"https:\/\/www.djk-erlangen.de\/fussball\/wp-content\/uploads\/2011\/06\/IMG_0791-150x100.jpg 150w, https:\/\/www.djk-erlangen.de\/fussball\/wp-content\/uploads\/2011\/06\/IMG_0791-300x200.jpg 300w, https:\/\/www.djk-erlangen.de\/fussball\/wp-content\/uploads\/2011\/06\/IMG_0791.jpg 640w\" sizes=\"auto, (max-width: 150px) 100vw, 150px\" \/><\/a>\n\t\t\t<\/dt><\/dl><dl class='gallery-item'>\n\t\t\t<dt class='gallery-icon landscape'>\n\t\t\t\t<a href='https:\/\/www.djk-erlangen.de\/fussball\/wp-content\/uploads\/2011\/06\/IMG_0792.jpg'><img loading=\"lazy\" decoding=\"async\" width=\"150\" height=\"100\" src=\"https:\/\/www.djk-erlangen.de\/fussball\/wp-content\/uploads\/2011\/06\/IMG_0792-150x100.jpg\" class=\"attachment-thumbnail size-thumbnail\" alt=\"\" srcset=\"https:\/\/www.djk-erlangen.de\/fussball\/wp-content\/uploads\/2011\/06\/IMG_0792-150x100.jpg 150w, https:\/\/www.djk-erlangen.de\/fussball\/wp-content\/uploads\/2011\/06\/IMG_0792-300x200.jpg 300w, https:\/\/www.djk-erlangen.de\/fussball\/wp-content\/uploads\/2011\/06\/IMG_0792.jpg 640w\" sizes=\"auto, (max-width: 150px) 100vw, 150px\" \/><\/a>\n\t\t\t<\/dt><\/dl><br style=\"clear: both\" \/><dl class='gallery-item'>\n\t\t\t<dt class='gallery-icon landscape'>\n\t\t\t\t<a href='https:\/\/www.djk-erlangen.de\/fussball\/wp-content\/uploads\/2011\/06\/IMG_0793.jpg'><img loading=\"lazy\" decoding=\"async\" width=\"150\" height=\"100\" src=\"https:\/\/www.djk-erlangen.de\/fussball\/wp-content\/uploads\/2011\/06\/IMG_0793-150x100.jpg\" class=\"attachment-thumbnail size-thumbnail\" alt=\"\" srcset=\"https:\/\/www.djk-erlangen.de\/fussball\/wp-content\/uploads\/2011\/06\/IMG_0793-150x100.jpg 150w, https:\/\/www.djk-erlangen.de\/fussball\/wp-content\/uploads\/2011\/06\/IMG_0793-300x200.jpg 300w, https:\/\/www.djk-erlangen.de\/fussball\/wp-content\/uploads\/2011\/06\/IMG_0793.jpg 640w\" sizes=\"auto, (max-width: 150px) 100vw, 150px\" \/><\/a>\n\t\t\t<\/dt><\/dl><dl class='gallery-item'>\n\t\t\t<dt class='gallery-icon landscape'>\n\t\t\t\t<a href='https:\/\/www.djk-erlangen.de\/fussball\/wp-content\/uploads\/2011\/06\/IMG_0794.jpg'><img loading=\"lazy\" decoding=\"async\" width=\"150\" height=\"100\" src=\"https:\/\/www.djk-erlangen.de\/fussball\/wp-content\/uploads\/2011\/06\/IMG_0794-150x100.jpg\" class=\"attachment-thumbnail size-thumbnail\" alt=\"\" srcset=\"https:\/\/www.djk-erlangen.de\/fussball\/wp-content\/uploads\/2011\/06\/IMG_0794-150x100.jpg 150w, https:\/\/www.djk-erlangen.de\/fussball\/wp-content\/uploads\/2011\/06\/IMG_0794-300x200.jpg 300w, https:\/\/www.djk-erlangen.de\/fussball\/wp-content\/uploads\/2011\/06\/IMG_0794.jpg 640w\" sizes=\"auto, (max-width: 150px) 100vw, 150px\" \/><\/a>\n\t\t\t<\/dt><\/dl><dl class='gallery-item'>\n\t\t\t<dt class='gallery-icon landscape'>\n\t\t\t\t<a href='https:\/\/www.djk-erlangen.de\/fussball\/wp-content\/uploads\/2011\/06\/IMG_0795.jpg'><img loading=\"lazy\" decoding=\"async\" width=\"150\" height=\"100\" src=\"https:\/\/www.djk-erlangen.de\/fussball\/wp-content\/uploads\/2011\/06\/IMG_0795-150x100.jpg\" class=\"attachment-thumbnail size-thumbnail\" alt=\"\" srcset=\"https:\/\/www.djk-erlangen.de\/fussball\/wp-content\/uploads\/2011\/06\/IMG_0795-150x100.jpg 150w, https:\/\/www.djk-erlangen.de\/fussball\/wp-content\/uploads\/2011\/06\/IMG_0795-300x200.jpg 300w, https:\/\/www.djk-erlangen.de\/fussball\/wp-content\/uploads\/2011\/06\/IMG_0795.jpg 640w\" sizes=\"auto, (max-width: 150px) 100vw, 150px\" \/><\/a>\n\t\t\t<\/dt><\/dl><br style=\"clear: both\" \/><dl class='gallery-item'>\n\t\t\t<dt class='gallery-icon landscape'>\n\t\t\t\t<a href='https:\/\/www.djk-erlangen.de\/fussball\/wp-content\/uploads\/2011\/06\/IMG_0796.jpg'><img loading=\"lazy\" decoding=\"async\" width=\"150\" height=\"100\" src=\"https:\/\/www.djk-erlangen.de\/fussball\/wp-content\/uploads\/2011\/06\/IMG_0796-150x100.jpg\" class=\"attachment-thumbnail size-thumbnail\" alt=\"\" srcset=\"https:\/\/www.djk-erlangen.de\/fussball\/wp-content\/uploads\/2011\/06\/IMG_0796-150x100.jpg 150w, https:\/\/www.djk-erlangen.de\/fussball\/wp-content\/uploads\/2011\/06\/IMG_0796-300x200.jpg 300w, https:\/\/www.djk-erlangen.de\/fussball\/wp-content\/uploads\/2011\/06\/IMG_0796.jpg 640w\" sizes=\"auto, (max-width: 150px) 100vw, 150px\" \/><\/a>\n\t\t\t<\/dt><\/dl><dl class='gallery-item'>\n\t\t\t<dt class='gallery-icon landscape'>\n\t\t\t\t<a href='https:\/\/www.djk-erlangen.de\/fussball\/wp-content\/uploads\/2011\/06\/IMG_0797.jpg'><img loading=\"lazy\" decoding=\"async\" width=\"150\" height=\"100\" src=\"https:\/\/www.djk-erlangen.de\/fussball\/wp-content\/uploads\/2011\/06\/IMG_0797-150x100.jpg\" class=\"attachment-thumbnail size-thumbnail\" alt=\"\" srcset=\"https:\/\/www.djk-erlangen.de\/fussball\/wp-content\/uploads\/2011\/06\/IMG_0797-150x100.jpg 150w, https:\/\/www.djk-erlangen.de\/fussball\/wp-content\/uploads\/2011\/06\/IMG_0797-300x200.jpg 300w, https:\/\/www.djk-erlangen.de\/fussball\/wp-content\/uploads\/2011\/06\/IMG_0797.jpg 640w\" sizes=\"auto, (max-width: 150px) 100vw, 150px\" \/><\/a>\n\t\t\t<\/dt><\/dl><dl class='gallery-item'>\n\t\t\t<dt class='gallery-icon landscape'>\n\t\t\t\t<a href='https:\/\/www.djk-erlangen.de\/fussball\/wp-content\/uploads\/2011\/06\/IMG_0801.jpg'><img loading=\"lazy\" decoding=\"async\" width=\"150\" height=\"100\" src=\"https:\/\/www.djk-erlangen.de\/fussball\/wp-content\/uploads\/2011\/06\/IMG_0801-150x100.jpg\" class=\"attachment-thumbnail size-thumbnail\" alt=\"\" srcset=\"https:\/\/www.djk-erlangen.de\/fussball\/wp-content\/uploads\/2011\/06\/IMG_0801-150x100.jpg 150w, https:\/\/www.djk-erlangen.de\/fussball\/wp-content\/uploads\/2011\/06\/IMG_0801-300x200.jpg 300w, https:\/\/www.djk-erlangen.de\/fussball\/wp-content\/uploads\/2011\/06\/IMG_0801.jpg 640w\" sizes=\"auto, (max-width: 150px) 100vw, 150px\" \/><\/a>\n\t\t\t<\/dt><\/dl><br style=\"clear: both\" \/><dl class='gallery-item'>\n\t\t\t<dt class='gallery-icon landscape'>\n\t\t\t\t<a href='https:\/\/www.djk-erlangen.de\/fussball\/wp-content\/uploads\/2011\/06\/IMG_0802.jpg'><img loading=\"lazy\" decoding=\"async\" width=\"150\" height=\"100\" src=\"https:\/\/www.djk-erlangen.de\/fussball\/wp-content\/uploads\/2011\/06\/IMG_0802-150x100.jpg\" class=\"attachment-thumbnail size-thumbnail\" alt=\"\" srcset=\"https:\/\/www.djk-erlangen.de\/fussball\/wp-content\/uploads\/2011\/06\/IMG_0802-150x100.jpg 150w, https:\/\/www.djk-erlangen.de\/fussball\/wp-content\/uploads\/2011\/06\/IMG_0802-300x200.jpg 300w, https:\/\/www.djk-erlangen.de\/fussball\/wp-content\/uploads\/2011\/06\/IMG_0802.jpg 640w\" sizes=\"auto, (max-width: 150px) 100vw, 150px\" \/><\/a>\n\t\t\t<\/dt><\/dl><dl class='gallery-item'>\n\t\t\t<dt class='gallery-icon landscape'>\n\t\t\t\t<a href='https:\/\/www.djk-erlangen.de\/fussball\/wp-content\/uploads\/2011\/06\/IMG_0803.jpg'><img loading=\"lazy\" decoding=\"async\" width=\"150\" height=\"100\" src=\"https:\/\/www.djk-erlangen.de\/fussball\/wp-content\/uploads\/2011\/06\/IMG_0803-150x100.jpg\" class=\"attachment-thumbnail size-thumbnail\" alt=\"\" srcset=\"https:\/\/www.djk-erlangen.de\/fussball\/wp-content\/uploads\/2011\/06\/IMG_0803-150x100.jpg 150w, https:\/\/www.djk-erlangen.de\/fussball\/wp-content\/uploads\/2011\/06\/IMG_0803-300x200.jpg 300w, https:\/\/www.djk-erlangen.de\/fussball\/wp-content\/uploads\/2011\/06\/IMG_0803.jpg 640w\" sizes=\"auto, (max-width: 150px) 100vw, 150px\" \/><\/a>\n\t\t\t<\/dt><\/dl><dl class='gallery-item'>\n\t\t\t<dt class='gallery-icon landscape'>\n\t\t\t\t<a href='https:\/\/www.djk-erlangen.de\/fussball\/wp-content\/uploads\/2011\/06\/IMG_0811.jpg'><img loading=\"lazy\" decoding=\"async\" width=\"150\" height=\"100\" src=\"https:\/\/www.djk-erlangen.de\/fussball\/wp-content\/uploads\/2011\/06\/IMG_0811-150x100.jpg\" class=\"attachment-thumbnail size-thumbnail\" alt=\"\" srcset=\"https:\/\/www.djk-erlangen.de\/fussball\/wp-content\/uploads\/2011\/06\/IMG_0811-150x100.jpg 150w, https:\/\/www.djk-erlangen.de\/fussball\/wp-content\/uploads\/2011\/06\/IMG_0811-300x200.jpg 300w, https:\/\/www.djk-erlangen.de\/fussball\/wp-content\/uploads\/2011\/06\/IMG_0811.jpg 640w\" sizes=\"auto, (max-width: 150px) 100vw, 150px\" \/><\/a>\n\t\t\t<\/dt><\/dl><br style=\"clear: both\" \/><dl class='gallery-item'>\n\t\t\t<dt class='gallery-icon landscape'>\n\t\t\t\t<a href='https:\/\/www.djk-erlangen.de\/fussball\/wp-content\/uploads\/2011\/06\/IMG_0812.jpg'><img loading=\"lazy\" decoding=\"async\" width=\"150\" height=\"100\" src=\"https:\/\/www.djk-erlangen.de\/fussball\/wp-content\/uploads\/2011\/06\/IMG_0812-150x100.jpg\" class=\"attachment-thumbnail size-thumbnail\" alt=\"\" srcset=\"https:\/\/www.djk-erlangen.de\/fussball\/wp-content\/uploads\/2011\/06\/IMG_0812-150x100.jpg 150w, https:\/\/www.djk-erlangen.de\/fussball\/wp-content\/uploads\/2011\/06\/IMG_0812-300x200.jpg 300w, https:\/\/www.djk-erlangen.de\/fussball\/wp-content\/uploads\/2011\/06\/IMG_0812.jpg 640w\" sizes=\"auto, (max-width: 150px) 100vw, 150px\" \/><\/a>\n\t\t\t<\/dt><\/dl><dl class='gallery-item'>\n\t\t\t<dt class='gallery-icon landscape'>\n\t\t\t\t<a href='https:\/\/www.djk-erlangen.de\/fussball\/wp-content\/uploads\/2011\/06\/IMG_0814.jpg'><img loading=\"lazy\" decoding=\"async\" width=\"150\" height=\"100\" src=\"https:\/\/www.djk-erlangen.de\/fussball\/wp-content\/uploads\/2011\/06\/IMG_0814-150x100.jpg\" class=\"attachment-thumbnail size-thumbnail\" alt=\"\" srcset=\"https:\/\/www.djk-erlangen.de\/fussball\/wp-content\/uploads\/2011\/06\/IMG_0814-150x100.jpg 150w, https:\/\/www.djk-erlangen.de\/fussball\/wp-content\/uploads\/2011\/06\/IMG_0814-300x200.jpg 300w, https:\/\/www.djk-erlangen.de\/fussball\/wp-content\/uploads\/2011\/06\/IMG_0814.jpg 640w\" sizes=\"auto, (max-width: 150px) 100vw, 150px\" \/><\/a>\n\t\t\t<\/dt><\/dl><dl class='gallery-item'>\n\t\t\t<dt class='gallery-icon landscape'>\n\t\t\t\t<a href='https:\/\/www.djk-erlangen.de\/fussball\/wp-content\/uploads\/2011\/06\/IMG_0815.jpg'><img loading=\"lazy\" decoding=\"async\" width=\"150\" height=\"100\" src=\"https:\/\/www.djk-erlangen.de\/fussball\/wp-content\/uploads\/2011\/06\/IMG_0815-150x100.jpg\" class=\"attachment-thumbnail size-thumbnail\" alt=\"\" srcset=\"https:\/\/www.djk-erlangen.de\/fussball\/wp-content\/uploads\/2011\/06\/IMG_0815-150x100.jpg 150w, https:\/\/www.djk-erlangen.de\/fussball\/wp-content\/uploads\/2011\/06\/IMG_0815-300x200.jpg 300w, https:\/\/www.djk-erlangen.de\/fussball\/wp-content\/uploads\/2011\/06\/IMG_0815.jpg 640w\" sizes=\"auto, (max-width: 150px) 100vw, 150px\" \/><\/a>\n\t\t\t<\/dt><\/dl><br style=\"clear: both\" \/><dl class='gallery-item'>\n\t\t\t<dt class='gallery-icon landscape'>\n\t\t\t\t<a href='https:\/\/www.djk-erlangen.de\/fussball\/wp-content\/uploads\/2011\/06\/IMG_0816.jpg'><img loading=\"lazy\" decoding=\"async\" width=\"150\" height=\"100\" src=\"https:\/\/www.djk-erlangen.de\/fussball\/wp-content\/uploads\/2011\/06\/IMG_0816-150x100.jpg\" class=\"attachment-thumbnail size-thumbnail\" alt=\"\" srcset=\"https:\/\/www.djk-erlangen.de\/fussball\/wp-content\/uploads\/2011\/06\/IMG_0816-150x100.jpg 150w, https:\/\/www.djk-erlangen.de\/fussball\/wp-content\/uploads\/2011\/06\/IMG_0816-300x200.jpg 300w, https:\/\/www.djk-erlangen.de\/fussball\/wp-content\/uploads\/2011\/06\/IMG_0816.jpg 640w\" sizes=\"auto, (max-width: 150px) 100vw, 150px\" \/><\/a>\n\t\t\t<\/dt><\/dl><dl class='gallery-item'>\n\t\t\t<dt class='gallery-icon landscape'>\n\t\t\t\t<a href='https:\/\/www.djk-erlangen.de\/fussball\/wp-content\/uploads\/2011\/06\/IMG_0817.jpg'><img loading=\"lazy\" decoding=\"async\" width=\"150\" height=\"100\" src=\"https:\/\/www.djk-erlangen.de\/fussball\/wp-content\/uploads\/2011\/06\/IMG_0817-150x100.jpg\" class=\"attachment-thumbnail size-thumbnail\" alt=\"\" srcset=\"https:\/\/www.djk-erlangen.de\/fussball\/wp-content\/uploads\/2011\/06\/IMG_0817-150x100.jpg 150w, https:\/\/www.djk-erlangen.de\/fussball\/wp-content\/uploads\/2011\/06\/IMG_0817-300x200.jpg 300w, https:\/\/www.djk-erlangen.de\/fussball\/wp-content\/uploads\/2011\/06\/IMG_0817.jpg 640w\" sizes=\"auto, (max-width: 150px) 100vw, 150px\" \/><\/a>\n\t\t\t<\/dt><\/dl><dl class='gallery-item'>\n\t\t\t<dt class='gallery-icon landscape'>\n\t\t\t\t<a href='https:\/\/www.djk-erlangen.de\/fussball\/wp-content\/uploads\/2011\/06\/IMG_0818.jpg'><img loading=\"lazy\" decoding=\"async\" width=\"150\" height=\"100\" src=\"https:\/\/www.djk-erlangen.de\/fussball\/wp-content\/uploads\/2011\/06\/IMG_0818-150x100.jpg\" class=\"attachment-thumbnail size-thumbnail\" alt=\"\" srcset=\"https:\/\/www.djk-erlangen.de\/fussball\/wp-content\/uploads\/2011\/06\/IMG_0818-150x100.jpg 150w, https:\/\/www.djk-erlangen.de\/fussball\/wp-content\/uploads\/2011\/06\/IMG_0818-300x200.jpg 300w, https:\/\/www.djk-erlangen.de\/fussball\/wp-content\/uploads\/2011\/06\/IMG_0818.jpg 640w\" sizes=\"auto, (max-width: 150px) 100vw, 150px\" \/><\/a>\n\t\t\t<\/dt><\/dl><br style=\"clear: both\" \/><dl class='gallery-item'>\n\t\t\t<dt class='gallery-icon landscape'>\n\t\t\t\t<a href='https:\/\/www.djk-erlangen.de\/fussball\/wp-content\/uploads\/2011\/06\/IMG_0819.jpg'><img loading=\"lazy\" decoding=\"async\" width=\"150\" height=\"100\" src=\"https:\/\/www.djk-erlangen.de\/fussball\/wp-content\/uploads\/2011\/06\/IMG_0819-150x100.jpg\" class=\"attachment-thumbnail size-thumbnail\" alt=\"\" srcset=\"https:\/\/www.djk-erlangen.de\/fussball\/wp-content\/uploads\/2011\/06\/IMG_0819-150x100.jpg 150w, https:\/\/www.djk-erlangen.de\/fussball\/wp-content\/uploads\/2011\/06\/IMG_0819-300x200.jpg 300w, https:\/\/www.djk-erlangen.de\/fussball\/wp-content\/uploads\/2011\/06\/IMG_0819.jpg 640w\" sizes=\"auto, (max-width: 150px) 100vw, 150px\" \/><\/a>\n\t\t\t<\/dt><\/dl><dl class='gallery-item'>\n\t\t\t<dt class='gallery-icon landscape'>\n\t\t\t\t<a href='https:\/\/www.djk-erlangen.de\/fussball\/wp-content\/uploads\/2011\/06\/IMG_0822.jpg'><img loading=\"lazy\" decoding=\"async\" width=\"150\" height=\"100\" src=\"https:\/\/www.djk-erlangen.de\/fussball\/wp-content\/uploads\/2011\/06\/IMG_0822-150x100.jpg\" class=\"attachment-thumbnail size-thumbnail\" alt=\"\" srcset=\"https:\/\/www.djk-erlangen.de\/fussball\/wp-content\/uploads\/2011\/06\/IMG_0822-150x100.jpg 150w, https:\/\/www.djk-erlangen.de\/fussball\/wp-content\/uploads\/2011\/06\/IMG_0822-300x200.jpg 300w, https:\/\/www.djk-erlangen.de\/fussball\/wp-content\/uploads\/2011\/06\/IMG_0822.jpg 640w\" sizes=\"auto, (max-width: 150px) 100vw, 150px\" \/><\/a>\n\t\t\t<\/dt><\/dl><dl class='gallery-item'>\n\t\t\t<dt class='gallery-icon landscape'>\n\t\t\t\t<a href='https:\/\/www.djk-erlangen.de\/fussball\/wp-content\/uploads\/2011\/06\/IMG_0718.jpg'><img loading=\"lazy\" decoding=\"async\" width=\"150\" height=\"100\" src=\"https:\/\/www.djk-erlangen.de\/fussball\/wp-content\/uploads\/2011\/06\/IMG_0718-150x100.jpg\" class=\"attachment-thumbnail size-thumbnail\" alt=\"\" srcset=\"https:\/\/www.djk-erlangen.de\/fussball\/wp-content\/uploads\/2011\/06\/IMG_0718-150x100.jpg 150w, https:\/\/www.djk-erlangen.de\/fussball\/wp-content\/uploads\/2011\/06\/IMG_0718-300x200.jpg 300w, https:\/\/www.djk-erlangen.de\/fussball\/wp-content\/uploads\/2011\/06\/IMG_0718.jpg 640w\" sizes=\"auto, (max-width: 150px) 100vw, 150px\" \/><\/a>\n\t\t\t<\/dt><\/dl><br style=\"clear: both\" \/>\n\t\t<\/div>\n\n","protected":false},"excerpt":{"rendered":"<p>\u00dcber ein halbes Jahr akribische Vorbereitung gingen zu Ende und das 1. Trainingscamp durch die Bayreuther Firma SuperStarSoccer vom 20.06.11 bis 24.06.11 stand vor der T\u00fcr. Bei den Verantwortlichen war die Anspannung deutlich zu sp\u00fcren! Wird alles klappen, was wir &hellip; <a href=\"https:\/\/www.djk-erlangen.de\/fussball\/?p=6631\">Weiterlesen <span class=\"meta-nav\">&rarr;<\/span><\/a><\/p>\n","protected":false},"author":32,"featured_media":0,"comment_status":"open","ping_status":"closed","sticky":false,"template":"","format":"standard","meta":{"jetpack_post_was_ever_published":false,"_jetpack_newsletter_access":"","_jetpack_dont_email_post_to_subs":false,"_jetpack_newsletter_tier_id":0,"_jetpack_memberships_contains_paywalled_content":false,"_jetpack_memberships_contains_paid_content":false,"footnotes":"","jetpack_publicize_message":"","jetpack_publicize_feature_enabled":true,"jetpack_social_post_already_shared":false,"jetpack_social_options":{"image_generator_settings":{"template":"highway","default_image_id":0,"font":"","enabled":false},"version":2}},"categories":[8,14,15],"tags":[],"class_list":["post-6631","post","type-post","status-publish","format-standard","hentry","category-u11-e1","category-u7","category-u9-f1"],"jetpack_publicize_connections":[],"jetpack_featured_media_url":"","jetpack_shortlink":"https:\/\/wp.me\/p2ZUr0-1IX","jetpack_sharing_enabled":true,"_links":{"self":[{"href":"https:\/\/www.djk-erlangen.de\/fussball\/index.php?rest_route=\/wp\/v2\/posts\/6631","targetHints":{"allow":["GET"]}}],"collection":[{"href":"https:\/\/www.djk-erlangen.de\/fussball\/index.php?rest_route=\/wp\/v2\/posts"}],"about":[{"href":"https:\/\/www.djk-erlangen.de\/fussball\/index.php?rest_route=\/wp\/v2\/types\/post"}],"author":[{"embeddable":true,"href":"https:\/\/www.djk-erlangen.de\/fussball\/index.php?rest_route=\/wp\/v2\/users\/32"}],"replies":[{"embeddable":true,"href":"https:\/\/www.djk-erlangen.de\/fussball\/index.php?rest_route=%2Fwp%2Fv2%2Fcomments&post=6631"}],"version-history":[{"count":38,"href":"https:\/\/www.djk-erlangen.de\/fussball\/index.php?rest_route=\/wp\/v2\/posts\/6631\/revisions"}],"predecessor-version":[{"id":6655,"href":"https:\/\/www.djk-erlangen.de\/fussball\/index.php?rest_route=\/wp\/v2\/posts\/6631\/revisions\/6655"}],"wp:attachment":[{"href":"https:\/\/www.djk-erlangen.de\/fussball\/index.php?rest_route=%2Fwp%2Fv2%2Fmedia&parent=6631"}],"wp:term":[{"taxonomy":"category","embeddable":true,"href":"https:\/\/www.djk-erlangen.de\/fussball\/index.php?rest_route=%2Fwp%2Fv2%2Fcategories&post=6631"},{"taxonomy":"post_tag","embeddable":true,"href":"https:\/\/www.djk-erlangen.de\/fussball\/index.php?rest_route=%2Fwp%2Fv2%2Ftags&post=6631"}],"curies":[{"name":"wp","href":"https:\/\/api.w.org\/{rel}","templated":true}]}}