{"id":6516,"date":"2011-06-02T20:24:51","date_gmt":"2011-06-02T18:24:51","guid":{"rendered":"http:\/\/www.djk-erlangen.de\/fussball\/?p=6516"},"modified":"2011-06-03T12:39:55","modified_gmt":"2011-06-03T10:39:55","slug":"fahrt-nach-osterreich","status":"publish","type":"post","link":"https:\/\/www.djk-erlangen.de\/fussball\/?p=6516","title":{"rendered":"Fahrt nach \u00d6sterreich"},"content":{"rendered":"<p>Liebe DJK-Gemeinde,<\/p>\n<p>die F1 und F2 veranstalten am Wochenende 22. &#8211; 24.07.2011 eine Fahrt nach Eben im Pongau (\u00d6sterreich).<br \/>\nEs sind noch einige Pl\u00e4tze frei und daher wollten wir anfragen, ob evtl. der\/die eine oder andere Person Interesse hat, uns zu begleiten.<\/p>\n<p>Wir haben einen Top-Preis herausgehandelt! <!--more--><\/p>\n<p>Die Preiskalkulation bel\u00e4uft sich pro Person auf\u00a0 nur<\/p>\n<h1>99,00 Euro<\/h1>\n<p>Im Reisepreis sind enthalten:<\/p>\n<ul>\n<li><strong>2 1\/2 Tagesfahrt im komfortablen Reisebus<\/strong><strong><\/strong><\/li>\n<li><strong>Snackline im Bus w\u00e4hrend der Hin- und R\u00fcckfahrt f\u00fcr Eltern und Kinder<\/strong><strong><\/strong><\/li>\n<li><strong>2 x \u00dcbernachtung\/Vollpension<\/strong><strong><\/strong><\/li>\n<li><strong>alle Einrichtungen die von der Unterkunft angeboten werden<\/strong><strong><\/strong><\/li>\n<li><strong>Fu\u00dfball-Freundschaftsspiel gegen eine ortsans\u00e4ssige Mannschaft (falls ausreichend Kinder anwesend sind)<br \/>\nAlternativ wird eine Trainingseinheit absolviert!<\/strong><\/li>\n<\/ul>\n<p>Reisezeitraum ist der 22. \u2013 24.07.2011.<br \/>\nAbfahrt ist am 22.07.2011 gegen 15.00 Uhr am Schulzentrum West<br \/>\nR\u00fcckkehr am 24.07.2011 gegen 18.30 Uhr<\/p>\n<p>F\u00fcr weitere Infos (Hotelsprospekt usw.) stehen Euch sehr gerne die Reiseleiter Thomas Kurz bzw. Peter Scherneck zur Verf\u00fcgung.<\/p>\n<p>\u00dcber Eure Anfrage\/Anmeldung w\u00fcrden wir uns sehr freuen.<\/p>\n<p>Euer Reiseleiterteam<br \/>\nThomas und Peter<\/p>\n","protected":false},"excerpt":{"rendered":"<p>Liebe DJK-Gemeinde, die F1 und F2 veranstalten am Wochenende 22. &#8211; 24.07.2011 eine Fahrt nach Eben im Pongau (\u00d6sterreich). Es sind noch einige Pl\u00e4tze frei und daher wollten wir anfragen, ob evtl. der\/die eine oder andere Person Interesse hat, uns &hellip; <a href=\"https:\/\/www.djk-erlangen.de\/fussball\/?p=6516\">Weiterlesen <span class=\"meta-nav\">&rarr;<\/span><\/a><\/p>\n","protected":false},"author":32,"featured_media":0,"comment_status":"open","ping_status":"closed","sticky":false,"template":"","format":"standard","meta":{"jetpack_post_was_ever_published":false,"_jetpack_newsletter_access":"","_jetpack_dont_email_post_to_subs":false,"_jetpack_newsletter_tier_id":0,"_jetpack_memberships_contains_paywalled_content":false,"_jetpack_memberships_contains_paid_content":false,"footnotes":"","jetpack_publicize_message":"","jetpack_publicize_feature_enabled":true,"jetpack_social_post_already_shared":false,"jetpack_social_options":{"image_generator_settings":{"template":"highway","default_image_id":0,"font":"","enabled":false},"version":2}},"categories":[4,1,5,15],"tags":[],"class_list":["post-6516","post","type-post","status-publish","format-standard","hentry","category-ah","category-allgemein","category-herren","category-u9-f1"],"jetpack_publicize_connections":[],"jetpack_featured_media_url":"","jetpack_shortlink":"https:\/\/wp.me\/p2ZUr0-1H6","jetpack_sharing_enabled":true,"_links":{"self":[{"href":"https:\/\/www.djk-erlangen.de\/fussball\/index.php?rest_route=\/wp\/v2\/posts\/6516","targetHints":{"allow":["GET"]}}],"collection":[{"href":"https:\/\/www.djk-erlangen.de\/fussball\/index.php?rest_route=\/wp\/v2\/posts"}],"about":[{"href":"https:\/\/www.djk-erlangen.de\/fussball\/index.php?rest_route=\/wp\/v2\/types\/post"}],"author":[{"embeddable":true,"href":"https:\/\/www.djk-erlangen.de\/fussball\/index.php?rest_route=\/wp\/v2\/users\/32"}],"replies":[{"embeddable":true,"href":"https:\/\/www.djk-erlangen.de\/fussball\/index.php?rest_route=%2Fwp%2Fv2%2Fcomments&post=6516"}],"version-history":[{"count":5,"href":"https:\/\/www.djk-erlangen.de\/fussball\/index.php?rest_route=\/wp\/v2\/posts\/6516\/revisions"}],"predecessor-version":[{"id":6518,"href":"https:\/\/www.djk-erlangen.de\/fussball\/index.php?rest_route=\/wp\/v2\/posts\/6516\/revisions\/6518"}],"wp:attachment":[{"href":"https:\/\/www.djk-erlangen.de\/fussball\/index.php?rest_route=%2Fwp%2Fv2%2Fmedia&parent=6516"}],"wp:term":[{"taxonomy":"category","embeddable":true,"href":"https:\/\/www.djk-erlangen.de\/fussball\/index.php?rest_route=%2Fwp%2Fv2%2Fcategories&post=6516"},{"taxonomy":"post_tag","embeddable":true,"href":"https:\/\/www.djk-erlangen.de\/fussball\/index.php?rest_route=%2Fwp%2Fv2%2Ftags&post=6516"}],"curies":[{"name":"wp","href":"https:\/\/api.w.org\/{rel}","templated":true}]}}