{"id":644,"date":"2009-09-25T19:00:15","date_gmt":"2009-09-25T17:00:15","guid":{"rendered":"http:\/\/www.djk-erlangen.de\/fussball\/?p=644"},"modified":"2009-09-25T19:00:17","modified_gmt":"2009-09-25T17:00:17","slug":"e2-junioren-gegen-sc-adelsdorf-130","status":"publish","type":"post","link":"https:\/\/www.djk-erlangen.de\/fussball\/?p=644","title":{"rendered":"E2-Junioren gegen SC Adelsdorf 13:0"},"content":{"rendered":"<p>Sensationeller Kantersieg unserer E2-Junioren. Sch\u00f6ne Spielz\u00fcge und zahlreiche Torm\u00f6glichkeiten haben zu einem ungef\u00e4hrdeten Sieg unserer Jungs gef\u00fchrt. Auf unseren Sieg ein dreifach kr\u00e4ftiges muh&#8230; haggl&#8230;.<\/p>\n","protected":false},"excerpt":{"rendered":"<p>Sensationeller Kantersieg unserer E2-Junioren. Sch\u00f6ne Spielz\u00fcge und zahlreiche Torm\u00f6glichkeiten haben zu einem ungef\u00e4hrdeten Sieg unserer Jungs gef\u00fchrt. Auf unseren Sieg ein dreifach kr\u00e4ftiges muh&#8230; haggl&#8230;.<\/p>\n","protected":false},"author":7,"featured_media":0,"comment_status":"open","ping_status":"open","sticky":false,"template":"","format":"standard","meta":{"jetpack_post_was_ever_published":false,"_jetpack_newsletter_access":"","_jetpack_dont_email_post_to_subs":false,"_jetpack_newsletter_tier_id":0,"_jetpack_memberships_contains_paywalled_content":false,"_jetpack_memberships_contains_paid_content":false,"footnotes":"","jetpack_publicize_message":"","jetpack_publicize_feature_enabled":true,"jetpack_social_post_already_shared":false,"jetpack_social_options":{"image_generator_settings":{"template":"highway","default_image_id":0,"font":"","enabled":false},"version":2}},"categories":[1],"tags":[],"class_list":["post-644","post","type-post","status-publish","format-standard","hentry","category-allgemein"],"jetpack_publicize_connections":[],"jetpack_featured_media_url":"","jetpack_shortlink":"https:\/\/wp.me\/p2ZUr0-ao","jetpack_sharing_enabled":true,"_links":{"self":[{"href":"https:\/\/www.djk-erlangen.de\/fussball\/index.php?rest_route=\/wp\/v2\/posts\/644","targetHints":{"allow":["GET"]}}],"collection":[{"href":"https:\/\/www.djk-erlangen.de\/fussball\/index.php?rest_route=\/wp\/v2\/posts"}],"about":[{"href":"https:\/\/www.djk-erlangen.de\/fussball\/index.php?rest_route=\/wp\/v2\/types\/post"}],"author":[{"embeddable":true,"href":"https:\/\/www.djk-erlangen.de\/fussball\/index.php?rest_route=\/wp\/v2\/users\/7"}],"replies":[{"embeddable":true,"href":"https:\/\/www.djk-erlangen.de\/fussball\/index.php?rest_route=%2Fwp%2Fv2%2Fcomments&post=644"}],"version-history":[{"count":4,"href":"https:\/\/www.djk-erlangen.de\/fussball\/index.php?rest_route=\/wp\/v2\/posts\/644\/revisions"}],"predecessor-version":[{"id":648,"href":"https:\/\/www.djk-erlangen.de\/fussball\/index.php?rest_route=\/wp\/v2\/posts\/644\/revisions\/648"}],"wp:attachment":[{"href":"https:\/\/www.djk-erlangen.de\/fussball\/index.php?rest_route=%2Fwp%2Fv2%2Fmedia&parent=644"}],"wp:term":[{"taxonomy":"category","embeddable":true,"href":"https:\/\/www.djk-erlangen.de\/fussball\/index.php?rest_route=%2Fwp%2Fv2%2Fcategories&post=644"},{"taxonomy":"post_tag","embeddable":true,"href":"https:\/\/www.djk-erlangen.de\/fussball\/index.php?rest_route=%2Fwp%2Fv2%2Ftags&post=644"}],"curies":[{"name":"wp","href":"https:\/\/api.w.org\/{rel}","templated":true}]}}