{"id":6426,"date":"2011-05-22T17:10:09","date_gmt":"2011-05-22T15:10:09","guid":{"rendered":"http:\/\/www.djk-erlangen.de\/fussball\/?p=6426"},"modified":"2011-05-23T13:03:38","modified_gmt":"2011-05-23T11:03:38","slug":"d-junioren-gegen-sc-adelsdorf","status":"publish","type":"post","link":"https:\/\/www.djk-erlangen.de\/fussball\/?p=6426","title":{"rendered":"D-Junioren gegen SC Adelsdorf"},"content":{"rendered":"<p>Der Knoten scheint geplatzt!<br \/>\nAm Samstag gelang uns endlich der erste Sieg aus eigener Kraft in der R\u00fcckrunde.<br \/>\nAm sonnigen und schw\u00fclhei\u00dfen fr\u00fchen Nachmittag konnten wir trotz zweimaligem R\u00fcckstand am Ende den Dreier mit nach Hause nehmen. Diesmal haben wir uns auch von der k\u00f6rperlichen \u00dcberlegenheit einiger Kinder aus dem Aischgrund nicht beeindrucken lassen. So konnte man nach langem Warten mal wieder den Siegesruf unserer Truppe in den Umkleider\u00e4umen h\u00f6ren.<br \/>\nK\u00f6nnte man sich daran gew\u00f6hnen&#8230;&#8230;<\/p>\n","protected":false},"excerpt":{"rendered":"<p>Der Knoten scheint geplatzt! Am Samstag gelang uns endlich der erste Sieg aus eigener Kraft in der R\u00fcckrunde. Am sonnigen und schw\u00fclhei\u00dfen fr\u00fchen Nachmittag konnten wir trotz zweimaligem R\u00fcckstand am Ende den Dreier mit nach Hause nehmen. Diesmal haben wir &hellip; <a href=\"https:\/\/www.djk-erlangen.de\/fussball\/?p=6426\">Weiterlesen <span class=\"meta-nav\">&rarr;<\/span><\/a><\/p>\n","protected":false},"author":7,"featured_media":0,"comment_status":"open","ping_status":"closed","sticky":false,"template":"","format":"standard","meta":{"jetpack_post_was_ever_published":false,"_jetpack_newsletter_access":"","_jetpack_dont_email_post_to_subs":false,"_jetpack_newsletter_tier_id":0,"_jetpack_memberships_contains_paywalled_content":false,"_jetpack_memberships_contains_paid_content":false,"footnotes":"","jetpack_publicize_message":"","jetpack_publicize_feature_enabled":true,"jetpack_social_post_already_shared":false,"jetpack_social_options":{"image_generator_settings":{"template":"highway","default_image_id":0,"font":"","enabled":false},"version":2}},"categories":[10],"tags":[],"class_list":["post-6426","post","type-post","status-publish","format-standard","hentry","category-u13"],"jetpack_publicize_connections":[],"jetpack_featured_media_url":"","jetpack_shortlink":"https:\/\/wp.me\/p2ZUr0-1FE","jetpack_sharing_enabled":true,"_links":{"self":[{"href":"https:\/\/www.djk-erlangen.de\/fussball\/index.php?rest_route=\/wp\/v2\/posts\/6426","targetHints":{"allow":["GET"]}}],"collection":[{"href":"https:\/\/www.djk-erlangen.de\/fussball\/index.php?rest_route=\/wp\/v2\/posts"}],"about":[{"href":"https:\/\/www.djk-erlangen.de\/fussball\/index.php?rest_route=\/wp\/v2\/types\/post"}],"author":[{"embeddable":true,"href":"https:\/\/www.djk-erlangen.de\/fussball\/index.php?rest_route=\/wp\/v2\/users\/7"}],"replies":[{"embeddable":true,"href":"https:\/\/www.djk-erlangen.de\/fussball\/index.php?rest_route=%2Fwp%2Fv2%2Fcomments&post=6426"}],"version-history":[{"count":2,"href":"https:\/\/www.djk-erlangen.de\/fussball\/index.php?rest_route=\/wp\/v2\/posts\/6426\/revisions"}],"predecessor-version":[{"id":6428,"href":"https:\/\/www.djk-erlangen.de\/fussball\/index.php?rest_route=\/wp\/v2\/posts\/6426\/revisions\/6428"}],"wp:attachment":[{"href":"https:\/\/www.djk-erlangen.de\/fussball\/index.php?rest_route=%2Fwp%2Fv2%2Fmedia&parent=6426"}],"wp:term":[{"taxonomy":"category","embeddable":true,"href":"https:\/\/www.djk-erlangen.de\/fussball\/index.php?rest_route=%2Fwp%2Fv2%2Fcategories&post=6426"},{"taxonomy":"post_tag","embeddable":true,"href":"https:\/\/www.djk-erlangen.de\/fussball\/index.php?rest_route=%2Fwp%2Fv2%2Ftags&post=6426"}],"curies":[{"name":"wp","href":"https:\/\/api.w.org\/{rel}","templated":true}]}}