{"id":6325,"date":"2011-05-09T22:34:53","date_gmt":"2011-05-09T20:34:53","guid":{"rendered":"http:\/\/www.djk-erlangen.de\/fussball\/?p=6325"},"modified":"2011-05-23T13:06:11","modified_gmt":"2011-05-23T11:06:11","slug":"arbeitsdienst-7-mai-2011","status":"publish","type":"post","link":"https:\/\/www.djk-erlangen.de\/fussball\/?p=6325","title":{"rendered":"Arbeitsdienst am 7. Mai 2011"},"content":{"rendered":"<p style=\"text-align: justify;\">Vielen Dank an die Helfer f\u00fcr Ihren Arbeitseinsatz am letzten Samstag sowie an Thomas Kurz f\u00fcr seine vorbereitenden Arbeiten.<\/p>\n<p style=\"text-align: justify;\">Der Fu\u00dfballcourt neben den Tennispl\u00e4tzen ist repariert und gereinigt worden.<!--more--><\/p>\n<p style=\"text-align: justify;\">Die Nutzung der Anlage wird in der n\u00e4chsten Jugendleitersitzung besprochen.<\/p>\n<p style=\"text-align: justify;\">F\u00fcr alle, die am letzten Samstag keine Zeit hatten zu helfen,\u00a0 besteht die M\u00f6glichkeit an den n\u00e4chsten Samstagen bei weiteren Aufr\u00e4um- und Instandsetzungsarbeiten zu helfen.<\/p>\n<p style=\"text-align: justify;\">Die Vereinsleitung bittet weiterhin um tatkr\u00e4ftige Unterst\u00fctzung.<\/p>\n<p style=\"text-align: center;\"><a href=\"http:\/\/www.djk-erlangen.de\/fussball\/wp-content\/uploads\/2011\/05\/Arbeitsdienst-07.05.2011.jpg\"><img loading=\"lazy\" decoding=\"async\" class=\"size-full wp-image-6326 aligncenter\" title=\"Arbeitsdienst 07.05.2011\" src=\"http:\/\/www.djk-erlangen.de\/fussball\/wp-content\/uploads\/2011\/05\/Arbeitsdienst-07.05.2011.jpg\" alt=\"\" width=\"317\" height=\"446\" \/><\/a><\/p>\n<p>&nbsp;<\/p>\n","protected":false},"excerpt":{"rendered":"<p>Vielen Dank an die Helfer f\u00fcr Ihren Arbeitseinsatz am letzten Samstag sowie an Thomas Kurz f\u00fcr seine vorbereitenden Arbeiten. Der Fu\u00dfballcourt neben den Tennispl\u00e4tzen ist repariert und gereinigt worden.<\/p>\n","protected":false},"author":9,"featured_media":0,"comment_status":"open","ping_status":"closed","sticky":false,"template":"","format":"standard","meta":{"jetpack_post_was_ever_published":false,"_jetpack_newsletter_access":"","_jetpack_dont_email_post_to_subs":false,"_jetpack_newsletter_tier_id":0,"_jetpack_memberships_contains_paywalled_content":false,"_jetpack_memberships_contains_paid_content":false,"footnotes":"","jetpack_publicize_message":"","jetpack_publicize_feature_enabled":true,"jetpack_social_post_already_shared":false,"jetpack_social_options":{"image_generator_settings":{"template":"highway","default_image_id":0,"font":"","enabled":false},"version":2}},"categories":[1],"tags":[],"class_list":["post-6325","post","type-post","status-publish","format-standard","hentry","category-allgemein"],"jetpack_publicize_connections":[],"jetpack_featured_media_url":"","jetpack_shortlink":"https:\/\/wp.me\/p2ZUr0-1E1","jetpack_sharing_enabled":true,"_links":{"self":[{"href":"https:\/\/www.djk-erlangen.de\/fussball\/index.php?rest_route=\/wp\/v2\/posts\/6325","targetHints":{"allow":["GET"]}}],"collection":[{"href":"https:\/\/www.djk-erlangen.de\/fussball\/index.php?rest_route=\/wp\/v2\/posts"}],"about":[{"href":"https:\/\/www.djk-erlangen.de\/fussball\/index.php?rest_route=\/wp\/v2\/types\/post"}],"author":[{"embeddable":true,"href":"https:\/\/www.djk-erlangen.de\/fussball\/index.php?rest_route=\/wp\/v2\/users\/9"}],"replies":[{"embeddable":true,"href":"https:\/\/www.djk-erlangen.de\/fussball\/index.php?rest_route=%2Fwp%2Fv2%2Fcomments&post=6325"}],"version-history":[{"count":13,"href":"https:\/\/www.djk-erlangen.de\/fussball\/index.php?rest_route=\/wp\/v2\/posts\/6325\/revisions"}],"predecessor-version":[{"id":6431,"href":"https:\/\/www.djk-erlangen.de\/fussball\/index.php?rest_route=\/wp\/v2\/posts\/6325\/revisions\/6431"}],"wp:attachment":[{"href":"https:\/\/www.djk-erlangen.de\/fussball\/index.php?rest_route=%2Fwp%2Fv2%2Fmedia&parent=6325"}],"wp:term":[{"taxonomy":"category","embeddable":true,"href":"https:\/\/www.djk-erlangen.de\/fussball\/index.php?rest_route=%2Fwp%2Fv2%2Fcategories&post=6325"},{"taxonomy":"post_tag","embeddable":true,"href":"https:\/\/www.djk-erlangen.de\/fussball\/index.php?rest_route=%2Fwp%2Fv2%2Ftags&post=6325"}],"curies":[{"name":"wp","href":"https:\/\/api.w.org\/{rel}","templated":true}]}}