{"id":6303,"date":"2011-05-07T18:00:49","date_gmt":"2011-05-07T16:00:49","guid":{"rendered":"http:\/\/www.djk-erlangen.de\/fussball\/?p=6303"},"modified":"2011-05-07T18:02:17","modified_gmt":"2011-05-07T16:02:17","slug":"pflichtprogramm-erfullt","status":"publish","type":"post","link":"https:\/\/www.djk-erlangen.de\/fussball\/?p=6303","title":{"rendered":"Pflichtprogramm erf\u00fcllt"},"content":{"rendered":"<p>Eine sehr stark ver\u00e4nderte Truppe fand am fr\u00fchen Freitag Nachmittag wenn auch \u00fcber Umwege das Sportgel\u00e4nde in H\u00f6chstadt, wo wir beim dortigen TSV gastierten.<!--more-->Am fr\u00fchen Morgen mu\u00dften wir einen erneute Ausfall kompensieren. Unser Abwehrchef Oliver mu\u00dfte krankheitsbedingt passen. Stammkeeper Luis laboriert nachwie vor an einer langfristigen Verletzung und Franz war anderweitig verhindert. Dank einer reibungslosen Kommunikationskette konnten wir kurzfristig 2!!! Leistungstr\u00e4ger aus der F-3 verpflichten. Ein Auff\u00fcllen des Kaders aus der F-2 war leider nicht m\u00f6glich, da diese zeitgleich ein Verbandsspiel bestritten.<\/p>\n<p>Es war schon eine Odysee das Sportgel\u00e4nde zu finden. Geschweige denn die nichtvorhandenen Parkpl\u00e4tze. Eine Umkleidekabine war auch nicht vorhanden. So wurde 5 Minuten vor Spielbeginn entschieden sich auf dem Sportgel\u00e4nde umzuziehen.<\/p>\n<p>Dies sorgte bei den Wiesenwegbuben etwas f\u00fcr Unruhe, da das normale Aufw\u00e4rmprogramm nicht durch gef\u00fchrt werden konnte.<\/p>\n<p>Zum Spielbeginn war man erstmal darauf bedacht sich an das neue System zu gew\u00f6hnen und die Leihgaben der F-3 zu integrieren. Dieser Proze\u00df dauerte ungef\u00e4hr 7 Minuten! Der heute wieder vor Tatendrang strotzende Ben erk\u00e4mpfte sich den Ball in der H\u00e4lfte der Bierkeller-Hauptst\u00e4dter und verwandelte zur umjubelten F\u00fchrung f\u00fcr die Wiesenwegbuben.<\/p>\n<p>Von nun an maschierten wir nur auf das gegnerische Geh\u00e4use. Zahlreiche \u00fcbertriebenen Spielz\u00fcge wurden leider nicht durch einen Erfolg gekr\u00f6nt. Die immer besser harmonierende Achse Ben &#8211; Arijan erarbeiteten sich Torchance um Torchance. Es dauerte bis zur 10. Spielminute ehe der EX Chancentod zur 2:0 F\u00fchrung einnetzen konnte. In der Folgezeit der Begegnung wurde der Gastgeber f\u00f6rmlich in deren H\u00e4lfte eingeschn\u00fcrt, doch zahlreiche Einschu\u00dfm\u00f6glichkeiten aller Beteiligten wurden teilweise kl\u00e4glich vergeben.<\/p>\n<p>In der 13. Spielminute klingelte es erneut im Kasten der Gastgeber. Torsch\u00fctze zum 3:0 war erneut Arijan. Nach dem Ansto\u00df des TSV\u00b4s war man mal nicht auf der H\u00f6he und bei einem der eher seltenen Entlastungsangriffe war unser heutiger Torw\u00e4chter Daniel chancenlos und der Gastgeber verk\u00fcrzte auf 1:3. Mit diesem Ergebnis ging man dann auch in die Pause.<\/p>\n<p>Nach dem Seitenwechsel das gleiche Spiel auf ein Tor. Gef\u00fchlte 14 hundertprozentige!!! Torchancen wurden im zweiten Spielabschnitt durch die Offensivabteilung grob fahrl\u00e4ssig vergeben. So war es erneut Arijan vorbehalten f\u00fcr den Schlu\u00dfpunkt zum 1:4 in dieser recht einseitigen Partie zu sorgen. Letztendlich z\u00e4hlen erst mal die 3 Punkte und somit haben wir unsere Pflichtaufgabe erf\u00fcllt.<\/p>\n<p>Vielen Dank an Peter Andretzky f\u00fcr die spontane Hilfe und die unkomplizierte Abstellung der beiden F-3 Leihgaben Paul und Elias.<\/p>\n<p><span style=\"text-decoration: underline;\"><strong>DJK Aufgebot:<\/strong><\/span><br \/>\nDaniel; Hannes; Lorenz; Paul; Benedikt; Ben; Arijan; Elias<\/p>\n<p><span style=\"text-decoration: underline;\"><strong>Tore:<\/strong><\/span><br \/>\nArijan (3) Ben (1)<\/p>\n<p>&nbsp;<\/p>\n<p>&nbsp;<\/p>\n","protected":false},"excerpt":{"rendered":"<p>Eine sehr stark ver\u00e4nderte Truppe fand am fr\u00fchen Freitag Nachmittag wenn auch \u00fcber Umwege das Sportgel\u00e4nde in H\u00f6chstadt, wo wir beim dortigen TSV gastierten.<\/p>\n","protected":false},"author":32,"featured_media":0,"comment_status":"open","ping_status":"closed","sticky":false,"template":"","format":"standard","meta":{"jetpack_post_was_ever_published":false,"_jetpack_newsletter_access":"","_jetpack_dont_email_post_to_subs":false,"_jetpack_newsletter_tier_id":0,"_jetpack_memberships_contains_paywalled_content":false,"_jetpack_memberships_contains_paid_content":false,"footnotes":"","jetpack_publicize_message":"","jetpack_publicize_feature_enabled":true,"jetpack_social_post_already_shared":false,"jetpack_social_options":{"image_generator_settings":{"template":"highway","default_image_id":0,"font":"","enabled":false},"version":2}},"categories":[1,15],"tags":[],"class_list":["post-6303","post","type-post","status-publish","format-standard","hentry","category-allgemein","category-u9-f1"],"jetpack_publicize_connections":[],"jetpack_featured_media_url":"","jetpack_shortlink":"https:\/\/wp.me\/p2ZUr0-1DF","jetpack_sharing_enabled":true,"_links":{"self":[{"href":"https:\/\/www.djk-erlangen.de\/fussball\/index.php?rest_route=\/wp\/v2\/posts\/6303","targetHints":{"allow":["GET"]}}],"collection":[{"href":"https:\/\/www.djk-erlangen.de\/fussball\/index.php?rest_route=\/wp\/v2\/posts"}],"about":[{"href":"https:\/\/www.djk-erlangen.de\/fussball\/index.php?rest_route=\/wp\/v2\/types\/post"}],"author":[{"embeddable":true,"href":"https:\/\/www.djk-erlangen.de\/fussball\/index.php?rest_route=\/wp\/v2\/users\/32"}],"replies":[{"embeddable":true,"href":"https:\/\/www.djk-erlangen.de\/fussball\/index.php?rest_route=%2Fwp%2Fv2%2Fcomments&post=6303"}],"version-history":[{"count":4,"href":"https:\/\/www.djk-erlangen.de\/fussball\/index.php?rest_route=\/wp\/v2\/posts\/6303\/revisions"}],"predecessor-version":[{"id":6313,"href":"https:\/\/www.djk-erlangen.de\/fussball\/index.php?rest_route=\/wp\/v2\/posts\/6303\/revisions\/6313"}],"wp:attachment":[{"href":"https:\/\/www.djk-erlangen.de\/fussball\/index.php?rest_route=%2Fwp%2Fv2%2Fmedia&parent=6303"}],"wp:term":[{"taxonomy":"category","embeddable":true,"href":"https:\/\/www.djk-erlangen.de\/fussball\/index.php?rest_route=%2Fwp%2Fv2%2Fcategories&post=6303"},{"taxonomy":"post_tag","embeddable":true,"href":"https:\/\/www.djk-erlangen.de\/fussball\/index.php?rest_route=%2Fwp%2Fv2%2Ftags&post=6303"}],"curies":[{"name":"wp","href":"https:\/\/api.w.org\/{rel}","templated":true}]}}